{"id":546200,"date":"2025-11-20T05:41:12","date_gmt":"2025-11-20T05:41:12","guid":{"rendered":"https:\/\/www.europesays.com\/fr\/546200\/"},"modified":"2025-11-20T05:41:12","modified_gmt":"2025-11-20T05:41:12","slug":"le-froid-est-il-vraiment-responsable-de-votre-rhume","status":"publish","type":"post","link":"https:\/\/www.europesays.com\/fr\/546200\/","title":{"rendered":"Le froid est-il vraiment responsable de votre rhume\u00a0?"},"content":{"rendered":"<p>        <img decoding=\"async\" loading=\"lazy\" src=\"https:\/\/www.europesays.com\/fr\/wp-content\/uploads\/2025\/11\/9f56c3d_1658587966297-5c92b11f240000b400c6ec72.jpeg\"  width=\"728\" height=\"364\" alt=\"\u00ab\u00a0L\u2019inhalation d\u2019air froid affaiblit nos d\u00e9fenses immunitaires de lutte contre une infection\u00a0\u00bb, affirme Manuel Rosa-Calatrava.\"\/>  <\/p>\n<p>Getty Images\/OJO Images RF<\/p>\n<p>\u00ab\u00a0L\u2019inhalation d\u2019air froid affaiblit nos d\u00e9fenses immunitaires de lutte contre une infection\u00a0\u00bb, affirme Manuel Rosa-Calatrava.<\/p>\n<p class=\"asset asset-text\">SANT\u00c9 &#8211; Vous avez le nez qui coule ? Les temp\u00e9ratures baissent. Un petit mal \u00e0 la gorge ? C&rsquo;est l&rsquo;hiver qui arrive. Des \u00e9ternuements intempestifs ? Vous auriez mieux fait de mettre un pull ce matin. Bref, comme tous les ans, vous avez pris froid. Mais enfin, est-ce vraiment le froid qui est responsable de ces petits tracas et gros maux de t\u00eate ?<\/p>\n<p class=\"asset asset-text\"><a href=\"https:\/\/www.huffingtonpost.ca\/2014\/01\/06\/cold-weather-sick-_n_4550833.html\" target=\"_blank\" rel=\"noopener nofollow\" title=\"Nouvelle fen\u00eatre\">La r\u00e9ponse est plus compliqu\u00e9e qu&rsquo;elle n&rsquo;y para\u00eet<\/a>. Contre qui se retourner en cas de rhume ? Contre votre corps d&rsquo;abord. Mais si le climat n&rsquo;est pas le suspect N\u00b01 de vos petites faiblesses, il a aussi sa part de responsabilit\u00e9.<\/p>\n<p>       <strong>Plus il fait froid, plus on se rapproche des autres <\/strong>    <\/p>\n<p class=\"asset asset-text\">C&rsquo;est une \u00e9vidence. Quand le temps se rafra\u00eechit, on cherche \u00e0 se prot\u00e9ger du froid. On prend le m\u00e9tro plut\u00f4t que le v\u00e9lo, on se rencontre dans un caf\u00e9 plut\u00f4t que dans un parc, on a\u00e8re moins qu&rsquo;en \u00e9t\u00e9 les espaces confin\u00e9s. R\u00e9sultat, les virus ont tout le loisir de passer d&rsquo;organisme en organisme et de s&rsquo;y d\u00e9velopper en toute qui\u00e9tude. Leur moyen de transport pr\u00e9f\u00e9r\u00e9?<a href=\"http:\/\/www.slate.fr\/story\/67509\/froid-rhume\" target=\"_blank\" rel=\"noopener nofollow\" title=\"Nouvelle fen\u00eatre\"> Les micro gouttelettes produites par vos \u00e9ternuements et votre toux<\/a>, mais aussi les mouchoirs usag\u00e9s que vous laissez tra\u00eener.<\/p>\n<p class=\"asset asset-text\">Ce qu&rsquo;on appelle commun\u00e9ment un rhume ou un refroidissement est le fait d&rsquo;un virus, le rhinovirus, qui provoque principalement une inflammation des voies respiratoires sup\u00e9rieures. \u00ab\u00a0Les environnements confin\u00e9s et peu ou pas ventil\u00e9s concentrent les polluants atmosph\u00e9riques qui sont facteurs d&rsquo;irritation des voies respiratoires sup\u00e9rieures, voire aggravant les risques d&rsquo;infections\u00a0\u00bb, explique Manuel Rosa-Calatrava, <a href=\"http:\/\/www.virpath.com\/\" target=\"_blank\" rel=\"noopener nofollow\" title=\"Nouvelle fen\u00eatre\">directeur adjoint du Laboratoire de Virologie et Pathologie Humaine<\/a> interrog\u00e9 par Le HuffPost. Le meilleur moyen d&rsquo;y rem\u00e9dier ? Se laver les mains d\u00e8s que possible. Une r\u00e8gle qui vaut aussi bien pour les enrhum\u00e9s que pour les autres.<\/p>\n<p>                     <strong>Plus il fait froid, plus notre syst\u00e8me respiratoire est en difficult\u00e9s<\/strong>    <\/p>\n<p class=\"asset asset-text\">Un bon bol d&rsquo;air frais n&rsquo;est pas toujours du go\u00fbt de notre syst\u00e8me respiratoire. L&rsquo;air hivernal dess\u00e8che et refroidit les muqueuses. Les petits cils qui se trouvent sur les parois de ces muqueuses (\u00e0 l&rsquo;int\u00e9rieur du nez), \u00e0 cause du froid, ne jouent plus aussi bien leur r\u00f4le de protection et de r\u00e9tention de la poussi\u00e8re et des agents pathog\u00e8nes. Quand les muqueuses sont irrit\u00e9es, les virus ont cette fois encore le champ libre.<\/p>\n<p class=\"asset asset-text\">Ce n&rsquo;est pas tout. \u00ab\u00a0L&rsquo;inhalation d&rsquo;air froid affaiblit aussi nos d\u00e9fenses immunitaires de lutte contre une infection\u00a0\u00bb, affirme Manuel Rosa-Calatrava. Pour lutter contre le froid, notre corps sort les grands moyens. Il va ainsi op\u00e9rer une <a href=\"http:\/\/fr.wikipedia.org\/wiki\/Vasoconstriction\" target=\"_blank\" rel=\"noopener nofollow\" title=\"Nouvelle fen\u00eatre\">vasoconstriction<\/a>, autrement dit une r\u00e9duction de la taille des vaisseaux sanguins. Ce qui n&rsquo;est pas une mauvaise strat\u00e9gie pour maintenir notre temp\u00e9rature corporelle mais qui pr\u00e9sente un sacr\u00e9 d\u00e9savantage dans la lutte contre les virus. La vasoconstriction a pour effet de diminuer l&rsquo;activit\u00e9 des globules blancs. De quoi laisser le champ libre aux rhinovirus.<\/p>\n<p>    <strong>Plus il fait froid, mieux certains virus se transmettent<\/strong>    <\/p>\n<p class=\"asset asset-text\">Les virus sont thermo-d\u00e9pendants, la temp\u00e9rature de l&rsquo;air influe beaucoup sur leur d\u00e9veloppement et leur survie. Ce facteur n&rsquo;est pas le seul \u00e0 prendre en compte. Mais, par exemple, le taux de transmission des virus influenza (responsables de la grippe) a un lien avec le taux d&rsquo;humidit\u00e9 et la temp\u00e9rature de l&rsquo;air. \u00ab\u00a0Des \u00e9tudes men\u00e9es sur des cochons d&rsquo;Inde sugg\u00e8rent que le virus de la grippe saisonni\u00e8re survit plus longtemps \u00e0 une temp\u00e9rature de 5\u00b0C que 20\u00b0C et notamment quand l&rsquo;humidit\u00e9 absolue est faible, c&rsquo;est-\u00e0-dire par temps froid et sec en hiver dans les zones temp\u00e9r\u00e9es\u00a0\u00bb, avance encore Manuel Rosa-Calatrava.<\/p>\n","protected":false},"excerpt":{"rendered":"Getty Images\/OJO Images RF \u00ab\u00a0L\u2019inhalation d\u2019air froid affaiblit nos d\u00e9fenses immunitaires de lutte contre une infection\u00a0\u00bb, affirme Manuel&hellip;\n","protected":false},"author":2,"featured_media":546201,"comment_status":"","ping_status":"","sticky":false,"template":"","format":"standard","meta":{"footnotes":""},"categories":[10],"tags":[1011,27,3447,72,6736,5656,44232,71],"class_list":{"0":"post-546200","1":"post","2":"type-post","3":"status-publish","4":"format-standard","5":"has-post-thumbnail","7":"category-sante","8":"tag-fr","9":"tag-france","10":"tag-froid","11":"tag-health","12":"tag-hiver","13":"tag-life","14":"tag-rhume","15":"tag-sante"},"share_on_mastodon":{"url":"https:\/\/pubeurope.com\/@fr\/115580429162618359","error":""},"_links":{"self":[{"href":"https:\/\/www.europesays.com\/fr\/wp-json\/wp\/v2\/posts\/546200","targetHints":{"allow":["GET"]}}],"collection":[{"href":"https:\/\/www.europesays.com\/fr\/wp-json\/wp\/v2\/posts"}],"about":[{"href":"https:\/\/www.europesays.com\/fr\/wp-json\/wp\/v2\/types\/post"}],"author":[{"embeddable":true,"href":"https:\/\/www.europesays.com\/fr\/wp-json\/wp\/v2\/users\/2"}],"replies":[{"embeddable":true,"href":"https:\/\/www.europesays.com\/fr\/wp-json\/wp\/v2\/comments?post=546200"}],"version-history":[{"count":0,"href":"https:\/\/www.europesays.com\/fr\/wp-json\/wp\/v2\/posts\/546200\/revisions"}],"wp:featuredmedia":[{"embeddable":true,"href":"https:\/\/www.europesays.com\/fr\/wp-json\/wp\/v2\/media\/546201"}],"wp:attachment":[{"href":"https:\/\/www.europesays.com\/fr\/wp-json\/wp\/v2\/media?parent=546200"}],"wp:term":[{"taxonomy":"category","embeddable":true,"href":"https:\/\/www.europesays.com\/fr\/wp-json\/wp\/v2\/categories?post=546200"},{"taxonomy":"post_tag","embeddable":true,"href":"https:\/\/www.europesays.com\/fr\/wp-json\/wp\/v2\/tags?post=546200"}],"curies":[{"name":"wp","href":"https:\/\/api.w.org\/{rel}","templated":true}]}}