{"id":546209,"date":"2025-11-20T05:46:13","date_gmt":"2025-11-20T05:46:13","guid":{"rendered":"https:\/\/www.europesays.com\/fr\/546209\/"},"modified":"2025-11-20T05:46:13","modified_gmt":"2025-11-20T05:46:13","slug":"des-hommes-armes-sement-la-mort-lors-dune-messe-retransmise-en-direct","status":"publish","type":"post","link":"https:\/\/www.europesays.com\/fr\/546209\/","title":{"rendered":"Des hommes arm\u00e9s s\u00e8ment la mort lors d\u2019une messe retransmise en direct"},"content":{"rendered":"<p>L\u2019horreur en direct. <a href=\"https:\/\/www.20minutes.fr\/monde\/4184698-20251110-nigeria-combats-entre-factions-djihadistes-rivales-font-200-morts\" target=\"_blank\" class=\"c-link c-link--is-underlined\" rel=\"noopener\">Le Nigeria<\/a> est une nouvelle fois endeuill\u00e9 par une violente attaque. Des hommes arm\u00e9s ont tu\u00e9 deux personnes mardi dans une \u00e9glise dans l\u2019ouest du pays, au cours d\u2019une messe retransmise sur les r\u00e9seaux sociaux.<\/p>\n<p>Cette attaque intervient quelques jours seulement apr\u00e8s l\u2019enl\u00e8vement par des hommes arm\u00e9s de <a href=\"https:\/\/www.20minutes.fr\/monde\/4186105-20251117-nigeria-plus-dix-ans-apres-bring-back-our-girls-25-ecolieres-enlevees-gang-arme-jusqu-dents\" target=\"_blank\" class=\"c-link c-link--is-underlined\" rel=\"noopener\">25 lyc\u00e9ennes dans l\u2019\u00e9cole pour filles de Maga<\/a>, un internat de l\u2019Etat de Kebbi, dans le nord-ouest du pays, au cours de la nuit de dimanche \u00e0 lundi. Une des jeunes filles est parvenue \u00e0 s\u2019\u00e9chapper. On ignore pour l\u2019heure l\u2019identit\u00e9 des assaillants, djihadistes ou simples bandits.<\/p>\n<p>Des cris d\u2019enfants durant l\u2019attaque<\/p>\n<p>Mardi vers 18 heures, plusieurs hommes arm\u00e9s ont fait irruption dans la petite \u00e9glise d\u2019Eruku, situ\u00e9e dans l\u2019Etat de Kwara, interrompant les fid\u00e8les venus prier. L\u2019attaque a \u00e9t\u00e9 film\u00e9e par une cam\u00e9ra de l\u2019\u00e9glise qui enregistrait la messe. La vid\u00e9o, qui a suscit\u00e9 une vive \u00e9motion sur les r\u00e9seaux sociaux, montre une vingtaine de fid\u00e8les interrompant leurs pri\u00e8res au son de d\u00e9tonations d\u2019armes \u00e0 feu provenant de l\u2019ext\u00e9rieur de l\u2019\u00e9glise. Des cris d\u2019enfants y sont entendus.<\/p>\n<\/p>\n<p>Puis on voit un homme arm\u00e9 chassant les fid\u00e8les cach\u00e9s derri\u00e8re des rideaux et des meubles de l\u2019\u00e9glise tandis que plusieurs autres d\u00e9robent les sacs et les effets personnels abandonn\u00e9s sur les bancs, pendant que les tirs se poursuivent.<\/p>\n<p>Les accusations de Donald Trump<\/p>\n<p>\u00ab\u00a0Les policiers, en collaboration avec des vigiles, ont rapidement r\u00e9agi aux coups de feu provenant de la p\u00e9riph\u00e9rie de la ville, ce qui a pouss\u00e9 les malfaiteurs \u00e0 s\u2019enfuir dans la brousse\u00a0\u00bb, a expliqu\u00e9 la police de l\u2019Etat de Kwara. \u00ab\u00a0Apr\u00e8s une fouille minutieuse de la zone, un homme, M.\u00a0Aderemi, a \u00e9t\u00e9 d\u00e9couvert mortellement bless\u00e9 par balle \u00e0 l\u2019int\u00e9rieur de l\u2019\u00e9glise apostolique du Christ, \u00e0 Oke Isegun, tandis qu\u2019un autre homme, M.\u00a0Tunde Asaba Ajayi, victime d\u2019un tir mortel, a \u00e9t\u00e9 retrouv\u00e9 dans la brousse\u00a0\u00bb, a d\u00e9taill\u00e9 la police, ajoutant qu\u2019un troisi\u00e8me homme avait \u00e9t\u00e9 bless\u00e9 par balle et transport\u00e9 \u00e0 l\u2019h\u00f4pital.<\/p>\n<p><a href=\"https:\/\/www.20minutes.fr\/monde\/nigeria\/\" target=\"_blank\" class=\"c-link c-btn c-btn--primary\" rel=\"noopener\">Nos articles sur le Nigeria<\/a><\/p>\n<p>Michael Agbabiaka, 62 ans, secr\u00e9taire de cette \u00e9glise fait quant \u00e0 lui \u00e9tat de \u00ab\u00a0trois morts\u00a0\u00bb, \u00ab\u00a0un bless\u00e9\u00a0\u00bb, mais aussi de \u00ab\u00a035\u00a0\u00bb personnes \u00ab\u00a0enlev\u00e9es\u00a0\u00bb par les assaillants. Un bilan qui n\u2019a pas pu \u00eatre v\u00e9rifi\u00e9.<\/p>\n<p>Suite aux r\u00e9centes attaques dans le pays en l\u2019espace de quelques jours, \u00ab\u00a0le pr\u00e9sident (Bola) Tinubu a plac\u00e9 les forces de s\u00e9curit\u00e9 de notre pays en \u00e9tat d\u2019alerte maximale\u00a0\u00bb, a pour sa part d\u00e9clar\u00e9 le ministre de l\u2019Information et de l\u2019Orientation nationale, Mohammed Idris, lors d\u2019un point presse \u00e0 Abuja mercredi. Ces \u00e9v\u00e9nements ont eu lieu alors que le pr\u00e9sident am\u00e9ricain <a href=\"https:\/\/www.20minutes.fr\/monde\/etats-unis\/4183081-20251103-etats-unis-donald-trump-reitere-menaces-intervenir-militairement-nigeria\" target=\"_blank\" class=\"c-link c-link--is-underlined\" rel=\"noopener\">Donald Trump menace d\u2019intervenir militairement au Nigeria<\/a> en raison d\u2019all\u00e9gations selon lesquelles les chr\u00e9tiens du pays seraient massacr\u00e9s. Cette rh\u00e9torique, contredite par le pouvoir en place \u00e0 Abuja, est pouss\u00e9e \u00e0 Washington par des \u00e9lus conservateurs, ainsi que des associations de d\u00e9fense des chr\u00e9tiens.<\/p>\n","protected":false},"excerpt":{"rendered":"L\u2019horreur en direct. Le Nigeria est une nouvelle fois endeuill\u00e9 par une violente attaque. Des hommes arm\u00e9s ont&hellip;\n","protected":false},"author":2,"featured_media":546210,"comment_status":"","ping_status":"","sticky":false,"template":"","format":"standard","meta":{"footnotes":""},"categories":[5],"tags":[47,11,14630,75,12336,1011,27,14,74,12,4778,133,809,28],"class_list":{"0":"post-546209","1":"post","2":"type-post","3":"status-publish","4":"format-standard","5":"has-post-thumbnail","7":"category-international","8":"tag-actualite","9":"tag-actualites","10":"tag-djihadisme","11":"tag-donald-trump","12":"tag-eglise","13":"tag-fr","14":"tag-france","15":"tag-international","16":"tag-monde","17":"tag-news","18":"tag-nigeria","19":"tag-video","20":"tag-violence","21":"tag-world"},"share_on_mastodon":{"url":"https:\/\/pubeurope.com\/@fr\/115580448772288150","error":""},"_links":{"self":[{"href":"https:\/\/www.europesays.com\/fr\/wp-json\/wp\/v2\/posts\/546209","targetHints":{"allow":["GET"]}}],"collection":[{"href":"https:\/\/www.europesays.com\/fr\/wp-json\/wp\/v2\/posts"}],"about":[{"href":"https:\/\/www.europesays.com\/fr\/wp-json\/wp\/v2\/types\/post"}],"author":[{"embeddable":true,"href":"https:\/\/www.europesays.com\/fr\/wp-json\/wp\/v2\/users\/2"}],"replies":[{"embeddable":true,"href":"https:\/\/www.europesays.com\/fr\/wp-json\/wp\/v2\/comments?post=546209"}],"version-history":[{"count":0,"href":"https:\/\/www.europesays.com\/fr\/wp-json\/wp\/v2\/posts\/546209\/revisions"}],"wp:featuredmedia":[{"embeddable":true,"href":"https:\/\/www.europesays.com\/fr\/wp-json\/wp\/v2\/media\/546210"}],"wp:attachment":[{"href":"https:\/\/www.europesays.com\/fr\/wp-json\/wp\/v2\/media?parent=546209"}],"wp:term":[{"taxonomy":"category","embeddable":true,"href":"https:\/\/www.europesays.com\/fr\/wp-json\/wp\/v2\/categories?post=546209"},{"taxonomy":"post_tag","embeddable":true,"href":"https:\/\/www.europesays.com\/fr\/wp-json\/wp\/v2\/tags?post=546209"}],"curies":[{"name":"wp","href":"https:\/\/api.w.org\/{rel}","templated":true}]}}