{"id":546215,"date":"2025-11-20T05:49:13","date_gmt":"2025-11-20T05:49:13","guid":{"rendered":"https:\/\/www.europesays.com\/fr\/546215\/"},"modified":"2025-11-20T05:49:13","modified_gmt":"2025-11-20T05:49:13","slug":"la-stupefiante-saisie-de-cannabis-a-unieux-fait-reagir-les-habitants","status":"publish","type":"post","link":"https:\/\/www.europesays.com\/fr\/546215\/","title":{"rendered":"la stup\u00e9fiante saisie de cannabis \u00e0\u00a0Unieux fait r\u00e9agir les habitants"},"content":{"rendered":"<p>\u00c0 Unieux, tout le monde n\u2019a pas entendu parler de la stup\u00e9fiante saisie de cannabis survenue il y a un mois et r\u00e9v\u00e9l\u00e9e par Le Progr\u00e8s la semaine derni\u00e8re. Ce mardi 18\u00a0novembre sept jours apr\u00e8s l\u2019annonce, beaucoup ignoraient la nouvelle. Riverains du box vis\u00e9, habitants d\u2019autres quartiers, commer\u00e7ants, un bon nombre d\u2019Unieutaires apprennent encore que 478 kilogrammes de cannabis ont \u00e9t\u00e9 saisis.<\/p>\n<p>\u00ab\u00a0Je crois savoir o\u00f9 c\u2019est\u00a0\u00bb, tente une jeune femme, ciblant un local de la rue Holtzer comme cible de la perquisition. Perdu. Elle a \u00e9t\u00e9 men\u00e9e dans un immeuble situ\u00e9 non loin, pr\u00e8s d\u2019une \u00e9cole et d\u2019un commerce bien connu situ\u00e9 en bordure de la rue Charles-de-Gaulle qui longe le centre-ville et relie Dorian au Pertuiset.<\/p>\n<p>La drogue pas \u00e9coul\u00e9e localement<\/p>\n<p>Le 20\u00a0octobre au&#8230;<\/p>\n","protected":false},"excerpt":{"rendered":"\u00c0 Unieux, tout le monde n\u2019a pas entendu parler de la stup\u00e9fiante saisie de cannabis survenue il y&hellip;\n","protected":false},"author":2,"featured_media":546216,"comment_status":"","ping_status":"","sticky":false,"template":"","format":"standard","meta":{"footnotes":""},"categories":[9653],"tags":[1111,11,2430,271,272,7539,1777,674,274,107,1011,27,3367,12,25,4001,14024,14025],"class_list":{"0":"post-546215","1":"post","2":"type-post","3":"status-publish","4":"format-standard","5":"has-post-thumbnail","7":"category-saint-etienne","8":"tag-actu","9":"tag-actualites","10":"tag-auvergne-rhone-alpes","11":"tag-crime","12":"tag-delit-et-contravention","13":"tag-edition-loire-sud","14":"tag-eu","15":"tag-europe","16":"tag-faits-divers-justice","17":"tag-fil-info","18":"tag-fr","19":"tag-france","20":"tag-loire","21":"tag-news","22":"tag-republique-francaise","23":"tag-saint-etienne","24":"tag-unieux","25":"tag-unieux-bassin"},"share_on_mastodon":{"url":"https:\/\/pubeurope.com\/@fr\/115580460327029000","error":""},"_links":{"self":[{"href":"https:\/\/www.europesays.com\/fr\/wp-json\/wp\/v2\/posts\/546215","targetHints":{"allow":["GET"]}}],"collection":[{"href":"https:\/\/www.europesays.com\/fr\/wp-json\/wp\/v2\/posts"}],"about":[{"href":"https:\/\/www.europesays.com\/fr\/wp-json\/wp\/v2\/types\/post"}],"author":[{"embeddable":true,"href":"https:\/\/www.europesays.com\/fr\/wp-json\/wp\/v2\/users\/2"}],"replies":[{"embeddable":true,"href":"https:\/\/www.europesays.com\/fr\/wp-json\/wp\/v2\/comments?post=546215"}],"version-history":[{"count":0,"href":"https:\/\/www.europesays.com\/fr\/wp-json\/wp\/v2\/posts\/546215\/revisions"}],"wp:featuredmedia":[{"embeddable":true,"href":"https:\/\/www.europesays.com\/fr\/wp-json\/wp\/v2\/media\/546216"}],"wp:attachment":[{"href":"https:\/\/www.europesays.com\/fr\/wp-json\/wp\/v2\/media?parent=546215"}],"wp:term":[{"taxonomy":"category","embeddable":true,"href":"https:\/\/www.europesays.com\/fr\/wp-json\/wp\/v2\/categories?post=546215"},{"taxonomy":"post_tag","embeddable":true,"href":"https:\/\/www.europesays.com\/fr\/wp-json\/wp\/v2\/tags?post=546215"}],"curies":[{"name":"wp","href":"https:\/\/api.w.org\/{rel}","templated":true}]}}