{"id":546217,"date":"2025-11-20T05:50:27","date_gmt":"2025-11-20T05:50:27","guid":{"rendered":"https:\/\/www.europesays.com\/fr\/546217\/"},"modified":"2025-11-20T05:50:27","modified_gmt":"2025-11-20T05:50:27","slug":"cette-affaire-a-jete-un-voile-sur-ce-que-lequipe-municipale-a-fait-de-bien","status":"publish","type":"post","link":"https:\/\/www.europesays.com\/fr\/546217\/","title":{"rendered":"\u00ab\u00a0Cette affaire a jet\u00e9 un voile sur ce que l\u2019\u00e9quipe municipale a fait de bien\u00a0\u00bb"},"content":{"rendered":"<blockquote class=\"question\"><p>Depuis 2022, l\u2019affaire du chantage n\u2019a pas \u00e9t\u00e9 sans cons\u00e9quences, notamment sur la composition de votre \u00e9quipe. Vous avez perdu des adjoints de longue date, des personnes d\u2019exp\u00e9rience. Cela a eu un impact sur le d\u00e9roulement du plan de mandat\u00a0?<\/p><\/blockquote>\n<p>\u00ab\u00a0C&rsquo;\u00e9tait un coup dur, mais plut\u00f4t sur le plan affectif et personnel, que sur le plan politique. Dire que cette affaire n\u2019a eu aucune cons\u00e9quence serait inexact. En revanche, gr\u00e2ce au travail des uns et des autres, les \u00e9lus qui sont partis, qui sont rest\u00e9s, ou les services, on a r\u00e9ussi \u00e0 accomplir le plan de mandat tel qu\u2019il \u00e9tait pr\u00e9vu, m\u00eame parfois au-del\u00e0, dans un contexte o\u00f9 l\u2019affaire judiciaire n\u2019a pas \u00e9t\u00e9 le seul obstacle qu\u2019on a trouv\u00e9 sur le chemin.<\/p>\n<p>Parce qu\u2019avant de commencer le mandat, le Covid a \u00e9t\u00e9 une p\u00e9riode tr\u00e8s \u00e9prouvante. On a fini par l\u2019oublier, mais on ne savait pas ce que c\u2019\u00e9tait, combien \u00e7a durerait, les d\u00e9cisions qu\u2019il fallait prendre. C\u2019est vrai pour toutes les mairies, \u00e7a nous a fait perdre un an dans la mise en \u0153uvre de nos&#8230;<\/p>\n","protected":false},"excerpt":{"rendered":"Depuis 2022, l\u2019affaire du chantage n\u2019a pas \u00e9t\u00e9 sans cons\u00e9quences, notamment sur la composition de votre \u00e9quipe. Vous&hellip;\n","protected":false},"author":2,"featured_media":546218,"comment_status":"","ping_status":"","sticky":false,"template":"","format":"standard","meta":{"footnotes":""},"categories":[9653],"tags":[1111,11,42797,2430,1984,7539,1777,674,107,1011,27,3367,12,316,25,4001,7538,10806],"class_list":{"0":"post-546217","1":"post","2":"type-post","3":"status-publish","4":"format-standard","5":"has-post-thumbnail","7":"category-saint-etienne","8":"tag-actu","9":"tag-actualites","10":"tag-affaire-perdriau","11":"tag-auvergne-rhone-alpes","12":"tag-conseil-municipal","13":"tag-edition-loire-sud","14":"tag-eu","15":"tag-europe","16":"tag-fil-info","17":"tag-fr","18":"tag-france","19":"tag-loire","20":"tag-news","21":"tag-politique","22":"tag-republique-francaise","23":"tag-saint-etienne","24":"tag-saint-etienne-ville","25":"tag-selection-de-la-redaction-42"},"share_on_mastodon":{"url":"https:\/\/pubeurope.com\/@fr\/115580464246431937","error":""},"_links":{"self":[{"href":"https:\/\/www.europesays.com\/fr\/wp-json\/wp\/v2\/posts\/546217","targetHints":{"allow":["GET"]}}],"collection":[{"href":"https:\/\/www.europesays.com\/fr\/wp-json\/wp\/v2\/posts"}],"about":[{"href":"https:\/\/www.europesays.com\/fr\/wp-json\/wp\/v2\/types\/post"}],"author":[{"embeddable":true,"href":"https:\/\/www.europesays.com\/fr\/wp-json\/wp\/v2\/users\/2"}],"replies":[{"embeddable":true,"href":"https:\/\/www.europesays.com\/fr\/wp-json\/wp\/v2\/comments?post=546217"}],"version-history":[{"count":0,"href":"https:\/\/www.europesays.com\/fr\/wp-json\/wp\/v2\/posts\/546217\/revisions"}],"wp:featuredmedia":[{"embeddable":true,"href":"https:\/\/www.europesays.com\/fr\/wp-json\/wp\/v2\/media\/546218"}],"wp:attachment":[{"href":"https:\/\/www.europesays.com\/fr\/wp-json\/wp\/v2\/media?parent=546217"}],"wp:term":[{"taxonomy":"category","embeddable":true,"href":"https:\/\/www.europesays.com\/fr\/wp-json\/wp\/v2\/categories?post=546217"},{"taxonomy":"post_tag","embeddable":true,"href":"https:\/\/www.europesays.com\/fr\/wp-json\/wp\/v2\/tags?post=546217"}],"curies":[{"name":"wp","href":"https:\/\/api.w.org\/{rel}","templated":true}]}}