{"id":546221,"date":"2025-11-20T05:52:17","date_gmt":"2025-11-20T05:52:17","guid":{"rendered":"https:\/\/www.europesays.com\/fr\/546221\/"},"modified":"2025-11-20T05:52:17","modified_gmt":"2025-11-20T05:52:17","slug":"nancy-entre-gastronomie-et-travaux-de-batiment-la-double-vie-du-directeur-de-la-brasserie-excelsior","status":"publish","type":"post","link":"https:\/\/www.europesays.com\/fr\/546221\/","title":{"rendered":"Nancy. Entre gastronomie et travaux de b\u00e2timent, la double vie du directeur de la brasserie Excelsior"},"content":{"rendered":"<p>C\u2019est ce qui s\u2019appelle une surprise.<\/p>\n<p>\u00c0 la ville, Eric G\u00e9rard, 59 ans, est le directeur de <a href=\"https:\/\/www.estrepublicain.fr\/magazine-tourisme-et-patrimoine\/2024\/03\/17\/dans-les-coulisses-de-l-excelsior-a-nancy-une-brasserie-art-nouveau-plus-que-centenaire\" target=\"_blank\" rel=\"noopener\">la\u00a0c\u00e9l\u00e8bre brasserie art d\u00e9co Excelsior, \u00e9tablissement fi\u00e8rement post\u00e9 \u00e0 deux pas de la gare de Nancy.<\/a><\/p>\n<p>Cheveux courts, costumes et chemises blanches toujours impeccables, il veille, depuis 2013, \u00e0 la bonne tenue de la maison remarquable de la gastronomie nanc\u00e9ienne.<\/p>\n<p>Son sourire et sa rigueur sont connus\u00a0: il n\u2019en faut pas moins pour accueillir les dizaines de personnalit\u00e9s politiques, \u00e9conomiques et culturelles qui se pressent chez lui tous les ans, et g\u00e9rer 90 employ\u00e9s et un chiffre d\u2019affaires annuel entre 8 et 9\u00a0millions d\u2019\u20ac.<\/p>\n<p>  Restauration et travaux manuels<\/p>\n<p>Mais une fois sorti du restaurant, c\u2019est un autre homme qui se d\u00e9voile.<\/p>\n<p><a href=\"https:\/\/www.estrepublicain.fr\/economie\/2024\/01\/23\/eric-gerard-directeur-de-l-excelsior-donner-et-faire-confiance\" target=\"_blank\" rel=\"noopener\">\u00c0 la campagne, Eric G\u00e9rard est un grand passionn\u00e9 d\u2019artisanat,<\/a> de travaux domestiques, de travail sur le bois\u2026<\/p>\n<p>En vue de sa future retraite, qu\u2019il envisage de prendre \u00e0 la fin de l\u2019ann\u00e9e 2026, le responsable a cr\u00e9\u00e9, cette ann\u00e9e, une entreprise locale \u00e0 Nancy baptis\u00e9e \u00ab\u00a0Des vis et des clous\u00a0\u00bb, soci\u00e9t\u00e9 sp\u00e9cialis\u00e9e dans la r\u00e9novation, les travaux multiservices, l\u2019a\u00e9rogommage\u2026 Car pour lui, il n\u2019y a pas que la comptabilit\u00e9 et les menus dans la vie, il y a aussi le travail manuel.<\/p>\n<p>Sa nouvelle petite affaire d\u00e9marre doucement, mais s\u00fbrement. R\u00e9cemment, il \u00e9tait en train de restaurer la fontaine de la commune de <a href=\"https:\/\/www.estrepublicain.fr\/recherche?q=Pulligny&amp;x=0&amp;y=0&amp;x=1&amp;y=1\" target=\"_blank\" rel=\"noopener\">Pulligny<\/a> , dans le Saintois. \u00ab\u00a0Un bonheur\u00a0\u00bb, confie-t-il ce samedi 15\u00a0novembre.<\/p>\n<p>  \u00ab \u00c9viter la routine \u00bb<\/p>\n<p>D\u2019o\u00f9 vient cette passion\u00a0? \u00ab\u00a0De mon grand-p\u00e8re et de mon p\u00e8re\u00a0\u00bb, dit-il. Enfant, il a grandi \u00e0 <a href=\"https:\/\/www.estrepublicain.fr\/recherche?q=Dom%C3%A8vre-sur-Vezouze&amp;r=&amp;zr=&amp;page=1&amp;x=0&amp;y=0\" target=\"_blank\" rel=\"noopener\">Dom\u00e8vre-sur-Vezouze<\/a> , village de 300 \u00e2mes situ\u00e9 dans le Lun\u00e9villois, \u00e0 60\u00a0km de Nancy. \u00ab\u00a0Mes a\u00efeuls \u00e9taient artisans, charpentiers, couvreurs\u2026 Quand j\u2019\u00e9tais petit, j\u2019allais aider. Un de mes fr\u00e8res avait repris l\u2019entreprise de papa. Je donnais un coup de main au d\u00e9but. J\u2019ai trouv\u00e9 cela dur physiquement un moment, c\u2019est pourquoi je me suis orient\u00e9 vers la restauration. Mais cela m\u2019a toujours plu en fait. Comme j\u2019aime le contact avec les gens et \u00e7a, je me dis que plus tard j\u2019en ferai quelque chose\u00a0\u00bb, explique Eric G\u00e9rard.<\/p>\n<p>Ce contenu est bloqu\u00e9 car vous n&rsquo;avez pas accept\u00e9 les cookies et autres traceurs.<\/p>\n<p>En cliquant sur \u00ab J\u2019accepte \u00bb, les cookies et autres traceurs seront d\u00e9pos\u00e9s et vous pourrez visualiser les contenus  (<a href=\"\" class=\"consentModule_policy\" target=\"_blank\" title=\"Consulter la politique de protection des donn\u00e9es du fournisseur\">plus d&rsquo;informations<\/a>).<\/p>\n<p>En cliquant sur \u00ab J\u2019accepte tous les cookies \u00bb, vous autorisez des d\u00e9p\u00f4ts de cookies et autres traceurs pour le stockage de vos donn\u00e9es sur nos sites et applications \u00e0 des fins de personnalisation et de ciblage publicitaire.<\/p>\n<p class=\"consentModule_secondaryText\">Vous gardez la possibilit\u00e9 de retirer votre consentement \u00e0 tout moment en consultant notre <a href=\"https:\/\/www.estrepublicain.fr\/protection-des-donnees\" target=\"_blank\" title=\"Consulter notre politique de protection des donn\u00e9es\" rel=\"noopener\">politique de protection des donn\u00e9es<\/a>. <br \/>&#13;<br \/>\n            <a href=\"https:\/\/www.estrepublicain.fr\/economie\/2025\/11\/20\/javascript:Didomi.notice.show()\" class=\"consentModule_cmp\" target=\"_blank\" rel=\"noopener\">G\u00e9rer mes choix<\/a>&#13;\n        <\/p>\n<p>&#13;<br \/>\n                        J&rsquo;accepte&#13;<br \/>\n            J&rsquo;accepte tous les cookies&#13;\n        <\/p>\n<p> Eric G\u00e9rard est, comme il se d\u00e9finit lui-m\u00eame, un \u00ab\u00a0slasheur\u00a0\u00bb, une personne qui a plusieurs activit\u00e9s, et qui touche \u00e0 tout\u00a0: \u00ab\u00a0Nous sommes quatre millions de slasheurs actuellement en France. Moi je suis comme \u00e7a, car je veux \u00e9viter la routine. Et selon moi, c\u2019est important de savoir \u00eatre polyvalent. Je vois, \u00e0 <a href=\"https:\/\/www.estrepublicain.fr\/insolite\/2023\/06\/02\/la-restauration-de-la-fresque-de-l-excelsior-est-terminee\" target=\"_blank\" rel=\"noopener\">l\u2019Excelsior<\/a> , nous avons des tas de talents comme \u00e7a. Et pr\u00e8s de mon village, il y a encore des anciens qui sont comme \u00e7a, et qui ont des choses \u00e0 transmettre\u2026\u00a0\u00bb <\/p>\n<p>Parfois, le mot \u00ab\u00a0retraite\u00a0\u00bb ne convient pas \u00e0 tout le monde\u2026<\/p>\n","protected":false},"excerpt":{"rendered":"C\u2019est ce qui s\u2019appelle une surprise. \u00c0 la ville, Eric G\u00e9rard, 59 ans, est le directeur de la\u00a0c\u00e9l\u00e8bre&hellip;\n","protected":false},"author":2,"featured_media":546222,"comment_status":"","ping_status":"","sticky":false,"template":"","format":"standard","meta":{"footnotes":""},"categories":[9635],"tags":[1111,11,4749,4406,33,1707,1704,1706,1705,1777,674,1011,27,775,937,1702,1703,12,25,104,216],"class_list":{"0":"post-546221","1":"post","2":"type-post","3":"status-publish","4":"format-standard","5":"has-post-thumbnail","7":"category-nancy","8":"tag-actu","9":"tag-actualites","10":"tag-btp-et-chantiers","11":"tag-commerce-et-services","12":"tag-economie","13":"tag-edition-luneville","14":"tag-edition-nancy-et-agglomeration","15":"tag-edition-pont-a-mousson","16":"tag-edition-toul","17":"tag-eu","18":"tag-europe","19":"tag-fr","20":"tag-france","21":"tag-grand-est","22":"tag-histoire","23":"tag-nancy","24":"tag-nancy-ville-54b","25":"tag-news","26":"tag-republique-francaise","27":"tag-societe","28":"tag-vie-des-entreprises"},"share_on_mastodon":{"url":"https:\/\/pubeurope.com\/@fr\/115580472168818220","error":""},"_links":{"self":[{"href":"https:\/\/www.europesays.com\/fr\/wp-json\/wp\/v2\/posts\/546221","targetHints":{"allow":["GET"]}}],"collection":[{"href":"https:\/\/www.europesays.com\/fr\/wp-json\/wp\/v2\/posts"}],"about":[{"href":"https:\/\/www.europesays.com\/fr\/wp-json\/wp\/v2\/types\/post"}],"author":[{"embeddable":true,"href":"https:\/\/www.europesays.com\/fr\/wp-json\/wp\/v2\/users\/2"}],"replies":[{"embeddable":true,"href":"https:\/\/www.europesays.com\/fr\/wp-json\/wp\/v2\/comments?post=546221"}],"version-history":[{"count":0,"href":"https:\/\/www.europesays.com\/fr\/wp-json\/wp\/v2\/posts\/546221\/revisions"}],"wp:featuredmedia":[{"embeddable":true,"href":"https:\/\/www.europesays.com\/fr\/wp-json\/wp\/v2\/media\/546222"}],"wp:attachment":[{"href":"https:\/\/www.europesays.com\/fr\/wp-json\/wp\/v2\/media?parent=546221"}],"wp:term":[{"taxonomy":"category","embeddable":true,"href":"https:\/\/www.europesays.com\/fr\/wp-json\/wp\/v2\/categories?post=546221"},{"taxonomy":"post_tag","embeddable":true,"href":"https:\/\/www.europesays.com\/fr\/wp-json\/wp\/v2\/tags?post=546221"}],"curies":[{"name":"wp","href":"https:\/\/api.w.org\/{rel}","templated":true}]}}