{"id":546227,"date":"2025-11-20T05:55:11","date_gmt":"2025-11-20T05:55:11","guid":{"rendered":"https:\/\/www.europesays.com\/fr\/546227\/"},"modified":"2025-11-20T05:55:11","modified_gmt":"2025-11-20T05:55:11","slug":"de-montpellier-a-lhimalaya-lexploit-dune-interne-en-medecine","status":"publish","type":"post","link":"https:\/\/www.europesays.com\/fr\/546227\/","title":{"rendered":"de Montpellier \u00e0 l&rsquo;Himalaya, l&rsquo;exploit d&rsquo;une interne en m\u00e9decine"},"content":{"rendered":"<p>                    Par<br \/>\n        <strong><br \/>\n            <a href=\"https:\/\/actu.fr\/auteur\/jm-aubert\" title=\"Consulter tous les articles de Jean-Marc Aubert\" target=\"_blank\" rel=\"noopener\">Jean-Marc Aubert<\/a><br \/>\n                    <\/strong><\/p>\n<p>        Publi\u00e9 le<\/p>\n<p>            20 nov. 2025 \u00e0 6h16        <\/p>\n<p>Un <strong>d\u00e9fi sportif<\/strong>, mais \u00e9galement une <strong>aventure humaine solidaire<\/strong> : interne en m\u00e9decine dans une clinique \u00e0\u00a0<strong>Montpellier<\/strong>, C\u00e9cile Garcia-Cabrol a r\u00e9ussi l\u2019ascension du Manaslu qui culmine \u00e0 8 163m, au coeur de l\u2019Himalaya, au N\u00e9pal. Un\u00a0engagement pour sensibiliser au don de moelle osseuse avec l\u2019association <strong>1KmPourLaVie<\/strong>, bas\u00e9e \u00e0 Montpellier. \u00ab\u00a0En plus du d\u00e9fi, j\u2019ai fait cette ascension pour des valeurs de d\u00e9passement de soi et de g\u00e9n\u00e9rosit\u00e9\u00a0\u00bb, explique\u00a0C\u00e9cile\u00a0Garcia-Cabriol.<\/p>\n<p class=\" wall-content\">Apre\u0300s quatre semaines d\u2019expe\u0301dition au Ne\u0301pal, elle a atteint la cime du Manaslu, le huitie\u0300me plus haut sommet du monde. Une ascension marque\u0301e par la de\u0301termination, la solidarite\u0301 et l\u2019endurance : un mois d\u2019acclimatation, deux rotations entre les camps, puis plusieurs jours d\u2019ascension finale jusqu\u2019au sommet, sous un ciel d\u2019un bleu limpide et un lever de soleil a\u0300 couper le souffle.<\/p>\n<p>La question du don d\u2019organes<\/p>\n<p class=\" wall-content\">Un sacr\u00e9 exploit pour C\u00e9cile Garcia-Cabrol, au sommet de sa forme : interne en me\u0301decine, spe\u0301cialise\u0301e en anesthe\u0301sie-re\u0301animation, elle soigne au quotidien des patients en insuffisance terminale d\u2019organes, en attente de greffe. Elle accompagne e\u0301galement les familles confronte\u0301es a\u0300 la question du don d\u2019organes, apre\u0300s la mort ence\u0301phalique d\u2019un proche. Elle a mene\u0301 un projet de recherche en laboratoire sur les cellules souches he\u0301matopoi\u0308e\u0301tiques (moelle osseuse) en Sue\u0300de.<\/p>\n<p class=\" wall-content\">Ambassadrice de <a href=\"https:\/\/www.facebook.com\/profile.php?id=100090634920971&amp;sk=about\" target=\"_blank\" rel=\"noopener\">1KmPourLaVie<\/a>, Ce\u0301cile s\u2019engage a\u0300 faire connai\u0302tre le don d\u2019organes et de moelle osseuse a\u0300 travers un message positif, sportif et fe\u0301de\u0301rateur. Passionne\u0301e de montagne, elle porte les couleurs du don de vie sur les plus hauts sommets du monde. \u00ab\u00a0Au-dela\u0300 de la performance sportive, cette expe\u0301dition portait un message fort : sensibiliser au don de moelle osseuse, un geste essentiel pour sauver la vie d\u2019enfants atteints de leuce\u0301mie\u00a0\u00bb, confirme C\u00e9cile Garcia-Cabrol.<\/p>\n<p class=\" wall-content\">Durant ces quatre semaines de \u201cSeptembre en or\u201d, l\u2019association 1KmPourLaVie a mene\u0301 une campagne de sensibilisation en partenariat avec le CHU de Montpellier et relaye\u0301e sur les re\u0301seaux sociaux.\u00a0Au Ne\u0301pal, Ce\u0301cile Garcia-Cabrol a e\u0301galement distribue\u0301 du mate\u0301riel scolaire dans plusieurs e\u0301coles avec l\u2019association Bikram Ne\u0301pal Solidarite\u0301, gra\u0302ce au me\u0301ce\u0301nat d\u2019Altrad Solidarity.<\/p>\n<p>Vid\u00e9os : en ce moment sur Actu<\/p>\n<p class=\" wall-content\">Il faut savoir que<strong> 2 000 patients sont en attente d\u2019une greffe<\/strong> en France chaque anne\u0301e et qu\u2019il; existe 1 chance sur 1 million de trouver un donneur compatible. Si vous d\u00e9sirez faire un don, l\u2019inscription simple et rapide, c\u2019est <a href=\"http:\/\/dondemoelleosseuse.fr\" target=\"_blank\" rel=\"noopener\">ici<\/a>\u00a0Le don n\u2019est re\u0301alise\u0301 que si un malade compatible est en attente. 90 % des dons sont effectue\u0301s par simple pre\u0301le\u0300vement sanguin<\/p>\n<p>Votre r\u00e9gion, votre actu !<\/p>\n<p>Recevez chaque jour les infos qui comptent pour vous.<\/p>\n<p>\t<a href=\"https:\/\/actu.fr\/newsletter\" class=\"ac-btn ac-btn--corner ac-btn--medium ac-btn--blue800\" target=\"_blank\" rel=\"noopener\">S&rsquo;incrire<\/a><\/p>\n<p class=\" wall-content\">C\u00e9cile Garcia-Cabrol \u00e9tait pr\u00e9sente, le dimanche 26 octobre dernier a\u0300 Cabrerolles \u2013 Lenthe\u0301ric, dans le Biterrois\u00a0pour\u00a0une\u00a0journ\u00e9e sportive\u00a0conviviale et engag\u00e9e en soutien au don d\u2019organes.\u00a0Organise\u0301e par le Club des Bartassettes et l\u2019association 1KmPourLaVie, cette rencontre a permis d\u2019effectuer des randonn\u00e9es en VTT balis\u00e9es, une randonn\u00e9e p\u00e9destre guid\u00e9e, avec une tombola dot\u00e9e de beaux lors et des stands d\u2019information. C\u00e9cile Garcia-Cabrol pr\u00e9pare sans nul doute une nouvelle exp\u00e9dition quelque part sur la plan\u00e8te.<\/p>\n<p class=\" wall-content\">Personnalisez votre actualit\u00e9 en ajoutant vos villes et m\u00e9dias en favori avec <a href=\"https:\/\/moncompte.actu.fr\" title=\"D\u00e9couvez Mon Actu\" rel=\"nofollow noopener\" data-trk=\"{&quot;cta&quot;:{&quot;action&quot;:&quot;https:\\\/\\\/moncompte.actu.fr&quot;,&quot;category&quot;:&quot;mon compte&quot;,&quot;from&quot;:&quot;article footer&quot;,&quot;name&quot;:&quot;Mon actu&quot;,&quot;type&quot;:&quot;cta&quot;}}\" target=\"_blank\">Mon Actu<\/a>.<\/p>\n","protected":false},"excerpt":{"rendered":"Par Jean-Marc Aubert Publi\u00e9 le 20 nov. 2025 \u00e0 6h16 Un d\u00e9fi sportif, mais \u00e9galement une aventure humaine&hellip;\n","protected":false},"author":2,"featured_media":546228,"comment_status":"","ping_status":"","sticky":false,"template":"","format":"standard","meta":{"footnotes":""},"categories":[9599],"tags":[1111,11,15154,1777,674,1011,27,2208,12,2680,25,71,104],"class_list":{"0":"post-546227","1":"post","2":"type-post","3":"status-publish","4":"format-standard","5":"has-post-thumbnail","7":"category-montpellier","8":"tag-actu","9":"tag-actualites","10":"tag-chu-de-montpellier","11":"tag-eu","12":"tag-europe","13":"tag-fr","14":"tag-france","15":"tag-montpellier","16":"tag-news","17":"tag-occitanie","18":"tag-republique-francaise","19":"tag-sante","20":"tag-societe"},"share_on_mastodon":{"url":"https:\/\/pubeurope.com\/@fr\/115580483849077696","error":""},"_links":{"self":[{"href":"https:\/\/www.europesays.com\/fr\/wp-json\/wp\/v2\/posts\/546227","targetHints":{"allow":["GET"]}}],"collection":[{"href":"https:\/\/www.europesays.com\/fr\/wp-json\/wp\/v2\/posts"}],"about":[{"href":"https:\/\/www.europesays.com\/fr\/wp-json\/wp\/v2\/types\/post"}],"author":[{"embeddable":true,"href":"https:\/\/www.europesays.com\/fr\/wp-json\/wp\/v2\/users\/2"}],"replies":[{"embeddable":true,"href":"https:\/\/www.europesays.com\/fr\/wp-json\/wp\/v2\/comments?post=546227"}],"version-history":[{"count":0,"href":"https:\/\/www.europesays.com\/fr\/wp-json\/wp\/v2\/posts\/546227\/revisions"}],"wp:featuredmedia":[{"embeddable":true,"href":"https:\/\/www.europesays.com\/fr\/wp-json\/wp\/v2\/media\/546228"}],"wp:attachment":[{"href":"https:\/\/www.europesays.com\/fr\/wp-json\/wp\/v2\/media?parent=546227"}],"wp:term":[{"taxonomy":"category","embeddable":true,"href":"https:\/\/www.europesays.com\/fr\/wp-json\/wp\/v2\/categories?post=546227"},{"taxonomy":"post_tag","embeddable":true,"href":"https:\/\/www.europesays.com\/fr\/wp-json\/wp\/v2\/tags?post=546227"}],"curies":[{"name":"wp","href":"https:\/\/api.w.org\/{rel}","templated":true}]}}