{"id":546231,"date":"2025-11-20T05:57:22","date_gmt":"2025-11-20T05:57:22","guid":{"rendered":"https:\/\/www.europesays.com\/fr\/546231\/"},"modified":"2025-11-20T05:57:22","modified_gmt":"2025-11-20T05:57:22","slug":"rouen-celebre-le-dessin-avec-lexposition-le-dessin-a-loeuvre","status":"publish","type":"post","link":"https:\/\/www.europesays.com\/fr\/546231\/","title":{"rendered":"Rouen c\u00e9l\u00e8bre le dessin avec l\u2019exposition Le dessin \u00e0 l\u2019\u0153uvre"},"content":{"rendered":"<p>Du 5 d\u00e9cembre 2025 au 18 mai 2026<br \/>Rouen<\/p>\n<ul>\n<li><a><img decoding=\"async\" src=\"https:\/\/www.europesays.com\/fr\/wp-content\/uploads\/2025\/11\/capture-decran-2025-11-13-102405-150x150.png\" onerror=\"retry_loading_img(this);\"\/><\/a><\/li>\n<\/ul>\n<p><strong>On dit souvent qu\u2019il n\u2019y a qu\u2019un pas entre l\u2019id\u00e9e et l\u2019\u0153uvre.<\/strong> \u00c0 Rouen, ce pas se dessine, litt\u00e9ralement. Cinq mus\u00e9es d\u00e9roulent un m\u00eame fil, celui du trait qui relie les si\u00e8cles et les mati\u00e8res, de la main du dessinateur \u00e0 celle de l\u2019artisan, du r\u00eave d\u2019un ornemaniste \u00e0 la flamme d\u2019un artiste d\u2019aujourd\u2019hui. Au mus\u00e9e des Beaux-Arts, le XVIIIe si\u00e8cle s\u2019anime dans la courbe d\u2019une fa\u00efence ou le galbe d\u2019un cartel, vestiges d\u2019un temps o\u00f9 le dessin faisait na\u00eetre la forme. Plus loin, au mus\u00e9e Flaubert, les visions de Georges-Antoine Rochegrosse redonnent chair \u00e0 l\u2019imaginaire de l\u2019auteur de Salammb\u00f4, entre mythes, passions et songes grav\u00e9s. Dans les espaces industriels de la Corderie Vallois, le motif se tisse sur le m\u00e9tier Jacquard, preuve que la beaut\u00e9 peut surgir jusque dans la m\u00e9canique. Et au d\u00e9tour d\u2019une salle, Olivier Kosta- Th\u00e9faine br\u00fble le papier pour en faire paysage, transformant la suie en lumi\u00e8re. Ce parcours gratuit, dispers\u00e9 dans la ville, nous invite \u00e0 fl\u00e2ner d\u2019un lieu \u00e0 l\u2019autre en suivant un m\u00eame souffle\u00a0: celui du dessin comme origine de tout. Qu\u2019il orne, br\u00fble, tisse ou r\u00eave, il demeure ce geste premier, fragile et tenace, par lequel l\u2019art commence \u00e0 respirer. Sous la cendre, sous la feuille ou sous le vernis, le trait persiste, indocile, libre, et bien vivant.<\/p>\n<p class=\"compact\"><a href=\"https:\/\/mbarouen.fr\/fr\" rel=\"nofollow noopener\" target=\"_blank\">Mus\u00e9e des Beaux-Arts de Rouen, <\/a><a href=\"https:\/\/rouen.fr\/medecine\" rel=\"nofollow noopener\" target=\"_blank\">Mus\u00e9e Flaubert et d\u2019Histoire de la M\u00e9decine<\/a>, <a href=\"https:\/\/corderievallois.fr\/fr\" rel=\"nofollow noopener\" target=\"_blank\">Mus\u00e9e industriel de la Corderie Vallois<\/a><br \/>Du 5 d\u00e9cembre 2025 au 18 mai 2026<br \/>Entr\u00e9e libre<\/p>\n<p class=\"pub-date-and-author\">Publi\u00e9 le 19 novembre 2025 \u00e0 11:51 par Fleur Baudon et Tessa Brouder<\/p>\n<p>Vous aimerez aussi\u2026<a href=\"https:\/\/www.arts-in-the-city.com\/2025\/11\/10\/mon-premier-ballet-la-belle-au-bois-dormant\" rel=\"nofollow noopener\" target=\"_blank\"><img decoding=\"async\" alt=\"Capture d'\u00e9cran 2025-11-10 130528\" title=\"Capture d'\u00e9cran 2025-11-10 130528\" loading=\"lazy\" onerror=\"retry_loading_img(this);\" src=\"https:\/\/www.europesays.com\/fr\/wp-content\/uploads\/2025\/11\/capture-decran-2025-11-10-130528-200x112.png\" \/><\/a><\/p>\n<ul class=\"post-preview-categories\">\n<li class=\"opera-ballet\">Op\u00e9ra \/ Ballet<\/li>\n<li class=\"en-famille\">En famille<\/li>\n<\/ul>\n<p><a href=\"https:\/\/www.arts-in-the-city.com\/2025\/11\/10\/mon-premier-ballet-la-belle-au-bois-dormant\" rel=\"nofollow noopener\" target=\"_blank\">Mon Premier Ballet : La Belle au Bois Dormant&#8230;<\/a><br \/>\nDu 15 novembre 2025 au 8 mars 2026<br \/>Th\u00e9\u00e2tre Mogador<\/p>\n<p>Sous la direction de Karl Paquette, ex-\u00e9toile de l\u2019Op\u00e9ra de Paris,\u00a0Mon Premier Ballet\u00a0revisite\u00a0La Belle au Bois Dormant\u00a0dans une version \u00e9court\u00e9e, po\u00e9tique et accessible, pens\u00e9e pour initier les enfants \u00e0 l\u2019art du mouvement&#8230;<\/p>\n<p><a href=\"https:\/\/www.arts-in-the-city.com\/2025\/10\/06\/pinocchio-creature-un-recit-tendre-et-profond\" rel=\"nofollow noopener\" target=\"_blank\"><img decoding=\"async\" alt=\"910c951_upload-1-p17bjfbgoerc-pinocchio32\" title=\"910c951_upload-1-p17bjfbgoerc-pinocchio32\" loading=\"lazy\" onerror=\"retry_loading_img(this);\" src=\"https:\/\/www.europesays.com\/fr\/wp-content\/uploads\/2025\/11\/910c951_upload-1-p17bjfbgoerc-pinocchio32-200x112.jpg\" \/><\/a><\/p>\n<p><a href=\"https:\/\/www.arts-in-the-city.com\/2025\/10\/06\/pinocchio-creature-un-recit-tendre-et-profond\" rel=\"nofollow noopener\" target=\"_blank\">Pinocchio Cr\u00e9ature, un r\u00e9cit tendre et profond<\/a><br \/>\nStudio &#8211; Com\u00e9die-Fran\u00e7aise<br \/>Du 19 novembre 2025 au 4 janvier 2026<\/p>\n<p>N\u00e9 d\u2019un simple morceau de bois fa\u00e7onn\u00e9 par Geppetto, Pinocchio s\u2019\u00e9lance dans un tourbillon d\u2019aventures.<br \/>\nSous la direction de Sophie Bricaire, l\u2019\u00e9pop\u00e9e de Carlo Collodi prend des accents po\u00e9tiques et\u2026<\/p>\n","protected":false},"excerpt":{"rendered":"Du 5 d\u00e9cembre 2025 au 18 mai 2026Rouen On dit souvent qu\u2019il n\u2019y a qu\u2019un pas entre l\u2019id\u00e9e&hellip;\n","protected":false},"author":2,"featured_media":546232,"comment_status":"","ping_status":"","sticky":false,"template":"","format":"standard","meta":{"footnotes":""},"categories":[9587],"tags":[1111,11,1777,674,1011,27,12,5161,25,9590],"class_list":{"0":"post-546231","1":"post","2":"type-post","3":"status-publish","4":"format-standard","5":"has-post-thumbnail","7":"category-rouen","8":"tag-actu","9":"tag-actualites","10":"tag-eu","11":"tag-europe","12":"tag-fr","13":"tag-france","14":"tag-news","15":"tag-normandie","16":"tag-republique-francaise","17":"tag-rouen"},"share_on_mastodon":{"url":"https:\/\/pubeurope.com\/@fr\/115580492689018042","error":""},"_links":{"self":[{"href":"https:\/\/www.europesays.com\/fr\/wp-json\/wp\/v2\/posts\/546231","targetHints":{"allow":["GET"]}}],"collection":[{"href":"https:\/\/www.europesays.com\/fr\/wp-json\/wp\/v2\/posts"}],"about":[{"href":"https:\/\/www.europesays.com\/fr\/wp-json\/wp\/v2\/types\/post"}],"author":[{"embeddable":true,"href":"https:\/\/www.europesays.com\/fr\/wp-json\/wp\/v2\/users\/2"}],"replies":[{"embeddable":true,"href":"https:\/\/www.europesays.com\/fr\/wp-json\/wp\/v2\/comments?post=546231"}],"version-history":[{"count":0,"href":"https:\/\/www.europesays.com\/fr\/wp-json\/wp\/v2\/posts\/546231\/revisions"}],"wp:featuredmedia":[{"embeddable":true,"href":"https:\/\/www.europesays.com\/fr\/wp-json\/wp\/v2\/media\/546232"}],"wp:attachment":[{"href":"https:\/\/www.europesays.com\/fr\/wp-json\/wp\/v2\/media?parent=546231"}],"wp:term":[{"taxonomy":"category","embeddable":true,"href":"https:\/\/www.europesays.com\/fr\/wp-json\/wp\/v2\/categories?post=546231"},{"taxonomy":"post_tag","embeddable":true,"href":"https:\/\/www.europesays.com\/fr\/wp-json\/wp\/v2\/tags?post=546231"}],"curies":[{"name":"wp","href":"https:\/\/api.w.org\/{rel}","templated":true}]}}