{"id":546233,"date":"2025-11-20T05:58:16","date_gmt":"2025-11-20T05:58:16","guid":{"rendered":"https:\/\/www.europesays.com\/fr\/546233\/"},"modified":"2025-11-20T05:58:16","modified_gmt":"2025-11-20T05:58:16","slug":"les-services-de-soins-critiques-du-chu-de-rouen-bientot-reunis-dans-le-batiment-central","status":"publish","type":"post","link":"https:\/\/www.europesays.com\/fr\/546233\/","title":{"rendered":"Les services de soins critiques du CHU de Rouen bient\u00f4t r\u00e9unis dans le b\u00e2timent central"},"content":{"rendered":"<p>Les soins critiques seront r\u00e9unis sur un m\u00eame plateau dans le b\u00e2timent principal du CHU de Rouen d&rsquo;ici trois ans, en 2028. Ils comprennent les soins intensifs polyvalents et les r\u00e9animations. L&rsquo;objectif est d&rsquo;avoir une meilleure prise en charge des patients.<\/p>\n<p>C&rsquo;est un projet XXL. Au CHU de Rouen, une grue bleue, rouge et blanche de plusieurs m\u00e8tres de hauteur surplombe le b\u00e2timent central de l&rsquo;h\u00f4pital Charles Nicolle. Des travaux de sur\u00e9l\u00e9vation du b\u00e2timent ont d\u00e9but\u00e9. Le projet est de construire deux \u00e9tages pour <strong>regrouper les services de soins critiques<\/strong> dans trois ans, en 2028.<\/p>\n<p>Des lits suppl\u00e9mentaires<\/p>\n<p>Les soins critiques (soins intensifs et r\u00e9animation) seront r\u00e9unis sur un seul et m\u00eame plateau de 13.000 m\u00b2 \u00ab\u00a0au c\u0153ur de l&rsquo;h\u00f4pital Charles Nicolle pour permettre de prendre en charge les malades qui ont <strong>une d\u00e9faillance vitale<\/strong> dans la fili\u00e8re de soin de chirurgie ou m\u00e9dicale, en post op\u00e9ratoire, apr\u00e8s un accident ou dans le cas d&rsquo;une maladie grave\u00a0\u00bb, explique Pierre-Gildas Guitard, anesth\u00e9siste r\u00e9animateur.<\/p>\n<p>\u00ab\u00a0Il y a des pics d&rsquo;activit\u00e9 dans la gestion des soins critiques, par exemple les situations sanitaires exceptionnelles, <strong>les maladies hivernales<\/strong> ou les accidents, et parfois les pics d&rsquo;activit\u00e9s ne sont pas les m\u00eames d&rsquo;une r\u00e9a \u00e0 l&rsquo;autre et donc le fait d&rsquo;\u00eatre regroup\u00e9, \u00e7a va changer beaucoup de choses dans <strong>la prise en charge des malades<\/strong> pour nous. Il y aura une proximit\u00e9 entre les services de r\u00e9animation\u00a0\u00bb, poursuit celui qui fait aussi partie de ceux qui ont pilot\u00e9 ce projet.<\/p>\n<p>Ce projet m\u00e9dical va s&rsquo;accompagner d&rsquo;une ouverture de <strong>17 lits suppl\u00e9mentaires<\/strong> de soins intensifs. Il y en aura 32 au total, ainsi que <strong>cinq lits de r\u00e9animation suppl\u00e9mentaires<\/strong> pour un total de 67 lits. \u00ab\u00a0On va regrouper les quatre r\u00e9animations du CHU en un seul et m\u00eame endroit\u00a0\u00bb, pr\u00e9cise Vincent Favre, le directeur des plateaux m\u00e9dico-techniques du CHU.<\/p>\n<p>\u00ab\u00a0On a tir\u00e9 les enseignements du covid. On a manqu\u00e9 de lits de r\u00e9animation et on a d\u00fb, d&rsquo;une part transformer des lits de soins intensifs en r\u00e9animation et m\u00eame en faisant \u00e7a on a manqu\u00e9 de lit et on a d\u00fb d&rsquo;autre part transform\u00e9 des lits d&rsquo;hospitalisation conventionnels en lits de r\u00e9animation\u00a0\u00bb, se souvient Vincent Favre.<\/p>\n<p>Fluidifier le parcours des patients<\/p>\n<p>Les nouveaux plateaux seront \u00e0 proximit\u00e9 des blocs op\u00e9ratoires et d&rsquo;autres services du CHU. \u00ab\u00a0Cela va permettre des transferts rapides entre les blocs op\u00e9ratoires et les r\u00e9animations, entre la chirurgie et les r\u00e9animations. La r\u00e9animation va s&rsquo;amarrer aux diff\u00e9rents services\u00a0\u00bb, souligne St\u00e9phanie Decoopman, la directrice g\u00e9n\u00e9rale du CHU de Rouen pour qui \u00ab\u00a0cette transformation profonde <strong>r\u00e9pond aux besoins du territoire<\/strong> pour les d\u00e9cennies \u00e0 venir\u00a0\u00bb.<\/p>\n<p>En Normandie, il y a 7,23 lits de r\u00e9animation pour 100.000 habitants, un peu moins que la moyenne nationale. \u00ab\u00a0On a un d\u00e9ficit en soins critiques. Chaque nuit, chaque jour, les \u00e9quipes essaient <strong>de trouver des places<\/strong> avec nos partenaires et les autres h\u00f4pitaux normands. C&rsquo;est \u00e0 la fois important parce que \u00e7a va permettre des parcours patients avec une densit\u00e9 en soins plus importante dans l&rsquo;h\u00f4pital\u00a0\u00bb, rench\u00e9rit la directrice g\u00e9n\u00e9rale du CHU.<\/p>\n<p>\u00ab\u00a0Pour tous les autres h\u00f4pitaux, ce sera aussi un acc\u00e8s de plus quand on a besoin que <strong>le CHU prenne le relai<\/strong> dans la prise en charge des malades toujours en lien avec nos partenaires que ce soit hospitalier sur le site de Charles Nicolle ou les autres h\u00f4pitaux\u00a0\u00bb, compl\u00e8te St\u00e9phanie\u00a0Decoopman avant de conclure \u00ab\u00a0on se munit d&rsquo;un outil qui va permettre <strong>\u00e0 des situations exceptionnelles<\/strong> quelles qu&rsquo;elles soient\u00a0\u00bb.<\/p>\n<p>Ce projet co\u00fbte soixante six millions d&rsquo;euros, dont sept millions proviennent de la m\u00e9tropole de Rouen.<\/p>\n","protected":false},"excerpt":{"rendered":"Les soins critiques seront r\u00e9unis sur un m\u00eame plateau dans le b\u00e2timent principal du CHU de Rouen d&rsquo;ici&hellip;\n","protected":false},"author":2,"featured_media":546234,"comment_status":"","ping_status":"","sticky":false,"template":"","format":"standard","meta":{"footnotes":""},"categories":[9587],"tags":[1111,11,1777,674,1011,27,12,5161,25,9590],"class_list":{"0":"post-546233","1":"post","2":"type-post","3":"status-publish","4":"format-standard","5":"has-post-thumbnail","7":"category-rouen","8":"tag-actu","9":"tag-actualites","10":"tag-eu","11":"tag-europe","12":"tag-fr","13":"tag-france","14":"tag-news","15":"tag-normandie","16":"tag-republique-francaise","17":"tag-rouen"},"share_on_mastodon":{"url":"https:\/\/pubeurope.com\/@fr\/115580495720441737","error":""},"_links":{"self":[{"href":"https:\/\/www.europesays.com\/fr\/wp-json\/wp\/v2\/posts\/546233","targetHints":{"allow":["GET"]}}],"collection":[{"href":"https:\/\/www.europesays.com\/fr\/wp-json\/wp\/v2\/posts"}],"about":[{"href":"https:\/\/www.europesays.com\/fr\/wp-json\/wp\/v2\/types\/post"}],"author":[{"embeddable":true,"href":"https:\/\/www.europesays.com\/fr\/wp-json\/wp\/v2\/users\/2"}],"replies":[{"embeddable":true,"href":"https:\/\/www.europesays.com\/fr\/wp-json\/wp\/v2\/comments?post=546233"}],"version-history":[{"count":0,"href":"https:\/\/www.europesays.com\/fr\/wp-json\/wp\/v2\/posts\/546233\/revisions"}],"wp:featuredmedia":[{"embeddable":true,"href":"https:\/\/www.europesays.com\/fr\/wp-json\/wp\/v2\/media\/546234"}],"wp:attachment":[{"href":"https:\/\/www.europesays.com\/fr\/wp-json\/wp\/v2\/media?parent=546233"}],"wp:term":[{"taxonomy":"category","embeddable":true,"href":"https:\/\/www.europesays.com\/fr\/wp-json\/wp\/v2\/categories?post=546233"},{"taxonomy":"post_tag","embeddable":true,"href":"https:\/\/www.europesays.com\/fr\/wp-json\/wp\/v2\/tags?post=546233"}],"curies":[{"name":"wp","href":"https:\/\/api.w.org\/{rel}","templated":true}]}}