{"id":546235,"date":"2025-11-20T05:59:16","date_gmt":"2025-11-20T05:59:16","guid":{"rendered":"https:\/\/www.europesays.com\/fr\/546235\/"},"modified":"2025-11-20T05:59:16","modified_gmt":"2025-11-20T05:59:16","slug":"nominations-isabelle-reynaud-laura-barnac-hugo-bontaz-les-mouvements-du-jour","status":"publish","type":"post","link":"https:\/\/www.europesays.com\/fr\/546235\/","title":{"rendered":"Nominations. Isabelle Reynaud, Laura Barnac, Hugo Bontaz&#8230; : les mouvements du jour"},"content":{"rendered":"<p>  &#13;<br \/>\n      <a href=\"https:\/\/cdn-s-www.ledauphine.com\/images\/6792bcad-e879-4d7a-bf3e-687816aa806d\/NW_raw\/avec-nomination-premier-service-d-informations-sur-les-decideurs-en-france-de-veille-strategique-et-de-mise-en-relation-business-to-business-1759328609.jpg\" title=\"Avec Nomination, premier service d&#039;informations sur les d\u00e9cideurs en France, de veille strat\u00e9gique et de mise en relation Business-to-Business.\" class=\"chocolat-image GA-tracking\" data-ga_type=\"click\" data-ga_category=\"D\u00e9tail\" data-ga_action=\"zoomer\" data-ga_label=\"agrandir image\" target=\"_blank\" rel=\"noopener\">&#13;<br \/>\n          <img loading=\"lazy\" decoding=\"async\" src=\"https:\/\/www.europesays.com\/fr\/wp-content\/uploads\/2025\/10\/avec-nomination-premier-service-d-informations-sur-les-decideurs-en-france-de-veille-strategique-et-.jpeg\" data-mobile=\"NW_listC_M|1759328609\" data-base=\"NW_listC|1759328609\" alt=\"Avec Nomination, premier service d'informations sur les d\u00e9cideurs en France, de veille strat\u00e9gique et de mise en relation Business-to-Business.\"\/>&#13;<br \/>\n      <\/a>&#13;<\/p>\n<p>Avec Nomination, premier service d&rsquo;informations sur les d\u00e9cideurs en France, de veille strat\u00e9gique et de mise en relation Business-to-Business.<\/p>\n<p>&#13;<\/p>\n<p>  Isabelle Reynaud,\u00a0Laura Barnac,\u00a0Hugo Bontaz&#8230; : les mouvements du jourLa Chambre de commerce et d\u2019industrie de Grenoble a annonc\u00e9 la nomination d\u2019une directrice g\u00e9n\u00e9rale adjointe, en charge du d\u00e9veloppement, de l\u2019attractivit\u00e9 et de l\u2019innovation\u00a0: Isabelle Reynaud.<\/p>\n<p>Cette derni\u00e8re\u00a0a r\u00e9alis\u00e9 la majorit\u00e9 de sa carri\u00e8re au sein du groupe grenoblois Samse, en tant que responsable actionnariat et communication financi\u00e8re puis comme directrice de la fondation d\u2019entreprise.<\/p>\n<p>Elle \u00e9tait depuis septembre 2022 directrice g\u00e9n\u00e9rale d\u2019Afiph \u00e0 dom&rsquo;, association d&rsquo;aide \u00e0 domicile qui propose des services \u00e0 la personne \u00e2g\u00e9e ou en situation de handicap.<\/p>\n","protected":false},"excerpt":{"rendered":"&#13; &#13; &#13; &#13; Avec Nomination, premier service d&rsquo;informations sur les d\u00e9cideurs en France, de veille strat\u00e9gique et&hellip;\n","protected":false},"author":2,"featured_media":464038,"comment_status":"","ping_status":"","sticky":false,"template":"","format":"standard","meta":{"footnotes":""},"categories":[9566],"tags":[1111,11,2430,9810,33,1777,674,1011,27,2731,12,9350,25,216],"class_list":{"0":"post-546235","1":"post","2":"type-post","3":"status-publish","4":"format-standard","5":"has-post-thumbnail","7":"category-grenoble","8":"tag-actu","9":"tag-actualites","10":"tag-auvergne-rhone-alpes","11":"tag-direct-entreprises","12":"tag-economie","13":"tag-eu","14":"tag-europe","15":"tag-fr","16":"tag-france","17":"tag-grenoble","18":"tag-news","19":"tag-nominations","20":"tag-republique-francaise","21":"tag-vie-des-entreprises"},"share_on_mastodon":{"url":"https:\/\/pubeurope.com\/@fr\/115580500589638464","error":""},"_links":{"self":[{"href":"https:\/\/www.europesays.com\/fr\/wp-json\/wp\/v2\/posts\/546235","targetHints":{"allow":["GET"]}}],"collection":[{"href":"https:\/\/www.europesays.com\/fr\/wp-json\/wp\/v2\/posts"}],"about":[{"href":"https:\/\/www.europesays.com\/fr\/wp-json\/wp\/v2\/types\/post"}],"author":[{"embeddable":true,"href":"https:\/\/www.europesays.com\/fr\/wp-json\/wp\/v2\/users\/2"}],"replies":[{"embeddable":true,"href":"https:\/\/www.europesays.com\/fr\/wp-json\/wp\/v2\/comments?post=546235"}],"version-history":[{"count":0,"href":"https:\/\/www.europesays.com\/fr\/wp-json\/wp\/v2\/posts\/546235\/revisions"}],"wp:featuredmedia":[{"embeddable":true,"href":"https:\/\/www.europesays.com\/fr\/wp-json\/wp\/v2\/media\/464038"}],"wp:attachment":[{"href":"https:\/\/www.europesays.com\/fr\/wp-json\/wp\/v2\/media?parent=546235"}],"wp:term":[{"taxonomy":"category","embeddable":true,"href":"https:\/\/www.europesays.com\/fr\/wp-json\/wp\/v2\/categories?post=546235"},{"taxonomy":"post_tag","embeddable":true,"href":"https:\/\/www.europesays.com\/fr\/wp-json\/wp\/v2\/tags?post=546235"}],"curies":[{"name":"wp","href":"https:\/\/api.w.org\/{rel}","templated":true}]}}