{"id":546237,"date":"2025-11-20T06:03:18","date_gmt":"2025-11-20T06:03:18","guid":{"rendered":"https:\/\/www.europesays.com\/fr\/546237\/"},"modified":"2025-11-20T06:03:18","modified_gmt":"2025-11-20T06:03:18","slug":"richard-dumas-alec-soth-cinq-grands-photographes-a-decouvrir-lors-du-festival-glaz-a-rennes","status":"publish","type":"post","link":"https:\/\/www.europesays.com\/fr\/546237\/","title":{"rendered":"Richard Dumas, Alec Soth&#8230; Cinq (grands) photographes \u00e0 d\u00e9couvrir lors du festival Glaz \u00e0 Rennes"},"content":{"rendered":"<p>                    Par<br \/>\n        <strong><br \/>\n            <a href=\"https:\/\/actu.fr\/auteur\/laurene-fertin\" title=\"Consulter tous les articles de Laur\u00e8ne Fertin\" target=\"_blank\" rel=\"noopener\">Laur\u00e8ne Fertin<\/a><br \/>\n                    <\/strong><\/p>\n<p>        Publi\u00e9 le<\/p>\n<p>            20 nov. 2025 \u00e0 6h32        <\/p>\n<p>\u00ab\u2009Porter un regard sensible, curieux et ouvert sur le monde\u2009\u00bb\u2009: <a href=\"https:\/\/glaz-festival.com\/\" target=\"_blank\" rel=\"noopener\"><strong>Glaz,<\/strong> <\/a>le festival d\u00e9di\u00e9 \u00e0 la <strong>photographie,<\/strong> est de retour \u00e0 Rennes pour une deuxi\u00e8me \u00e9dition.<\/p>\n<p class=\" wall-content\">L\u2019\u00e9v\u00e9nement, port\u00e9 l\u2019association \u00e9ponyme, accueille cette ann\u00e9e <strong>plus de 63 photographes<\/strong> \u2013 dont 34 femmes -, pr\u00e9sent\u00e9s dans <strong>33 expositions<\/strong> et par 30 structures partenaires.<\/p>\n<p class=\" wall-content\">Le top d\u00e9part a \u00e9t\u00e9 donn\u00e9 lundi 17\u00a0novembre\u2009; l\u2019\u00e9v\u00e9nement se poursuit jusqu\u2019au dimanche 4\u00a0janvier 2026. Toutes les expositions sont <strong>gratuites.<\/strong><\/p>\n<p>Si\u00e2n Davey, Alec Soth, Richard Dumas\u2026<\/p>\n<p class=\" wall-content\">Le jeune festival a pour th\u00e8me cette ann\u00e9e <strong>les acteurs d\u2019amour et de r\u00e9bellion,<\/strong> afin de \u00ab\u2009faire \u00e9cho aux bouleversements de notre \u00e9poque\u2009\u00bb, indiquent les organisateurs.<\/p>\n<p class=\" wall-content\">Parmi le programme, large, dense et riche, la r\u00e9daction d\u2019<a href=\"https:\/\/actu.fr\/rennes\/\" target=\"_blank\" rel=\"noopener\">actu Rennes<\/a> a s\u00e9lectionn\u00e9 <strong>cinq<\/strong> <strong>expositions<\/strong> sur lesquelles poser les yeux\u2009:<\/p>\n<ul class=\" wall-content\">\n<li><strong>Gathered leaves aux Champs libres<\/strong><\/li>\n<\/ul>\n<p class=\" wall-content\">La t\u00eate d\u2019affiche est men\u00e9e par <strong>Alec Soth<\/strong>, <strong>un photographe am\u00e9ricain majeur de sa g\u00e9n\u00e9ration<\/strong>, et quatre jeunes photographes de la sc\u00e8ne am\u00e9ricaine \u00e9galement, qui l\u2019accompagnent autour de cette exposition Gathered leaves. Membre de l\u2019agence Magnum, Alec Soth a re\u00e7u de nombreuses distinctions dont la prestigieuse Bourse Guggenheim en 2013.<\/p>\n<p>Votre r\u00e9gion, votre actu !<\/p>\n<p>Recevez chaque jour les infos qui comptent pour vous.<\/p>\n<p>\t<a href=\"https:\/\/actu.fr\/newsletter\" class=\"ac-btn ac-btn--corner ac-btn--medium ac-btn--blue800\" target=\"_blank\" rel=\"noopener\">S&rsquo;incrire<\/a><\/p>\n<p>    <img   decoding=\"async\" loading=\"lazy\" src=\"https:\/\/www.europesays.com\/fr\/wp-content\/uploads\/2025\/11\/alec-soth-gathered-leaves-kunstfoyer-muenchen-071200x0-1-960x640.jpg\" alt=\"Alec Soth, Gathered leaves.\" width=\"960\" height=\"640\"\/><br \/>\n    Alec Soth, Gathered leaves. (Kunstfoyer muenchen \u00a9 Alec Soth \/ Magnum Photos)<\/p>\n<p class=\" wall-content\">Gathered leaves est pr\u00e9sente aux Champs libres de Rennes,<strong> jusqu\u2019au 8\u00a0mars 2026.<\/strong><\/p>\n<p>L\u2019exposition est disponible jusqu\u2019au 8\u00a0mars 2026. Plus d\u2019informations sur l\u2019exposition <a href=\"https:\/\/glaz-festival.com\/collection\/alec-soth-fr\/\" target=\"_blank\" rel=\"noopener\">ici<\/a>.<\/p>\n<ul class=\" wall-content\">\n<li><strong>The garden, par Si\u00e2n Davey<\/strong><\/li>\n<\/ul>\n<p class=\" wall-content\">Si\u00e2n Davey et ses enfants ont transform\u00e9 le jardin familial \u00e0 l\u2019abandon par un coin de verdure cultiv\u00e9, et orn\u00e9 de <strong>fleurs sauvages.<\/strong> C\u2019est \u00e9galement devenu <strong>un lieu de passage<\/strong>, lieu ouvert \u00e0 quiconque souhaite le traverser. Dans The garden, l\u2019artiste britannique y a photographi\u00e9 les moments de vie\u2009: ceux de <strong>ses enfants,<\/strong> mais aussi ceux <strong>de parfaits inconnus<\/strong>.<\/p>\n<p>    <img   decoding=\"async\" loading=\"lazy\" src=\"https:\/\/www.europesays.com\/fr\/wp-content\/uploads\/2025\/11\/rgb-man-in-pink-dress-002-960x640.jpg\" alt=\"Glaz Festival Rennes - RGB-Man in Pink Dress\" width=\"960\" height=\"640\"\/><br \/>\n    RGB-Man in Pink Dress, par Si\u00e2n Davey. (\u00a9 Si\u00e2n Davey)<\/p>\n<p class=\" wall-content\">L\u2019exposition, <strong>en plein air,<\/strong> se tient \u00e0 l\u2019Universit\u00e9 de <strong>Rennes 2<\/strong> sur le campus de Villejean, jusqu\u2019au 6\u00a0f\u00e9vrier 2026.<\/p>\n<p>Pour plus d\u2019informations, rendez-vous <a href=\"https:\/\/glaz-festival.com\/collection\/sian-davey-fr\/\" target=\"_blank\" rel=\"noopener\">ici<\/a>.<\/p>\n<ul class=\" wall-content\">\n<li><strong>Ic\u00f4nes, par C\u00e9dric Martigny<\/strong><\/li>\n<\/ul>\n<p class=\" wall-content\"><strong>C\u00e9dric Martini,<\/strong> laur\u00e9at du Prix international Glaz (S\u00e9oul 2024), a \u00e9t\u00e9 invit\u00e9 en Cor\u00e9e l\u2019ann\u00e9e derni\u00e8re et a photographi\u00e9 <strong>la communaut\u00e9 LGBTQIA +.<\/strong> Dans sa s\u00e9rie Ic\u00f4nes, <strong>l\u2019intime et le politique<\/strong> se m\u00ealent. Chaque personne photographi\u00e9e accompagne la photo \u00ab\u2009d\u2019une lettre \u00e0 soi-m\u00eame\u2009\u00bb, qu\u2019il est possible de lire lors de l\u2019exposition.<\/p>\n<p>    <img   decoding=\"async\" loading=\"lazy\" src=\"https:\/\/www.europesays.com\/fr\/wp-content\/uploads\/2025\/11\/tris-960x640.jpg\" alt=\"\" width=\"960\" height=\"640\"\/><br \/>\n    Tris, r\u00e9alis\u00e9 par C\u00e9dric Martigny. (\u00a9 C\u00e9dric Martigny)<\/p>\n<p class=\" wall-content\">L\u2019exposition se tient, <strong>jusqu\u2019au 29\u00a0novembre,<\/strong> \u00e0 l\u2019Instantan\u00e9 (6, cour des Alli\u00e9s \u00e0 Rennes).<\/p>\n<p>Pour plus d\u2019informations sur l\u2019exposition, c\u2019est <a href=\"https:\/\/glaz-festival.com\/collection\/cedric-martigny-2025\/\" target=\"_blank\" rel=\"noopener\">ici<\/a>.<\/p>\n<ul class=\" wall-content\">\n<li><strong>24 images \u2013 24 portraits de cin\u00e9ma, par Richard Dumas<\/strong><\/li>\n<\/ul>\n<p class=\" wall-content\"><strong>Richard Dumas<\/strong>, c\u00e9l\u00e9brissime photographe de l\u2019agence VU, est connu pour avoir photographi\u00e9 de c\u00e9l\u00e8bres artistes (Miles Davis, Patti Smith, Keith Richards\u2026) Une exposition, \u00e0 la Confluence \u00e0 Betton, lui est consacr\u00e9 jusqu\u2019au 1\u1d49\u02b3 mars. <strong>Vingt-quatre portraits<\/strong> seront \u00e0 admirer.<\/p>\n<p>    <img   decoding=\"async\" loading=\"lazy\" src=\"https:\/\/www.europesays.com\/fr\/wp-content\/uploads\/2025\/11\/duma14982-1989nb01-960x640.jpg\" alt=\"Portrait Miles Davis\" width=\"960\" height=\"640\"\/><br \/>\n    Portrait de Miles Davis. (\u00a9 Richard Dumas)Pour plus d\u2019informations sur cette exposition, c\u2019est <a href=\"https:\/\/glaz-festival.com\/collection\/richard-dumas\/\" target=\"_blank\" rel=\"noopener\">ici<\/a>.<\/p>\n<ul class=\" wall-content\">\n<li><strong>\u00c0 vos amours, par Anne-C\u00e9cile Esteve<\/strong><\/li>\n<\/ul>\n<p class=\" wall-content\">Dans le cadre des Tomb\u00e9es de la nuit, et avec l\u2019aide des habitants de Rennes, Anne-C\u00e9cile Esteve a r\u00e9colt\u00e9 <strong>une cinquantaine de t\u00e9moignages <\/strong><strong>d\u2019histoires<\/strong> <strong>d\u2019amour<\/strong>. Avec cette mati\u00e8re, l\u2019artiste s\u2019en est inspir\u00e9 pour photographier des lieux, des personnes.<\/p>\n<p>    <img   decoding=\"async\" loading=\"lazy\" src=\"https:\/\/www.europesays.com\/fr\/wp-content\/uploads\/2025\/11\/alice2-2-960x640.jpeg\" alt=\"Alice 2 par Anne-C\u00e9cile Esteve.\" width=\"960\" height=\"640\"\/><br \/>\n    Alice 2 par Anne-C\u00e9cile Esteve. (\u00a9 Anne-C\u00e9cile Esteve)<\/p>\n<p class=\" wall-content\"><strong>Une vingtaine de photos<\/strong> sont expos\u00e9es dans le quartier de <strong>La Courrouze<\/strong> (au d\u00e9part du m\u00e9tro), jusqu\u2019au 18\u00a0janvier 2026.<\/p>\n<p>Pour plus d\u2019informations, c\u2019est <a href=\"https:\/\/glaz-festival.com\/collection\/anne-cecile-esteve\/\" target=\"_blank\" rel=\"noopener\">ici<\/a>.<\/p>\n<p class=\" wall-content\">Personnalisez votre actualit\u00e9 en ajoutant vos villes et m\u00e9dias en favori avec <a href=\"https:\/\/moncompte.actu.fr\" title=\"D\u00e9couvez Mon Actu\" rel=\"nofollow noopener\" data-trk=\"{&quot;cta&quot;:{&quot;action&quot;:&quot;https:\\\/\\\/moncompte.actu.fr&quot;,&quot;category&quot;:&quot;mon compte&quot;,&quot;from&quot;:&quot;article footer&quot;,&quot;name&quot;:&quot;Mon actu&quot;,&quot;type&quot;:&quot;cta&quot;}}\" target=\"_blank\">Mon Actu<\/a>.<\/p>\n","protected":false},"excerpt":{"rendered":"Par Laur\u00e8ne Fertin Publi\u00e9 le 20 nov. 2025 \u00e0 6h32 \u00ab\u2009Porter un regard sensible, curieux et ouvert sur&hellip;\n","protected":false},"author":2,"featured_media":546238,"comment_status":"","ping_status":"","sticky":false,"template":"","format":"standard","meta":{"footnotes":""},"categories":[2821],"tags":[1111,11,829,1777,674,849,1011,27,1652,12,1756,584,25],"class_list":{"0":"post-546237","1":"post","2":"type-post","3":"status-publish","4":"format-standard","5":"has-post-thumbnail","7":"category-rennes","8":"tag-actu","9":"tag-actualites","10":"tag-bretagne","11":"tag-eu","12":"tag-europe","13":"tag-festival","14":"tag-fr","15":"tag-france","16":"tag-loisirs-culture","17":"tag-news","18":"tag-photographie","19":"tag-rennes","20":"tag-republique-francaise"},"share_on_mastodon":{"url":"https:\/\/pubeurope.com\/@fr\/115580517073736703","error":""},"_links":{"self":[{"href":"https:\/\/www.europesays.com\/fr\/wp-json\/wp\/v2\/posts\/546237","targetHints":{"allow":["GET"]}}],"collection":[{"href":"https:\/\/www.europesays.com\/fr\/wp-json\/wp\/v2\/posts"}],"about":[{"href":"https:\/\/www.europesays.com\/fr\/wp-json\/wp\/v2\/types\/post"}],"author":[{"embeddable":true,"href":"https:\/\/www.europesays.com\/fr\/wp-json\/wp\/v2\/users\/2"}],"replies":[{"embeddable":true,"href":"https:\/\/www.europesays.com\/fr\/wp-json\/wp\/v2\/comments?post=546237"}],"version-history":[{"count":0,"href":"https:\/\/www.europesays.com\/fr\/wp-json\/wp\/v2\/posts\/546237\/revisions"}],"wp:featuredmedia":[{"embeddable":true,"href":"https:\/\/www.europesays.com\/fr\/wp-json\/wp\/v2\/media\/546238"}],"wp:attachment":[{"href":"https:\/\/www.europesays.com\/fr\/wp-json\/wp\/v2\/media?parent=546237"}],"wp:term":[{"taxonomy":"category","embeddable":true,"href":"https:\/\/www.europesays.com\/fr\/wp-json\/wp\/v2\/categories?post=546237"},{"taxonomy":"post_tag","embeddable":true,"href":"https:\/\/www.europesays.com\/fr\/wp-json\/wp\/v2\/tags?post=546237"}],"curies":[{"name":"wp","href":"https:\/\/api.w.org\/{rel}","templated":true}]}}