{"id":546241,"date":"2025-11-20T06:05:16","date_gmt":"2025-11-20T06:05:16","guid":{"rendered":"https:\/\/www.europesays.com\/fr\/546241\/"},"modified":"2025-11-20T06:05:16","modified_gmt":"2025-11-20T06:05:16","slug":"strasbourg-plus-de-110-associations-et-la-13e-soupe-etoilee-au-village-du-partage","status":"publish","type":"post","link":"https:\/\/www.europesays.com\/fr\/546241\/","title":{"rendered":"Strasbourg. Plus de 110 associations et la 13e Soupe \u00e9toil\u00e9e au Village du Partage"},"content":{"rendered":"<p>Aide aux plus fragiles, aux personnes malades ou en situation de handicap, d\u00e9fense des droits humains, de la cause animale\u2026 Au total, 114 associations locales engag\u00e9es sur diff\u00e9rents sujets se relaieront dans les quatorze chalets du Village du partage pendant toute la dur\u00e9e du march\u00e9 de No\u00ebl.<\/p>\n<p>Une belle occasion de partir \u00e0 la rencontre des diff\u00e9rents acteurs, de comprendre leurs engagements et d\u2019acheter un vin chaud tout en faisant une bonne action. Surtout en cette p\u00e9riode o\u00f9 les associations sont nombreuses \u00e0 tirer la sonnette d\u2019alarme sur leur manque de moyens.<\/p>\n<p>Incontournable du Village du Partage, la Soupe \u00e9toil\u00e9e fera \u00e9galement son retour pour une 13 e \u00e9dition. Quatre recettes de saison confectionn\u00e9es par des chefs \u00e9toil\u00e9s d\u2019Alsace seront vendues au profit du collectif d\u2019associations de solidarit\u00e9 Humanis qui organise l\u2019\u00e9v\u00e9nement. Il y en aura pour tous les go\u00fbts, avec un velout\u00e9 des sous-bois au riesling et cro\u00fbtons aux \u00e9pices, ou encore un velout\u00e9 de topinambours munster et cumin.<\/p>\n<p>Il sera aussi possible de faire un don gr\u00e2ce \u00e0 son gobelet r\u00e9utilisable. Une fois leurs breuvages bus, les visiteurs pourront r\u00e9cup\u00e9rer leur 1\u00a0\u20ac de consigne ou d\u00e9poser le verre dans l\u2019une des huit bornes caritatives. L\u2019ann\u00e9e derni\u00e8re, 13\u00a0000\u00a0\u20ac avaient\u00a0ainsi \u00e9t\u00e9 r\u00e9colt\u00e9s.<\/p>\n","protected":false},"excerpt":{"rendered":"Aide aux plus fragiles, aux personnes malades ou en situation de handicap, d\u00e9fense des droits humains, de la&hellip;\n","protected":false},"author":2,"featured_media":546242,"comment_status":"","ping_status":"","sticky":false,"template":"","format":"standard","meta":{"footnotes":""},"categories":[2820],"tags":[1111,11,1687,2880,1777,674,3326,1011,27,775,12,15830,25,640,2879],"class_list":{"0":"post-546241","1":"post","2":"type-post","3":"status-publish","4":"format-standard","5":"has-post-thumbnail","7":"category-strasbourg","8":"tag-actu","9":"tag-actualites","10":"tag-culture-loisirs","11":"tag-edition-strasbourg","12":"tag-eu","13":"tag-europe","14":"tag-fete-locale","15":"tag-fr","16":"tag-france","17":"tag-grand-est","18":"tag-news","19":"tag-noel","20":"tag-republique-francaise","21":"tag-strasbourg","22":"tag-strasbourg-ville"},"share_on_mastodon":{"url":"https:\/\/pubeurope.com\/@fr\/115580523375494685","error":""},"_links":{"self":[{"href":"https:\/\/www.europesays.com\/fr\/wp-json\/wp\/v2\/posts\/546241","targetHints":{"allow":["GET"]}}],"collection":[{"href":"https:\/\/www.europesays.com\/fr\/wp-json\/wp\/v2\/posts"}],"about":[{"href":"https:\/\/www.europesays.com\/fr\/wp-json\/wp\/v2\/types\/post"}],"author":[{"embeddable":true,"href":"https:\/\/www.europesays.com\/fr\/wp-json\/wp\/v2\/users\/2"}],"replies":[{"embeddable":true,"href":"https:\/\/www.europesays.com\/fr\/wp-json\/wp\/v2\/comments?post=546241"}],"version-history":[{"count":0,"href":"https:\/\/www.europesays.com\/fr\/wp-json\/wp\/v2\/posts\/546241\/revisions"}],"wp:featuredmedia":[{"embeddable":true,"href":"https:\/\/www.europesays.com\/fr\/wp-json\/wp\/v2\/media\/546242"}],"wp:attachment":[{"href":"https:\/\/www.europesays.com\/fr\/wp-json\/wp\/v2\/media?parent=546241"}],"wp:term":[{"taxonomy":"category","embeddable":true,"href":"https:\/\/www.europesays.com\/fr\/wp-json\/wp\/v2\/categories?post=546241"},{"taxonomy":"post_tag","embeddable":true,"href":"https:\/\/www.europesays.com\/fr\/wp-json\/wp\/v2\/tags?post=546241"}],"curies":[{"name":"wp","href":"https:\/\/api.w.org\/{rel}","templated":true}]}}