{"id":546247,"date":"2025-11-20T06:08:12","date_gmt":"2025-11-20T06:08:12","guid":{"rendered":"https:\/\/www.europesays.com\/fr\/546247\/"},"modified":"2025-11-20T06:08:12","modified_gmt":"2025-11-20T06:08:12","slug":"nice-circulation-infernale-bus-devies-une-immense-foule-attendue-dans-ce-quartier-2","status":"publish","type":"post","link":"https:\/\/www.europesays.com\/fr\/546247\/","title":{"rendered":"Nice. Circulation infernale, bus d\u00e9vi\u00e9s&#8230; Une immense foule attendue dans ce quartier"},"content":{"rendered":"<p>                    Par<br \/>\n        <strong><br \/>\n            <a href=\"https:\/\/actu.fr\/auteur\/arthur-frand\" title=\"Consulter tous les articles de Arthur Frand\" rel=\"nofollow noopener\" target=\"_blank\">Arthur Frand<\/a><br \/>\n                    <\/strong><\/p>\n<p>        Publi\u00e9 le<\/p>\n<p>            20 nov. 2025 \u00e0 6h38        <\/p>\n<p>Gros bouchons en perspective \u00e0 l\u2019entame du week-end. Ce vendredi 21\u00a0novembre en soir\u00e9e, il faudra <strong>se montrer patient<\/strong> en voiture \u00e0 <a href=\"https:\/\/actu.fr\/nice\/\" rel=\"nofollow noopener\" target=\"_blank\">Nice<\/a> dans les <a href=\"https:\/\/actu.fr\/provence-alpes-cote-d-azur\/alpes-maritimes_06\" rel=\"nofollow noopener\" target=\"_blank\">Alpes-Maritimes<\/a>. Apr\u00e8s une nouvelle tr\u00eave internationale, la Ligue\u00a01 reprend ses droits et l\u2019OGC Nice retrouve ses supporters. Le Gym affronte l\u2019Olympique de Marseille lors du derby de la M\u00e9diterran\u00e9e ce vendredi \u00e0 20h45. En parall\u00e8le, le rappeur SDM donnera un concert au Palais Nika\u00efa.<\/p>\n<p>    <a href=\"https:\/\/www.google.com\/maps\/embed?pb=!1m18!1m12!1m3!1d5771.066666792617!2d7.196905877344086!3d43.67867447110094!2m3!1f0!2f0!3f0!3m2!1i1024!2i768!4f13.1!3m3!1m2!1s0x12cdd1ef37a975c5%3A0xe5a00153b844e8d3!2sAllianz%20Riviera!5e0!3m2!1sfr!2sfr!4v1763463292837!5m2!1sfr!2sfr\" title=\"Ouvrie le lien\" rel=\"nofollow noopener\" target=\"_blank\">Cliquez ici pour visualiser le contenu<\/a><\/p>\n<p class=\" wall-content\">Le match en soir\u00e9e aura un impact sur le trafic routier aux alentours du stade et sur les transports en commun.\u00a0Environ <strong>25000 personnes sont attendues<\/strong> \u00e0 l\u2019Allianz Riviera pour assister \u00e0 cette rencontre de la 13e journ\u00e9e du championnat de France.<\/p>\n<p>Concert de SDM \u00e0 20\u2009h<\/p>\n<p class=\" wall-content\">Un autre \u00e9v\u00e9nement, programm\u00e9 <strong>en simultan\u00e9<\/strong>, va accentuer les probl\u00e8mes de circulation\u2009: le concert du rappeur SDM, l\u2019un des artistes qui a vendu le plus d\u2019albums en France en 2024. Les milliers de billets <a href=\"https:\/\/actu.fr\/provence-alpes-cote-d-azur\/nice_06088\/ce-rappeur-tres-connu-en-concert-a-nice-la-billetterie-prise-d-assaut-en-quelques-heures_62313027.html\" rel=\"nofollow noopener\" target=\"_blank\">ont \u00e9t\u00e9 vendus en quelques minutes<\/a>.<\/p>\n<p>    <a href=\"https:\/\/www.google.com\/maps\/embed?pb=!1m18!1m12!1m3!1d5768.524270793334!2d7.190034577344965!3d43.70510117109982!2m3!1f0!2f0!3f0!3m2!1i1024!2i768!4f13.1!3m3!1m2!1s0x12cdd10ab4ef8591%3A0x9653bcb7f24af95e!2sPalais%20Nika%C3%AFa!5e0!3m2!1sfr!2sfr!4v1763463310171!5m2!1sfr!2sfr\" title=\"Ouvrie le lien\" rel=\"nofollow noopener\" target=\"_blank\">Cliquez ici pour visualiser le contenu<\/a><\/p>\n<p class=\" wall-content\">Ce dernier se produit \u00e0 20h, au Palais Nika\u00efa, situ\u00e9 \u00e0 quelques minutes de l\u2019Allianz Riviera. Le secteur de Nice ouest devrait \u00eatre bond\u00e9 d\u00e8s 17h et ce jusqu\u2019\u00e0 minuit.<\/p>\n<p class=\" wall-content\">\n<p>Des lignes de bus d\u00e9vi\u00e9s<\/p>\n<p class=\" wall-content\">En cons\u00e9quence, les lignes de bus 17, 22, 59, EXP4, 90 et 91 <strong>sont d\u00e9vi\u00e9es<\/strong> ce vendredi 21\u00a0novembre 2025. Des horaires sp\u00e9cifiques sont mis en place <a href=\"https:\/\/www.lignesdazur.com\/fr\/disruption?context=DisruptionDetail&amp;id=36869\" rel=\"nofollow noopener\" target=\"_blank\">par le r\u00e9seau Lignes d\u2019Azur<\/a> de 17h45 \u00e0 la fin de service.<\/p>\n<p>Votre r\u00e9gion, votre actu !<\/p>\n<p>Recevez chaque jour les infos qui comptent pour vous.<\/p>\n<p>\t<a href=\"https:\/\/actu.fr\/newsletter\" class=\"ac-btn ac-btn--corner ac-btn--medium ac-btn--blue800\" rel=\"nofollow noopener\" target=\"_blank\">S&rsquo;incrire<\/a><\/p>\n<p class=\" wall-content\">C\u00f4t\u00e9 tram, les travaux de maintenance sur les lignes 2 et 3 s\u2019ach\u00e8vent ce jeudi 20\u00a0novembre. Pour vous rendre \u00e0 l\u2019Allianz Riviera, les d\u00e9parts seront bien assur\u00e9s depuis Port Lympia via la ligne 3. \u00c0 la fin du match, les d\u00e9parts seront assur\u00e9s depuis Saint-Isidore.<\/p>\n<p class=\" wall-content\">Sportivement, l\u2019OGC Nice a v\u00e9cu une semaine difficile avant la tr\u00eave internationale. Les Aiglons sont neuvi\u00e8mes de Ligue\u00a01 (17 pts) et comptent huit points de retard sur leurs adversaires du soir, les Marseillais (25 pts). Mais l\u2019an dernier, le Gym avait battu l\u2019OM \u00e0 l\u2019Allianz Riviera (2-0).<\/p>\n<p class=\" wall-content\">Personnalisez votre actualit\u00e9 en ajoutant vos villes et m\u00e9dias en favori avec <a href=\"https:\/\/moncompte.actu.fr\" title=\"D\u00e9couvez Mon Actu\" rel=\"nofollow noopener\" data-trk=\"{&quot;cta&quot;:{&quot;action&quot;:&quot;https:\\\/\\\/moncompte.actu.fr&quot;,&quot;category&quot;:&quot;mon compte&quot;,&quot;from&quot;:&quot;article footer&quot;,&quot;name&quot;:&quot;Mon actu&quot;,&quot;type&quot;:&quot;cta&quot;}}\" target=\"_blank\">Mon Actu<\/a>.<\/p>\n","protected":false},"excerpt":{"rendered":"Par Arthur Frand Publi\u00e9 le 20 nov. 2025 \u00e0 6h38 Gros bouchons en perspective \u00e0 l\u2019entame du week-end.&hellip;\n","protected":false},"author":2,"featured_media":546248,"comment_status":"","ping_status":"","sticky":false,"template":"","format":"standard","meta":{"footnotes":""},"categories":[2819],"tags":[1111,11,1697,1777,674,1011,27,14554,12,2401,882,25,104,2803],"class_list":{"0":"post-546247","1":"post","2":"type-post","3":"status-publish","4":"format-standard","5":"has-post-thumbnail","7":"category-nice","8":"tag-actu","9":"tag-actualites","10":"tag-concert","11":"tag-eu","12":"tag-europe","13":"tag-fr","14":"tag-france","15":"tag-lignes-dazur","16":"tag-news","17":"tag-nice","18":"tag-provence-alpes-cote-dazur","19":"tag-republique-francaise","20":"tag-societe","21":"tag-transport"},"share_on_mastodon":{"url":"https:\/\/pubeurope.com\/@fr\/115580535060561085","error":""},"_links":{"self":[{"href":"https:\/\/www.europesays.com\/fr\/wp-json\/wp\/v2\/posts\/546247","targetHints":{"allow":["GET"]}}],"collection":[{"href":"https:\/\/www.europesays.com\/fr\/wp-json\/wp\/v2\/posts"}],"about":[{"href":"https:\/\/www.europesays.com\/fr\/wp-json\/wp\/v2\/types\/post"}],"author":[{"embeddable":true,"href":"https:\/\/www.europesays.com\/fr\/wp-json\/wp\/v2\/users\/2"}],"replies":[{"embeddable":true,"href":"https:\/\/www.europesays.com\/fr\/wp-json\/wp\/v2\/comments?post=546247"}],"version-history":[{"count":0,"href":"https:\/\/www.europesays.com\/fr\/wp-json\/wp\/v2\/posts\/546247\/revisions"}],"wp:featuredmedia":[{"embeddable":true,"href":"https:\/\/www.europesays.com\/fr\/wp-json\/wp\/v2\/media\/546248"}],"wp:attachment":[{"href":"https:\/\/www.europesays.com\/fr\/wp-json\/wp\/v2\/media?parent=546247"}],"wp:term":[{"taxonomy":"category","embeddable":true,"href":"https:\/\/www.europesays.com\/fr\/wp-json\/wp\/v2\/categories?post=546247"},{"taxonomy":"post_tag","embeddable":true,"href":"https:\/\/www.europesays.com\/fr\/wp-json\/wp\/v2\/tags?post=546247"}],"curies":[{"name":"wp","href":"https:\/\/api.w.org\/{rel}","templated":true}]}}