{"id":546249,"date":"2025-11-20T06:09:35","date_gmt":"2025-11-20T06:09:35","guid":{"rendered":"https:\/\/www.europesays.com\/fr\/546249\/"},"modified":"2025-11-20T06:09:35","modified_gmt":"2025-11-20T06:09:35","slug":"un-peu-plus-de-30-km-de-bouchons-ce-mercredi-matin","status":"publish","type":"post","link":"https:\/\/www.europesays.com\/fr\/546249\/","title":{"rendered":"un peu plus de 30 km de bouchons ce mercredi matin"},"content":{"rendered":"<p>                    Par<br \/>\n        <strong><br \/>\n            <a href=\"https:\/\/actu.fr\/auteur\/redaction-nantes\" title=\"Consulter tous les articles de R\u00e9daction Nantes\" target=\"_blank\" rel=\"noopener\">R\u00e9daction Nantes<\/a><br \/>\n                    <\/strong><\/p>\n<p>        Publi\u00e9 le<\/p>\n<p>            19 nov. 2025 \u00e0 9h16        <\/p>\n<p>\u00c0 9\u2009h, ce mercredi 19\u00a0novembre 2025, <a href=\"https:\/\/www.bison-fute.gouv.fr\/nantes,10264.html\" target=\"_blank\" rel=\"noopener\">Bison Fut\u00e9<\/a> recense<b> 31,1\u00a0km de bouchons <\/b>sur les routes de l\u2019agglom\u00e9ration nantaise. Le trafic est particuli\u00e8rement dense dans deux secteurs du p\u00e9riph\u00e9rique.<\/p>\n<p>Circulation \u00e0 Nantes\u2009: une trentaine de km de bouchons ce mercredi matin<\/p>\n<p class=\" wall-content\">La circulation est difficile au nord de Nantes, au niveau de la porte de la Chapelle. Bison Fut\u00e9 annonce<b> un bouchon de 3\u00a0km sur A11<\/b>, dans le sens Paris vers Nantes (sens est-ouest) au niveau de la commune de la Chapelle-sur-Erdre.<\/p>\n<p class=\" wall-content\">Le trafic est \u00e9galement dense au niveau de la porte de Bouguenais en direction du pont de Chevir\u00e9.<\/p>\n<p class=\" wall-content\">\u00c0 9\u2009h\u200905, Bison Fut\u00e9 informe de <b>deux incidents sur le p\u00e9riph\u00e9rique nantais<\/b>\u2009: un v\u00e9hicule en panne sur la N137 dans le sens de Nantes vers Rennes \u00e0 hauteur d\u2019Orvault, et la pr\u00e9sence d\u2019un obstacle pr\u00e8s du pont de Bellevue, dans le sens Nantes Porte d\u2019Orvault vers Nantes Porte d\u2019Anjou.<\/p>\n<p class=\" wall-content\">Personnalisez votre actualit\u00e9 en ajoutant vos villes et m\u00e9dias en favori avec <a href=\"https:\/\/moncompte.actu.fr\" title=\"D\u00e9couvez Mon Actu\" rel=\"nofollow noopener\" data-trk=\"{&quot;cta&quot;:{&quot;action&quot;:&quot;https:\\\/\\\/moncompte.actu.fr&quot;,&quot;category&quot;:&quot;mon compte&quot;,&quot;from&quot;:&quot;article footer&quot;,&quot;name&quot;:&quot;Mon actu&quot;,&quot;type&quot;:&quot;cta&quot;}}\" target=\"_blank\">Mon Actu<\/a>.<\/p>\n","protected":false},"excerpt":{"rendered":"Par R\u00e9daction Nantes Publi\u00e9 le 19 nov. 2025 \u00e0 9h16 \u00c0 9\u2009h, ce mercredi 19\u00a0novembre 2025, Bison Fut\u00e9&hellip;\n","protected":false},"author":2,"featured_media":546250,"comment_status":"","ping_status":"","sticky":false,"template":"","format":"standard","meta":{"footnotes":""},"categories":[2818],"tags":[1111,11,3542,1777,674,1011,27,766,12,2636,4013,25,104],"class_list":{"0":"post-546249","1":"post","2":"type-post","3":"status-publish","4":"format-standard","5":"has-post-thumbnail","7":"category-nantes","8":"tag-actu","9":"tag-actualites","10":"tag-circulation","11":"tag-eu","12":"tag-europe","13":"tag-fr","14":"tag-france","15":"tag-nantes","16":"tag-news","17":"tag-pays-de-la-loire","18":"tag-peripherique","19":"tag-republique-francaise","20":"tag-societe"},"share_on_mastodon":{"url":"https:\/\/pubeurope.com\/@fr\/115580539042947019","error":""},"_links":{"self":[{"href":"https:\/\/www.europesays.com\/fr\/wp-json\/wp\/v2\/posts\/546249","targetHints":{"allow":["GET"]}}],"collection":[{"href":"https:\/\/www.europesays.com\/fr\/wp-json\/wp\/v2\/posts"}],"about":[{"href":"https:\/\/www.europesays.com\/fr\/wp-json\/wp\/v2\/types\/post"}],"author":[{"embeddable":true,"href":"https:\/\/www.europesays.com\/fr\/wp-json\/wp\/v2\/users\/2"}],"replies":[{"embeddable":true,"href":"https:\/\/www.europesays.com\/fr\/wp-json\/wp\/v2\/comments?post=546249"}],"version-history":[{"count":0,"href":"https:\/\/www.europesays.com\/fr\/wp-json\/wp\/v2\/posts\/546249\/revisions"}],"wp:featuredmedia":[{"embeddable":true,"href":"https:\/\/www.europesays.com\/fr\/wp-json\/wp\/v2\/media\/546250"}],"wp:attachment":[{"href":"https:\/\/www.europesays.com\/fr\/wp-json\/wp\/v2\/media?parent=546249"}],"wp:term":[{"taxonomy":"category","embeddable":true,"href":"https:\/\/www.europesays.com\/fr\/wp-json\/wp\/v2\/categories?post=546249"},{"taxonomy":"post_tag","embeddable":true,"href":"https:\/\/www.europesays.com\/fr\/wp-json\/wp\/v2\/tags?post=546249"}],"curies":[{"name":"wp","href":"https:\/\/api.w.org\/{rel}","templated":true}]}}