{"id":546257,"date":"2025-11-20T06:13:11","date_gmt":"2025-11-20T06:13:11","guid":{"rendered":"https:\/\/www.europesays.com\/fr\/546257\/"},"modified":"2025-11-20T06:13:11","modified_gmt":"2025-11-20T06:13:11","slug":"armes-sur-le-peripherique-de-toulouse-ils-menacent-des-ados-sur-le-chemin-de-lecole-ils-sont-ecroues","status":"publish","type":"post","link":"https:\/\/www.europesays.com\/fr\/546257\/","title":{"rendered":"Arm\u00e9s sur le p\u00e9riph\u00e9rique de Toulouse, ils menacent des ados sur le chemin de l&rsquo;\u00e9cole : ils sont \u00e9crou\u00e9s"},"content":{"rendered":"<p>                    Par<br \/>\n        <strong><br \/>\n            <a href=\"https:\/\/actu.fr\/auteur\/mareva-laville-actu-fr\" title=\"Consulter tous les articles de Mar\u00e9va Laville\" rel=\"nofollow noopener\" target=\"_blank\">Mar\u00e9va Laville<\/a><br \/>\n                    <\/strong><\/p>\n<p>        Publi\u00e9 le<\/p>\n<p>            20 nov. 2025 \u00e0 6h42        <\/p>\n<p>Les automobilistes qui roulaient ce soir-l\u00e0 s\u2019en souviennent s\u00fbrement. \u00c0 l\u2019image des habitants du <strong>quartier Bellefontaine \u00e0 <a href=\"http:\/\/www.actu.fr\/toulouse\" rel=\"nofollow noopener\" target=\"_blank\">Toulouse<\/a>.<\/strong> Jeudi 18\u00a0septembre 2025, <a href=\"https:\/\/actu.fr\/occitanie\/toulouse_31555\/direct-greve-du-18-septembre-une-journee-noire-a-toulouse-suivez-les-informations-des-ce-matin_63176638.html\" rel=\"nofollow noopener\" target=\"_blank\">jour de gr\u00e8ve massive dans la Ville rose<\/a> suite au <a href=\"https:\/\/actu.fr\/occitanie\/toulouse_31555\/direct-bloquons-tout-perturbations-dans-les-transports-manifestations-greves-ce-qu-il-se-passe-a-toulouse_63135101.html\" rel=\"nofollow noopener\" target=\"_blank\">premier \u00e9pisode Bloquons Tout<\/a>, la journ\u00e9e avait commenc\u00e9 d\u2019une fa\u00e7on terrifiante.<\/p>\n<p>Les pistolets affich\u00e9s sur le p\u00e9riph\u00e9rique de Toulouse<\/p>\n<p class=\" wall-content\"><strong>Trois hommes, \u00e2g\u00e9s de 21, 22 et 25\u00a0ans,<\/strong> avaient <strong>exhib\u00e9 des armes sur le <a href=\"https:\/\/actu.fr\/tag\/peripherique-de-toulouse\" rel=\"nofollow noopener\" target=\"_blank\">p\u00e9riph\u00e9rique<\/a><\/strong><a href=\"https:\/\/actu.fr\/tag\/peripherique-de-toulouse\" rel=\"nofollow noopener\" target=\"_blank\"> de Toulouse<\/a>, \u00e0 bord d\u2019une voiture noire. Il \u00e9tait encore t\u00f4t, le soleil se levait \u00e0 peine. \u00ab\u2009Ils \u00e9taient arm\u00e9s de <strong>deux pistolets\u2009\u00bb<\/strong>, pr\u00e9cise le parquet de Toulouse.<\/p>\n<p>Des adolescents menac\u00e9s<\/p>\n<p class=\" wall-content\">Pris dans leur \u00e9lan, les trois individus se sont dirig\u00e9s vers le quartier de Bellefontaine. Toujours arm\u00e9s, ils avaient \u00ab<strong>\u2009menac\u00e9 quatre adolescents de 13\u00a0ans<\/strong> qui se rendaient au <a href=\"https:\/\/actu.fr\/occitanie\/toulouse_31555\/toulouse-ce-college-va-etre-demoli-d-ici-la-fin-de-l-ete-voici-ce-qui-va-y-etre-reconstruit_63009200.html\" rel=\"nofollow noopener\" target=\"_blank\">coll\u00e8ge de Bellefontaine\u2009\u00bb<\/a>, agr\u00e9mente le parquet de Toulouse. Des actes qui se sont m\u00eame poursuivis sur une cinqui\u00e8me personne, plus loin, rue de la Faourette, \u00e0 proximit\u00e9 d\u2019un bureau de tabac.<\/p>\n<p>Les trois hommes emprisonn\u00e9s pendant 4\u00a0ans<\/p>\n<p class=\" wall-content\">Les trois hommes ont \u00e9t\u00e9 plac\u00e9s en d\u00e9tention provisoire, avant d\u2019\u00eatre convoqu\u00e9s deux mois apr\u00e8s les faits, au tribunal correctionnel de Toulouse. Tous les trois en r\u00e9cidive, ils ont tous \u00e9t\u00e9 <strong>condamn\u00e9s \u00e0 rester en prison.<\/strong><\/p>\n<p class=\" wall-content\">Le plus \u00e2g\u00e9 (25\u00a0ans), conducteur du v\u00e9hicule, \u00e9cope de <strong>quatre ans d\u2019emprisonnement<\/strong>. Il a \u00e9galement <strong>interdiction de porter ou d\u00e9tenir une arme pendant 10\u00a0ans<\/strong> et s\u2019est vu annuler son permis de conduire avec l\u2019interdiction de le repasser durant un an. Une fois sa peine accomplie, s\u2019il veut reprendre le volant, il devra obligatoirement conduire avec l\u2019\u00e9thylotest anti-d\u00e9marrage durant un an.<\/p>\n<p>Vid\u00e9os : en ce moment sur Actu<\/p>\n<p class=\" wall-content\">Les deux autres mis en cause \u00e9copent de la m\u00eame peine, \u00e0 l\u2019exception du permis de conduire. Le plus jeune (21\u00a0ans), qui avait d\u00e9j\u00e0 \u00e9t\u00e9 condamn\u00e9 par le tribunal correctionnel de Perpignan, s\u2019est vu r\u00e9voquer sa peine datant du 9\u00a0f\u00e9vrier 2024, de six mois de prison avec ordre d\u2019incarc\u00e9ration imm\u00e9diate.<\/p>\n<p class=\" wall-content\">Personnalisez votre actualit\u00e9 en ajoutant vos villes et m\u00e9dias en favori avec <a href=\"https:\/\/moncompte.actu.fr\" title=\"D\u00e9couvez Mon Actu\" rel=\"nofollow noopener\" data-trk=\"{&quot;cta&quot;:{&quot;action&quot;:&quot;https:\\\/\\\/moncompte.actu.fr&quot;,&quot;category&quot;:&quot;mon compte&quot;,&quot;from&quot;:&quot;article footer&quot;,&quot;name&quot;:&quot;Mon actu&quot;,&quot;type&quot;:&quot;cta&quot;}}\" target=\"_blank\">Mon Actu<\/a>.<\/p>\n","protected":false},"excerpt":{"rendered":"Par Mar\u00e9va Laville Publi\u00e9 le 20 nov. 2025 \u00e0 6h42 Les automobilistes qui roulaient ce soir-l\u00e0 s\u2019en souviennent&hellip;\n","protected":false},"author":2,"featured_media":546258,"comment_status":"","ping_status":"","sticky":false,"template":"","format":"standard","meta":{"footnotes":""},"categories":[2816],"tags":[1111,11,1777,674,1011,27,303,12,2680,1072,25,104,2312],"class_list":{"0":"post-546257","1":"post","2":"type-post","3":"status-publish","4":"format-standard","5":"has-post-thumbnail","7":"category-toulouse","8":"tag-actu","9":"tag-actualites","10":"tag-eu","11":"tag-europe","12":"tag-fr","13":"tag-france","14":"tag-justice","15":"tag-news","16":"tag-occitanie","17":"tag-police","18":"tag-republique-francaise","19":"tag-societe","20":"tag-toulouse"},"share_on_mastodon":{"url":"https:\/\/pubeurope.com\/@fr\/115580554771049012","error":""},"_links":{"self":[{"href":"https:\/\/www.europesays.com\/fr\/wp-json\/wp\/v2\/posts\/546257","targetHints":{"allow":["GET"]}}],"collection":[{"href":"https:\/\/www.europesays.com\/fr\/wp-json\/wp\/v2\/posts"}],"about":[{"href":"https:\/\/www.europesays.com\/fr\/wp-json\/wp\/v2\/types\/post"}],"author":[{"embeddable":true,"href":"https:\/\/www.europesays.com\/fr\/wp-json\/wp\/v2\/users\/2"}],"replies":[{"embeddable":true,"href":"https:\/\/www.europesays.com\/fr\/wp-json\/wp\/v2\/comments?post=546257"}],"version-history":[{"count":0,"href":"https:\/\/www.europesays.com\/fr\/wp-json\/wp\/v2\/posts\/546257\/revisions"}],"wp:featuredmedia":[{"embeddable":true,"href":"https:\/\/www.europesays.com\/fr\/wp-json\/wp\/v2\/media\/546258"}],"wp:attachment":[{"href":"https:\/\/www.europesays.com\/fr\/wp-json\/wp\/v2\/media?parent=546257"}],"wp:term":[{"taxonomy":"category","embeddable":true,"href":"https:\/\/www.europesays.com\/fr\/wp-json\/wp\/v2\/categories?post=546257"},{"taxonomy":"post_tag","embeddable":true,"href":"https:\/\/www.europesays.com\/fr\/wp-json\/wp\/v2\/tags?post=546257"}],"curies":[{"name":"wp","href":"https:\/\/api.w.org\/{rel}","templated":true}]}}