{"id":546266,"date":"2025-11-20T06:19:20","date_gmt":"2025-11-20T06:19:20","guid":{"rendered":"https:\/\/www.europesays.com\/fr\/546266\/"},"modified":"2025-11-20T06:19:20","modified_gmt":"2025-11-20T06:19:20","slug":"toute-lactualite-de-ce-jeudi-20-novembre-2025-a-lyon","status":"publish","type":"post","link":"https:\/\/www.europesays.com\/fr\/546266\/","title":{"rendered":"Toute l&rsquo;actualit\u00e9 de ce jeudi 20 novembre 2025 \u00e0 Lyon"},"content":{"rendered":"<p>ECOUTEZ LE 1\/4H LYONNAIS\u2026 Toute l\u2019actualit\u00e9 de ce jeudi 20 novembre 2025<\/p>\n<p>LE 1\/4H LYONNAIS | jeudi 20 novembre 2025<\/p>\n<p>L\u2019avocat lyonnais <strong>David Metaxas<\/strong>, en <strong>garde \u00e0 vue<\/strong> en ce d\u00e9but de semaine, pour des soup\u00e7ons de viols aggrav\u00e9s, viols et agressions sexuelles, est aussi poursuivi dans un autre dossier\u2026<\/p>\n<p>Le <strong>groupe \u00e9cologiste au conseil r\u00e9gional<\/strong> a \u00e9crit \u00e0 la pr\u00e9f\u00e8te <strong>Fabienne Buccio<\/strong>. Il lui demande de \u00ab prendre l\u2019arr\u00eat\u00e9 de <strong>d\u00e9mission d\u2019office<\/strong> \u00e0 l\u2019encontre de <strong>Brice Hortefeux<\/strong>. Ce dernier a \u00e9t\u00e9 condamn\u00e9 le 25 septembre par le tribunal correctionnel de Paris avec ex\u00e9cution provisoire, pour association de malfaiteurs dans le cadre du proc\u00e8s impliquant l\u2019ancien pr\u00e9sident<strong> Nicolas Sarkozy<\/strong>.<\/p>\n<p>La <strong>zone \u00e0 trafic limit\u00e9 (ZTL)<\/strong>, dispositif visant \u00e0 interdire \u2013 sauf ayants droit \u2013 le <strong>transit automobile en Presqu\u2019\u00eele<\/strong>, est encore en phase d\u2019adaptation. De <strong>nouvelles dispositions<\/strong> seront effectives \u00e0 compter de lundi 24 novembre\u2026 On vous les d\u00e9taille dans ce 1\/4H LYONNAIS<\/p>\n<p>Ecoutez aussi : <a href=\"https:\/\/www.lyondemain.fr\/fete-des-lumieres-2025-gastronomie-skate-singa-traditions-lyonnaises\/\" target=\"_blank\" rel=\"noreferrer noopener\">La F\u00eate des Lumi\u00e8res 2025 va c\u00e9l\u00e9brer des traditions lyonnaises<\/a><\/p>\n<p>Egalement dans l\u2019actualit\u00e9 de ce jeudi 20 novembre<\/p>\n<p>La <strong>mise en perce du Beaujolais nouveau<\/strong> ! Le premier vin a \u00e9t\u00e9 pr\u00e9sent\u00e9 sur la <strong>place des Terreaux<\/strong> \u00e0 minuit p\u00e9tantes dans une ambiance festive et conviviale. Un millier de Lyonnaises et lyonnais ont fait le d\u00e9placement poyr voir le roul\u00e9 de tonneaux jusqu\u2019\u00e0 la place des Terreaux<\/p>\n<p>Notre invit\u00e9e : <strong>Oph\u00e9lie Dutr\u00e8ve<\/strong> (vice-pr\u00e9sidente de <strong>la Biojolaise<\/strong>)<\/p>\n<p>De nombreux \u00e9v\u00e9nements sont organis\u00e9s ce week-end pour d\u00e9guster le <strong>primeur<\/strong>, dont <strong><a href=\"https:\/\/www.visiterlyon.com\/sortir\/l-agenda\/fetes\/beaujol-en-scene-2025\" target=\"_blank\" rel=\"noreferrer noopener\">Beaujol\u2019en sc\u00e8ne<\/a><\/strong> encore ce soir place des Terreaux<\/p>\n<p>OL Lyonnes fait match nul face \u00e0 la Juventus Turin en Italie<\/p>\n<p>Ecoutez aussi : <a href=\"https:\/\/www.lyondemain.fr\/actualite-de-ce-mercredi-19-novembre-lyon-info-dispensaire-spa-lyon\/\" target=\"_blank\" rel=\"noreferrer noopener\">Toute l\u2019actualit\u00e9 de ce mercredi 19 novembre 2025 \u00e0 Lyon<\/a><\/p>\n<p><img fetchpriority=\"high\" decoding=\"async\" width=\"1200\" height=\"675\" src=\"https:\/\/www.europesays.com\/fr\/wp-content\/uploads\/2025\/11\/actualite-de-ce-jeudi-20-novembre-2025.jpg\" alt=\"actualit\u00e9 de ce jeudi 20 novembre  2025 info \u00e0 Lyon\" class=\"wp-image-252488\"  \/>Retrouvez aussi le Quart d\u2019Heure Lyonnais de Lyon Demain sur les antennes de Radio Pluriel (Lyon). Radio Salam (Lyon, Saint-Etienne et Bourg) et Radio Arm\u00e9nie (Lyon et Vienne)<br \/>\nJ\u2019aime \u00e7a\u00a0:<\/p>\n<p>J\u2019aime chargement\u2026<\/p>\n<p><a class=\"sd-link-color\"\/><\/p>\n<p>\n\tArticles similaires\n<\/p>\n<p>\t\t\t\t<img decoding=\"async\" src=\"https:\/\/www.europesays.com\/fr\/wp-content\/uploads\/2025\/11\/1763619560_106_7866158698e17e8ed633c05e8f8e7fe5d9e057ad78661c4dc34e413abb6b9f19\" alt=\"G\u00e9rald Bouchon\"\/><\/p>\n<p>Pionnier des radios libres, passionn\u00e9 de radio, journaliste et dirigeant de m\u00e9dias \u00e9co-responsables..<\/p>\n","protected":false},"excerpt":{"rendered":"ECOUTEZ LE 1\/4H LYONNAIS\u2026 Toute l\u2019actualit\u00e9 de ce jeudi 20 novembre 2025 LE 1\/4H LYONNAIS | jeudi 20&hellip;\n","protected":false},"author":2,"featured_media":546267,"comment_status":"","ping_status":"","sticky":false,"template":"","format":"standard","meta":{"footnotes":""},"categories":[1889],"tags":[1111,11,2430,66453,66454,1777,674,9846,1011,27,66455,66456,3539,2428,66457,12,23183,66458,25,66459,66460,16545,10252],"class_list":{"0":"post-546266","1":"post","2":"type-post","3":"status-publish","4":"format-standard","5":"has-post-thumbnail","7":"category-lyon","8":"tag-actu","9":"tag-actualites","10":"tag-auvergne-rhone-alpes","11":"tag-beaujolais-nouveau","12":"tag-conseil-regional-auvergne-rhone-alpes","13":"tag-eu","14":"tag-europe","15":"tag-fabienne-buccio","16":"tag-fr","17":"tag-france","18":"tag-hortefeux","19":"tag-la-biojolaise","20":"tag-les-ecologistes","21":"tag-lyon","22":"tag-metaxas","23":"tag-news","24":"tag-ol-lyonnes","25":"tag-ophelie-dutreve","26":"tag-republique-francaise","27":"tag-vins-bio","28":"tag-viticulteurs","29":"tag-zone-a-trafic-limite","30":"tag-ztl"},"share_on_mastodon":{"url":"https:\/\/pubeurope.com\/@fr\/115580579070358196","error":""},"_links":{"self":[{"href":"https:\/\/www.europesays.com\/fr\/wp-json\/wp\/v2\/posts\/546266","targetHints":{"allow":["GET"]}}],"collection":[{"href":"https:\/\/www.europesays.com\/fr\/wp-json\/wp\/v2\/posts"}],"about":[{"href":"https:\/\/www.europesays.com\/fr\/wp-json\/wp\/v2\/types\/post"}],"author":[{"embeddable":true,"href":"https:\/\/www.europesays.com\/fr\/wp-json\/wp\/v2\/users\/2"}],"replies":[{"embeddable":true,"href":"https:\/\/www.europesays.com\/fr\/wp-json\/wp\/v2\/comments?post=546266"}],"version-history":[{"count":0,"href":"https:\/\/www.europesays.com\/fr\/wp-json\/wp\/v2\/posts\/546266\/revisions"}],"wp:featuredmedia":[{"embeddable":true,"href":"https:\/\/www.europesays.com\/fr\/wp-json\/wp\/v2\/media\/546267"}],"wp:attachment":[{"href":"https:\/\/www.europesays.com\/fr\/wp-json\/wp\/v2\/media?parent=546266"}],"wp:term":[{"taxonomy":"category","embeddable":true,"href":"https:\/\/www.europesays.com\/fr\/wp-json\/wp\/v2\/categories?post=546266"},{"taxonomy":"post_tag","embeddable":true,"href":"https:\/\/www.europesays.com\/fr\/wp-json\/wp\/v2\/tags?post=546266"}],"curies":[{"name":"wp","href":"https:\/\/api.w.org\/{rel}","templated":true}]}}