{"id":546268,"date":"2025-11-20T06:20:26","date_gmt":"2025-11-20T06:20:26","guid":{"rendered":"https:\/\/www.europesays.com\/fr\/546268\/"},"modified":"2025-11-20T06:20:26","modified_gmt":"2025-11-20T06:20:26","slug":"roulement-des-tonneaux-de-vin-defile-des-flambeaux-degustation-a-lyon-le-beaujolais-nouveau-fait-son-retour-en-fanfare","status":"publish","type":"post","link":"https:\/\/www.europesays.com\/fr\/546268\/","title":{"rendered":"Roulement des tonneaux de vin, d\u00e9fil\u00e9 des flambeaux, d\u00e9gustation&#8230; \u00c0 Lyon, le beaujolais nouveau fait son retour en fanfare"},"content":{"rendered":"<p>                                    <img decoding=\"async\" src=\"https:\/\/www.europesays.com\/fr\/wp-content\/uploads\/2025\/11\/fd0a287f2c06af16a225a0409b8781a8b5cf7da5d0d17f17620cccfa974aceb2.jpg\" alt=\"Beaujolais nouveau: les images des tonneaux de vin amen\u00e9s par roulement depuis une p\u00e9niche \u00e0 Lyon\" class=\"a11y-hidden\" fetchpriority=\"high\"\/><\/p>\n<p>\n    <strong>VID\u00c9O<\/strong> &#8211; Apr\u00e8s un voyage fluvial sur la Sa\u00f4ne, le beaujolais nouveau a \u00e9t\u00e9 d\u00e9gust\u00e9 dans la nuit du mercredi au jeudi \u00e0 Lyon comme le veut la tradition.<\/p>\n<p class=\"fig-paragraph\">Une d\u00e9gustation au c\u0153ur de la nuit. Comme le veut la tradition, le\u00a0<a href=\"http:\/\/avis-vin.lefigaro.fr\/agenda\/beaujolais-nouveau-2025-les-premieres-degustations-attendues-dans-la-nuit-20251119\" data-fig-type=\"NewsFlash\" data-gtm-custom-categorie=\"navigation\" data-gtm-custom-action=\"crossclick\" data-gtm-custom-label=\"Contextuel\" data-gtm-event=\"customEventSPE\" data-fig-domain=\"AVIS_VIN\" rel=\"nofollow noopener\" target=\"_blank\">Beaujolais nouveau a fait son retour \u00e0 minuit<\/a>\u00a0pile mercredi 19 novembre, un \u00e9v\u00e9nement c\u00e9l\u00e9br\u00e9 bien au-del\u00e0 de sa r\u00e9gion d\u2019origine. Apr\u00e8s un voyage fluvial sur la Sa\u00f4ne, les tonneaux ont \u00e9t\u00e9 roul\u00e9s jusqu\u2019\u00e0 l\u2019h\u00f4tel de ville de\u00a0<a href=\"http:\/\/www.lefigaro.fr\/lyon\/lyon-il-manque-encore-un-demi-million-d-euros-pour-sauver-la-basilique-notre-dame-de-fourviere-qui-lance-un-nouvel-appel-au-don-20251119\" data-fig-type=\"NewsFlash\" data-gtm-custom-categorie=\"navigation\" data-gtm-custom-action=\"crossclick\" data-gtm-custom-label=\"Contextuel\" data-gtm-event=\"customEventSPE\" data-fig-domain=\"LEFIGARO\" rel=\"nofollow noopener\" target=\"_blank\">Lyon<\/a>\u00a0depuis une p\u00e9niche amarr\u00e9e. Des flambeaux ont \u00e9galement d\u00e9fil\u00e9 pour c\u00e9l\u00e9brer l\u2019arriv\u00e9e de ce nouveau cru.<\/p>\n<p class=\"fig-paragraph\">Depuis 1996, les Jeunes agriculteurs du Rh\u00f4ne c\u00e9l\u00e8brent, le troisi\u00e8me jeudi de novembre, \u00e0 travers les festivit\u00e9s de Beaujol\u2019en Sc\u00e8ne. En fanfare, les vignerons ont d\u00e9voil\u00e9 leurs cuv\u00e9es \u00e0 l\u2019occasion d\u2019une d\u00e9gustation g\u00e9ante avec des Lyonnais et des touristes \u00e9merveill\u00e9s par cette tradition.<\/p>\n<p>                                    <a class=\"fig-a11y-skip a11y-hidden\" href=\"#fig-a11y-skip-main-inarticle\"><br \/>\n        Passer la publicit\u00e9<br \/>\n    <\/a><\/p>\n<p>La qualit\u00e9 au rendez-vous<\/p>\n<p class=\"fig-paragraph\">\u00abComme on dit \u00e0 Lyon, il y a trois fleuves. Le Rh\u00f4ne, la Sa\u00f4ne et le Beaujolais. On est vraiment l\u00e0 pour le promouvoir\u00bb, a soulign\u00e9 Thomas Danguin, le pr\u00e9sident des Jeunes agriculteurs. Cette ann\u00e9e, la \u00abqualit\u00e9 est au rendez-vous, avec des vins tr\u00e8s digestes, tr\u00e8s fins, tr\u00e8s \u00e9l\u00e9gants\u00bb, a assur\u00e9 \u00e0 l\u2019AFP Jean-Marc Lafont, le pr\u00e9sident de l\u2019interprofession Inter-Beaujolais.<\/p>\n<p class=\"fig-paragraph\">\u00abC\u2019est un mill\u00e9sime qui est avec un tr\u00e8s joli fruit assez charnu, tr\u00e8s souple, tr\u00e8s rond, des ar\u00f4mes tr\u00e8s purs, mais des quantit\u00e9s moindres\u00bb, a-t-il nuanc\u00e9, tout en pointant les pr\u00e9cipitations qui ont affect\u00e9 la floraison d\u00e9but juin et la canicule cet \u00e9t\u00e9.<\/p>\n","protected":false},"excerpt":{"rendered":"VID\u00c9O &#8211; Apr\u00e8s un voyage fluvial sur la Sa\u00f4ne, le beaujolais nouveau a \u00e9t\u00e9 d\u00e9gust\u00e9 dans la nuit&hellip;\n","protected":false},"author":2,"featured_media":546269,"comment_status":"","ping_status":"","sticky":false,"template":"","format":"standard","meta":{"footnotes":""},"categories":[1889],"tags":[1111,11,2430,8079,1777,674,1011,27,2428,12,25,1662],"class_list":{"0":"post-546268","1":"post","2":"type-post","3":"status-publish","4":"format-standard","5":"has-post-thumbnail","7":"category-lyon","8":"tag-actu","9":"tag-actualites","10":"tag-auvergne-rhone-alpes","11":"tag-beaujolais","12":"tag-eu","13":"tag-europe","14":"tag-fr","15":"tag-france","16":"tag-lyon","17":"tag-news","18":"tag-republique-francaise","19":"tag-vin"},"share_on_mastodon":{"url":"https:\/\/pubeurope.com\/@fr\/115580582283457598","error":""},"_links":{"self":[{"href":"https:\/\/www.europesays.com\/fr\/wp-json\/wp\/v2\/posts\/546268","targetHints":{"allow":["GET"]}}],"collection":[{"href":"https:\/\/www.europesays.com\/fr\/wp-json\/wp\/v2\/posts"}],"about":[{"href":"https:\/\/www.europesays.com\/fr\/wp-json\/wp\/v2\/types\/post"}],"author":[{"embeddable":true,"href":"https:\/\/www.europesays.com\/fr\/wp-json\/wp\/v2\/users\/2"}],"replies":[{"embeddable":true,"href":"https:\/\/www.europesays.com\/fr\/wp-json\/wp\/v2\/comments?post=546268"}],"version-history":[{"count":0,"href":"https:\/\/www.europesays.com\/fr\/wp-json\/wp\/v2\/posts\/546268\/revisions"}],"wp:featuredmedia":[{"embeddable":true,"href":"https:\/\/www.europesays.com\/fr\/wp-json\/wp\/v2\/media\/546269"}],"wp:attachment":[{"href":"https:\/\/www.europesays.com\/fr\/wp-json\/wp\/v2\/media?parent=546268"}],"wp:term":[{"taxonomy":"category","embeddable":true,"href":"https:\/\/www.europesays.com\/fr\/wp-json\/wp\/v2\/categories?post=546268"},{"taxonomy":"post_tag","embeddable":true,"href":"https:\/\/www.europesays.com\/fr\/wp-json\/wp\/v2\/tags?post=546268"}],"curies":[{"name":"wp","href":"https:\/\/api.w.org\/{rel}","templated":true}]}}