{"id":546274,"date":"2025-11-20T06:24:35","date_gmt":"2025-11-20T06:24:35","guid":{"rendered":"https:\/\/www.europesays.com\/fr\/546274\/"},"modified":"2025-11-20T06:24:35","modified_gmt":"2025-11-20T06:24:35","slug":"a-4-heures-de-paris-il-fait-encore-25-degres-en-novembre-dans-cette-petite-venise-du-sud","status":"publish","type":"post","link":"https:\/\/www.europesays.com\/fr\/546274\/","title":{"rendered":"\u00c0 4 heures de Paris, il fait encore 25 degr\u00e9s en novembre dans cette \u00ab\u00a0petite Venise du Sud\u00a0\u00bb"},"content":{"rendered":"<p data-start=\"229\" data-end=\"800\">Maintenant que les temp\u00e9ratures<br \/>\nsont glaciales et que le soleil ne se montre plus que par<br \/>\nintermittence, l\u2019envie de s\u2019\u00e9chapper vers des contr\u00e9es plus<br \/>\nlumineuses se fait pressante. La grisaille s\u2019installe, la fatigue<br \/>\nhivernale aussi, et l\u2019on r\u00eave d\u2019un endroit o\u00f9 l\u2019air reste doux et<br \/>\nles journ\u00e9es baign\u00e9es de lumi\u00e8re. Inutile pourtant de traverser le<br \/>\nglobe, \u00e0 seulement quatre heures de Paris, il existe une <a href=\"https:\/\/www.grazia.fr\/lifestyle\/voyages\/souvent-surnomme-la-petite-venise-du-gard-ce-village-enchanteur-est-un-veritable-joyau-a-decouvrir-1132600.html\" target=\"_blank\" rel=\"noopener\"><br \/>\n\u00ab\u00a0petite Venise\u00a0\u00bb<\/a> o\u00f9 le mercure grimpe encore jusqu\u2019\u00e0 25\u00b0C en<br \/>\nnovembre. Une parenth\u00e8se ensoleill\u00e9e id\u00e9ale pour fuir la morosit\u00e9<br \/>\nde l\u2019hiver naissant.<\/p>\n<p>La \u00ab\u00a0petite Venise du Sud\u00a0\u00bb o\u00f9<br \/>\naller chercher le soleil en hiver<\/p>\n<p data-start=\"802\" data-end=\"1334\">Direction <strong data-start=\"822\" data-end=\"841\">Puerto de Mog\u00e1n<\/strong>, au sud-ouest de Gran<br \/>\nCanaria, dans l\u2019archipel des <a href=\"https:\/\/www.grazia.fr\/lifestyle\/voyages\/on-ne-revient-plus-en-france-cette-ile-espagnole-au-climat-parfait-devient-le-nouvel-eldorado-francais-1200049.html\" target=\"_blank\" rel=\"noopener\"><br \/>\nCanaries<\/a>. Mis en lumi\u00e8re par <a href=\"https:\/\/www.mariefrance.fr\/evasion\/une-petite-venise-terrasses-soleil-et-pas-de-touristes-ce-village-ou-il-fait-25-degres-en-novembre-1219425.html\" target=\"_blank\" rel=\"nofollow noopener\">Marie France<\/a>,<br \/>\nce charmant village, surnomm\u00e9 la petite Venise du Sud, doit son nom<br \/>\n\u00e0 ses canaux, ses ponts fleuris et ses fa\u00e7ades blanches habill\u00e9es<br \/>\nde bougainvilliers. Gr\u00e2ce \u00e0 un microclimat exceptionnel, les<br \/>\ntemp\u00e9ratures oscillent entre 22 et 25\u00b0C en plein c\u0153ur de l\u2019automne,<br \/>\ntandis que la mer reste \u00e9tonnamment douce, autour de 22\u00b0C. Une<br \/>\ndestination o\u00f9 le soleil brille pr\u00e8s de 300 jours par an,<br \/>\ntransformant chaque journ\u00e9e en pause lumineuse.<\/p>\n<p data-start=\"802\" data-end=\"1334\">Puerto de Mog\u00e1n s\u00e9duit par son<br \/>\nambiance paisible et son d\u00e9cor presque m\u00e9diterran\u00e9en. Le village<br \/>\ns\u2019articule entre la marina \u00e9l\u00e9gante, le port de p\u00eache anim\u00e9 et la<br \/>\nplage dor\u00e9e de Playa de Mog\u00e1n. On d\u00e9ambule sur les quais, on admire<br \/>\nles passerelles fleuries, on s\u2019offre un caf\u00e9 face aux voiliers<br \/>\navant de rejoindre, en quelques minutes \u00e0 pied, le sable chaud pour<br \/>\nun bain de soleil. Pour savourer l\u2019atmosph\u00e8re sans bousculade,<br \/>\nmieux vaut venir hors saison estivale et \u00e9viter le vendredi, jour<br \/>\nde march\u00e9 o\u00f9 les ruelles s\u2019animent.<\/p>\n<p>Que<br \/>\nfaire \u00e0 Puerto de Mog\u00e1n ?<\/p>\n<p data-start=\"1873\" data-end=\"2387\">En novembre, <a href=\"https:\/\/www.grazia.fr\/news-et-societe\/vague-de-froid-un-air-polaire-va-sabattre-sur-la-france-cette-semaine-de-la-neige-attendue-1201245.html\" target=\"_blank\" rel=\"noopener\"><br \/>\nla m\u00e9t\u00e9o<\/a> est particuli\u00e8rement cl\u00e9mente : des apr\u00e8s-midi \u00e0<br \/>\n22-25\u00b0C, des soir\u00e9es autour de 18\u00b0C et une mer d\u00e9licieusement<br \/>\nti\u00e8de. Une veste l\u00e9g\u00e8re suffit une fois la nuit tomb\u00e9e, mais la<br \/>\njourn\u00e9e se vit en tenue estivale. C\u00f4t\u00e9 budget, l\u2019endroit reste<br \/>\naccessible : terrasses ensoleill\u00e9es, poissons grill\u00e9s au bord de<br \/>\nl\u2019eau, mangues et avocats locaux\u2026 Les h\u00f4tels l\u00e9g\u00e8rement en retrait<br \/>\nde la plage affichent souvent un excellent rapport qualit\u00e9-prix<br \/>\npour un s\u00e9jour abordable.<\/p>\n<p data-start=\"1873\" data-end=\"2387\">Si la plage invite<br \/>\nnaturellement au farniente, Puerto de Mog\u00e1n offre aussi de<br \/>\nnombreuses activit\u00e9s. Kayak, plong\u00e9e, jet-ski : chacun peut go\u00fbter<br \/>\naux plaisirs nautiques. Pour varier, on grimpe jusqu\u2019au Mirador<br \/>\npour admirer le panorama, on explore le site arch\u00e9ologique de<br \/>\nCa\u00f1ada de los Gatos ou l\u2019on randonne vers Taurito et Amadores. Les<br \/>\namateurs d\u2019animations appr\u00e9cieront le march\u00e9 du vendredi, tandis<br \/>\nque les curieux pourront prolonger l\u2019aventure jusqu\u2019aux dunes<br \/>\nmajestueuses de Maspalomas, accessibles en quelques dizaines de<br \/>\nminutes de route.<\/p>\n","protected":false},"excerpt":{"rendered":"Maintenant que les temp\u00e9ratures sont glaciales et que le soleil ne se montre plus que par intermittence, l\u2019envie&hellip;\n","protected":false},"author":2,"featured_media":546275,"comment_status":"","ping_status":"","sticky":false,"template":"","format":"standard","meta":{"footnotes":""},"categories":[1888],"tags":[13204,15540,13041,1111,1928,11,1927,3477,1446,1805,62656,3029,3026,1440,1777,674,21,1011,27,6203,3707,12,1926,24649,626,1925,2044,25,7053,16787],"class_list":{"0":"post-546274","1":"post","2":"type-post","3":"status-publish","4":"format-standard","5":"has-post-thumbnail","7":"category-paris","8":"tag-13204","9":"tag-15540","10":"tag-a","11":"tag-actu","12":"tag-actu-paris","13":"tag-actualites","14":"tag-actualites-paris","15":"tag-cette","16":"tag-dans","17":"tag-de","18":"tag-degres","19":"tag-du","20":"tag-en","21":"tag-encore","22":"tag-eu","23":"tag-europe","24":"tag-fait","25":"tag-fr","26":"tag-france","27":"tag-heures","28":"tag-il","29":"tag-news","30":"tag-news-paris","31":"tag-novembre","32":"tag-paris","33":"tag-paris-news","34":"tag-petite","35":"tag-republique-francaise","36":"tag-sud","37":"tag-venise"},"share_on_mastodon":{"url":"https:\/\/pubeurope.com\/@fr\/115580598063410769","error":""},"_links":{"self":[{"href":"https:\/\/www.europesays.com\/fr\/wp-json\/wp\/v2\/posts\/546274","targetHints":{"allow":["GET"]}}],"collection":[{"href":"https:\/\/www.europesays.com\/fr\/wp-json\/wp\/v2\/posts"}],"about":[{"href":"https:\/\/www.europesays.com\/fr\/wp-json\/wp\/v2\/types\/post"}],"author":[{"embeddable":true,"href":"https:\/\/www.europesays.com\/fr\/wp-json\/wp\/v2\/users\/2"}],"replies":[{"embeddable":true,"href":"https:\/\/www.europesays.com\/fr\/wp-json\/wp\/v2\/comments?post=546274"}],"version-history":[{"count":0,"href":"https:\/\/www.europesays.com\/fr\/wp-json\/wp\/v2\/posts\/546274\/revisions"}],"wp:featuredmedia":[{"embeddable":true,"href":"https:\/\/www.europesays.com\/fr\/wp-json\/wp\/v2\/media\/546275"}],"wp:attachment":[{"href":"https:\/\/www.europesays.com\/fr\/wp-json\/wp\/v2\/media?parent=546274"}],"wp:term":[{"taxonomy":"category","embeddable":true,"href":"https:\/\/www.europesays.com\/fr\/wp-json\/wp\/v2\/categories?post=546274"},{"taxonomy":"post_tag","embeddable":true,"href":"https:\/\/www.europesays.com\/fr\/wp-json\/wp\/v2\/tags?post=546274"}],"curies":[{"name":"wp","href":"https:\/\/api.w.org\/{rel}","templated":true}]}}