{"id":546276,"date":"2025-11-20T06:25:13","date_gmt":"2025-11-20T06:25:13","guid":{"rendered":"https:\/\/www.europesays.com\/fr\/546276\/"},"modified":"2025-11-20T06:25:13","modified_gmt":"2025-11-20T06:25:13","slug":"une-panne-delectricite-plonge-une-partie-de-deux-arrondissements-de-paris-et-malakoff-dans-le-noir-le-metro-perturbe","status":"publish","type":"post","link":"https:\/\/www.europesays.com\/fr\/546276\/","title":{"rendered":"Une panne d\u2019\u00e9lectricit\u00e9 plonge une partie de deux arrondissements de Paris et Malakoff dans le noir, le m\u00e9tro perturb\u00e9"},"content":{"rendered":"<p class=\"paragraph text_align_left lp-f-body-02\">Feu de signalisation et lampadaires \u00e9teints. Une <a href=\"https:\/\/www.leparisien.fr\/paris-75\/galeries-lafayette-assemblee-nationale-plusieurs-coupures-delectricite-a-paris-samedi-06-07-2025-X74RZWZOYNDBXPWUXN4A7V4HXU.php\" target=\"_blank\" rel=\"noreferrer nofollow noopener\">panne d\u2019\u00e9lectricit\u00e9<\/a> a eu lieu ce jeudi matin \u00e0 Paris, dans une partie du XVe arrondissement. Contact\u00e9 par Le Parisien, <a href=\"https:\/\/www.leparisien.fr\/seine-et-marne-77\/canicule-inondations-tempetes-comment-enedis-protege-le-reseau-electrique-en-seine-et-marne-29-08-2025-UGQUFE6RVZAD3KIWGTPAVQZPBM.php\" target=\"_blank\" rel=\"noreferrer nofollow noopener\">Enedis<\/a> indique que la coupure a \u00e9t\u00e9 br\u00e8ve, \u00ab elle a dur\u00e9 cinq minutes \u00bb mais nous avons pu constater que tout n\u2019\u00e9tait pas r\u00e9tabli \u00e0 7 heures.<\/p>\n<p class=\"paragraph text_align_left lp-f-body-02\">\u00ab C\u2019est un poste qui a l\u00e2ch\u00e9, mais tout a repris \u00bb, poursuit cette m\u00eame source.<\/p>\n<p class=\"paragraph text_align_left lp-f-body-02\">La panne a aussi touch\u00e9 une partie du XIVe arrondissement et Malakoff (Hauts-de-Seine).<\/p>\n<p>L\u2019\u00e9clairage public \u00e9teint<\/p>\n<p class=\"paragraph text_align_left lp-f-body-02\">Vers 6h30, une partie des rues du secteur impact\u00e9 \u00e9tait encore plong\u00e9e dans le noir, comme \u00e0 La Motte-Piquet Grenelle.<\/p>\n<p><img decoding=\"async\" class=\"image \" loading=\"lazy\" src=\"https:\/\/www.europesays.com\/fr\/wp-content\/uploads\/2025\/11\/UTG3NPKUZJEVHJISLQHBPNVOHM.jpg\" alt=\"Des rues ont \u00e9t\u00e9 plong\u00e9es dans le noir ce jeudi, en raison d'une panne d'\u00e9lectricit\u00e9 dans le XVe arrondissement de Paris.\" align=\"\" data-rubrique-principale=\"\" data-article-type=\"\" fetchpriority=\"auto\"\/>Des rues ont \u00e9t\u00e9 plong\u00e9es dans le noir ce jeudi, en raison d&rsquo;une panne d&rsquo;\u00e9lectricit\u00e9 dans le XVe arrondissement de Paris.<\/p>\n<p class=\"paragraph text_align_left lp-f-body-02\">Vers 7 heures, une grande partie de la rue Lecourbe n\u2019avait plus de feux et d\u2019\u00e9clairages. \u00c0 Malakoff, certains habitants se sont retrouv\u00e9s \u00e0 la porte de chez eux, leur digicode ne fonctionnant plus.<\/p>\n<p class=\"paragraph text_align_left lp-f-body-02\">Autre cons\u00e9quence de cette coupure de courant, la ligne 12 du m\u00e9tro est \u00e0 l\u2019arr\u00eat.<\/p>\n<p class=\"paragraph text_align_left lp-f-body-02\">\u00ab Les trains stationnent sur toute la ligne, en raison d\u2019une panne \u00e9lectrique \u00bb, pr\u00e9cise la RATP, sur X.<\/p>\n","protected":false},"excerpt":{"rendered":"Feu de signalisation et lampadaires \u00e9teints. Une panne d\u2019\u00e9lectricit\u00e9 a eu lieu ce jeudi matin \u00e0 Paris, dans&hellip;\n","protected":false},"author":2,"featured_media":546277,"comment_status":"","ping_status":"","sticky":false,"template":"","format":"standard","meta":{"footnotes":""},"categories":[1888],"tags":[11,1777,674,1011,27,1944,12,626,25],"class_list":{"0":"post-546276","1":"post","2":"type-post","3":"status-publish","4":"format-standard","5":"has-post-thumbnail","7":"category-paris","8":"tag-actualites","9":"tag-eu","10":"tag-europe","11":"tag-fr","12":"tag-france","13":"tag-ma-ville","14":"tag-news","15":"tag-paris","16":"tag-republique-francaise"},"share_on_mastodon":{"url":"https:\/\/pubeurope.com\/@fr\/115580602496346557","error":""},"_links":{"self":[{"href":"https:\/\/www.europesays.com\/fr\/wp-json\/wp\/v2\/posts\/546276","targetHints":{"allow":["GET"]}}],"collection":[{"href":"https:\/\/www.europesays.com\/fr\/wp-json\/wp\/v2\/posts"}],"about":[{"href":"https:\/\/www.europesays.com\/fr\/wp-json\/wp\/v2\/types\/post"}],"author":[{"embeddable":true,"href":"https:\/\/www.europesays.com\/fr\/wp-json\/wp\/v2\/users\/2"}],"replies":[{"embeddable":true,"href":"https:\/\/www.europesays.com\/fr\/wp-json\/wp\/v2\/comments?post=546276"}],"version-history":[{"count":0,"href":"https:\/\/www.europesays.com\/fr\/wp-json\/wp\/v2\/posts\/546276\/revisions"}],"wp:featuredmedia":[{"embeddable":true,"href":"https:\/\/www.europesays.com\/fr\/wp-json\/wp\/v2\/media\/546277"}],"wp:attachment":[{"href":"https:\/\/www.europesays.com\/fr\/wp-json\/wp\/v2\/media?parent=546276"}],"wp:term":[{"taxonomy":"category","embeddable":true,"href":"https:\/\/www.europesays.com\/fr\/wp-json\/wp\/v2\/categories?post=546276"},{"taxonomy":"post_tag","embeddable":true,"href":"https:\/\/www.europesays.com\/fr\/wp-json\/wp\/v2\/tags?post=546276"}],"curies":[{"name":"wp","href":"https:\/\/api.w.org\/{rel}","templated":true}]}}