{"id":546278,"date":"2025-11-20T06:26:14","date_gmt":"2025-11-20T06:26:14","guid":{"rendered":"https:\/\/www.europesays.com\/fr\/546278\/"},"modified":"2025-11-20T06:26:14","modified_gmt":"2025-11-20T06:26:14","slug":"paris-accuse-dagression-sexuelle-sur-un-enfant-puis-innocente-en-24-heures-un-animateur-definitivement-ecarte","status":"publish","type":"post","link":"https:\/\/www.europesays.com\/fr\/546278\/","title":{"rendered":"Paris\u00a0: accus\u00e9 d\u2019agression sexuelle sur un enfant puis innocent\u00e9 en 24\u00a0heures, un animateur d\u00e9finitivement \u00e9cart\u00e9"},"content":{"rendered":"<p class=\"paragraph text_align_left lp-f-body-02\">La s\u00e9quence aura dur\u00e9 moins d\u2019une semaine. \u00ab Depuis le d\u00e9but, j\u2019avais cette crainte, on m\u2019avait pr\u00e9venu. \u00bb Quelques jours seulement apr\u00e8s le coup de fil de la Circonscription des affaires scolaires et de la petite enfance (CASPE) du VIIe et du XVe arrondissement, Math\u00e9o (le pr\u00e9nom a \u00e9t\u00e9 chang\u00e9) n\u2019en revient toujours pas. Il vient d\u2019\u00eatre d\u00e9finitivement \u00e9cart\u00e9 de la liste des vacataires de la Ville de Paris pour travailler comme animateur p\u00e9riscolaire au sein des \u00e9coles de la capitale.<\/p>\n<p class=\"paragraph text_align_left lp-f-body-02\">Depuis fin juin, cet \u00e9tudiant de 23 ans, en licence \u00e9conomie gestion, encadrait des enfants en parall\u00e8le de son cursus scolaire.<\/p>\n","protected":false},"excerpt":{"rendered":"La s\u00e9quence aura dur\u00e9 moins d\u2019une semaine. \u00ab Depuis le d\u00e9but, j\u2019avais cette crainte, on m\u2019avait pr\u00e9venu. \u00bb&hellip;\n","protected":false},"author":2,"featured_media":546279,"comment_status":"","ping_status":"","sticky":false,"template":"","format":"standard","meta":{"footnotes":""},"categories":[1888],"tags":[11,1777,674,118,1011,27,1944,12,626,25],"class_list":{"0":"post-546278","1":"post","2":"type-post","3":"status-publish","4":"format-standard","5":"has-post-thumbnail","7":"category-paris","8":"tag-actualites","9":"tag-eu","10":"tag-europe","11":"tag-faits-divers","12":"tag-fr","13":"tag-france","14":"tag-ma-ville","15":"tag-news","16":"tag-paris","17":"tag-republique-francaise"},"share_on_mastodon":{"url":"https:\/\/pubeurope.com\/@fr\/115580605995774951","error":""},"_links":{"self":[{"href":"https:\/\/www.europesays.com\/fr\/wp-json\/wp\/v2\/posts\/546278","targetHints":{"allow":["GET"]}}],"collection":[{"href":"https:\/\/www.europesays.com\/fr\/wp-json\/wp\/v2\/posts"}],"about":[{"href":"https:\/\/www.europesays.com\/fr\/wp-json\/wp\/v2\/types\/post"}],"author":[{"embeddable":true,"href":"https:\/\/www.europesays.com\/fr\/wp-json\/wp\/v2\/users\/2"}],"replies":[{"embeddable":true,"href":"https:\/\/www.europesays.com\/fr\/wp-json\/wp\/v2\/comments?post=546278"}],"version-history":[{"count":0,"href":"https:\/\/www.europesays.com\/fr\/wp-json\/wp\/v2\/posts\/546278\/revisions"}],"wp:featuredmedia":[{"embeddable":true,"href":"https:\/\/www.europesays.com\/fr\/wp-json\/wp\/v2\/media\/546279"}],"wp:attachment":[{"href":"https:\/\/www.europesays.com\/fr\/wp-json\/wp\/v2\/media?parent=546278"}],"wp:term":[{"taxonomy":"category","embeddable":true,"href":"https:\/\/www.europesays.com\/fr\/wp-json\/wp\/v2\/categories?post=546278"},{"taxonomy":"post_tag","embeddable":true,"href":"https:\/\/www.europesays.com\/fr\/wp-json\/wp\/v2\/tags?post=546278"}],"curies":[{"name":"wp","href":"https:\/\/api.w.org\/{rel}","templated":true}]}}