{"id":54628,"date":"2025-04-26T14:52:12","date_gmt":"2025-04-26T14:52:12","guid":{"rendered":"https:\/\/www.europesays.com\/fr\/54628\/"},"modified":"2025-04-26T14:52:12","modified_gmt":"2025-04-26T14:52:12","slug":"volley-ball-nationale-3-masculine-le-tfvb-joue-sa-peau-dimanche-face-a-martigues","status":"publish","type":"post","link":"https:\/\/www.europesays.com\/fr\/54628\/","title":{"rendered":"Volley-ball (Nationale 3 masculine). Le TFVB joue sa peau dimanche face \u00e0 Martigues"},"content":{"rendered":"<p>\n                                                                    l&rsquo;essentiel<br \/>\n                                                                Pour son dernier match de la saison \u00e0 domicile, le TFVB doit absolument s\u2019imposer face \u00e0 Martigues pour encore esp\u00e9rer le maintien en Nationale 3 masculine. Malgr\u00e9 les absences.\n                            <\/p>\n<p><strong>Tarascon Foix Volley-Ball (9e\u00a0; 17 points en 16 matches)- Martigues Volley-Ball (7e\u00a0; 19 points en 16 matches)\u00a0; dimanche \u00e0 15\u00a0heures, gymnase du coll\u00e8ge, \u00e0 Tarascon-sur-Ari\u00e8ge.-<\/strong> Pour garder une chance d\u2019\u00e9voluer en Nationale la saison prochaine, le TFVB doit absolument s\u2019imposer, 3-0 ou 3-1. Martigues II, qui rend visite aux Ari\u00e9geois, a pris de l\u2019avance sur les Ari\u00e9geois, premiers rel\u00e9gables. Intercal\u00e9s, avec eux aussi 2 points d\u2019avance sur les hommes de Chabrel, c\u2019est d\u00e9sormais Mauguio qui est dans le viseur des locaux. Si le TFVB l\u2019emporte ais\u00e9ment ce dimanche, et que Mauguio tombe, logiquement, chez le leader du T0AC TUC III, sans prendre deux sets, tout se jouera lors de la derni\u00e8re journ\u00e9e, \u00e0 Ramonville pour les Ari\u00e9geois et \u00e0 Arles pour les H\u00e9raultais. Pour l\u2019heure, les joueurs de \u00ab\u00a0captain\u00a0\u00bb Bru vont encore tout donner pour r\u00eaver encore. Dans leur chaudron, ils veulent, port\u00e9s par leurs fid\u00e8les supporters, r\u00e9p\u00e9ter la performance r\u00e9alis\u00e9e le 13\u00a0avril contre Montpellier. Pour cela, il faudra d\u00e9fendre comme des \u00ab\u00a0morts de faim\u00a0\u00bb, dans le sillage de leur m\u00e9tronome dans ce secteur, Justin Bouville, le lib\u00e9ro. Si Augustin Grosdidier, en pointe, brille comme contre le MUC III, alors tout est permis. Malheureusement, les nouvelles de la semaine ne sont pas bonnes. Hugo Pottier, le passeur, pi\u00e8ce ma\u00eetresse de la maison verte et blanche, sera absent, bless\u00e9 aux adducteurs. P.- A Thomi\u00e8res prendra la passe, sans avoir pu s\u2019entra\u00eener cette semaine. Thomas Buyssine, m\u00e9tronome \u00e0 l\u2019aile depuis le d\u00e9but de saison, ne sera pas l\u00e0 non plus.<\/p>\n<p>\u00ab\u00a0Ce sera dur\u00a0\u00bb<\/p>\n<p>\u00ab\u00a0Ce sera dur\u00a0\u00bb lance, laconique, le coach ari\u00e9geois. Au match aller, les Ari\u00e9geois avaient mordu la poussi\u00e8re dans les Bouches du Rh\u00f4ne, s\u00e9v\u00e8rement battus, 3-0. On se rappelle un Chabrel en col\u00e8re, remontant les bretelles de ses joueurs\u00a0: \u00ab\u00a0Nous n\u2019avons rien fait de bon. En r\u00e9ception et en d\u00e9fense, nous avons \u00e9t\u00e9 en dessous de tout\u00a0\u00bb. Il faudra donc un tout autre TFVB ce dimanche, dans son chaudron, pour venir \u00e0 bout des Mart\u00e9gaux, malgr\u00e9 un effectif meurtri. Il faudra tout donner, et m\u00eame garder son sang-froid, car \u00e0 l\u2019enjeu \u00e9norme. Avec un duo d\u2019arbitres qui n\u2019avait pas \u00e9t\u00e9 tendre avec les Ari\u00e9geois face \u00e0 Ramonville, esp\u00e9rons que seul le volley-ball soit le grand gagnant de cette confrontation lors de laquelle le TFVB joue sa peau en Nationale.<\/p>\n","protected":false},"excerpt":{"rendered":"l&rsquo;essentiel Pour son dernier match de la saison \u00e0 domicile, le TFVB doit absolument s\u2019imposer face \u00e0 Martigues&hellip;\n","protected":false},"author":2,"featured_media":54629,"comment_status":"","ping_status":"","sticky":false,"template":"","format":"standard","meta":{"footnotes":""},"categories":[1417],"tags":[1011,27,60,1470,1469],"class_list":{"0":"post-54628","1":"post","2":"type-post","3":"status-publish","4":"format-standard","5":"has-post-thumbnail","7":"category-volley","8":"tag-fr","9":"tag-france","10":"tag-sports","11":"tag-volley","12":"tag-volleyball"},"share_on_mastodon":{"url":"https:\/\/pubeurope.com\/@fr\/114404834943395160","error":""},"_links":{"self":[{"href":"https:\/\/www.europesays.com\/fr\/wp-json\/wp\/v2\/posts\/54628","targetHints":{"allow":["GET"]}}],"collection":[{"href":"https:\/\/www.europesays.com\/fr\/wp-json\/wp\/v2\/posts"}],"about":[{"href":"https:\/\/www.europesays.com\/fr\/wp-json\/wp\/v2\/types\/post"}],"author":[{"embeddable":true,"href":"https:\/\/www.europesays.com\/fr\/wp-json\/wp\/v2\/users\/2"}],"replies":[{"embeddable":true,"href":"https:\/\/www.europesays.com\/fr\/wp-json\/wp\/v2\/comments?post=54628"}],"version-history":[{"count":0,"href":"https:\/\/www.europesays.com\/fr\/wp-json\/wp\/v2\/posts\/54628\/revisions"}],"wp:featuredmedia":[{"embeddable":true,"href":"https:\/\/www.europesays.com\/fr\/wp-json\/wp\/v2\/media\/54629"}],"wp:attachment":[{"href":"https:\/\/www.europesays.com\/fr\/wp-json\/wp\/v2\/media?parent=54628"}],"wp:term":[{"taxonomy":"category","embeddable":true,"href":"https:\/\/www.europesays.com\/fr\/wp-json\/wp\/v2\/categories?post=54628"},{"taxonomy":"post_tag","embeddable":true,"href":"https:\/\/www.europesays.com\/fr\/wp-json\/wp\/v2\/tags?post=54628"}],"curies":[{"name":"wp","href":"https:\/\/api.w.org\/{rel}","templated":true}]}}