{"id":546284,"date":"2025-11-20T06:29:13","date_gmt":"2025-11-20T06:29:13","guid":{"rendered":"https:\/\/www.europesays.com\/fr\/546284\/"},"modified":"2025-11-20T06:29:13","modified_gmt":"2025-11-20T06:29:13","slug":"donald-trump-signe-la-loi-pour-rendre-public-le-dossier-sur-laffaire-epstein","status":"publish","type":"post","link":"https:\/\/www.europesays.com\/fr\/546284\/","title":{"rendered":"Donald Trump signe la loi pour rendre public le dossier sur l&rsquo;affaire Epstein"},"content":{"rendered":"\n<p class=\"c-chapo \">\n  Le minist\u00e8re de la Justice am\u00e9ricain a d\u00e9sormais 30 jours pour d\u00e9voiler les documents aux mains des autorit\u00e9s.\n<\/p>\n<p>      lire plus tard<\/p>\n<p id=\"dialog__title\" class=\"dialog__title\">Pour sauvegarder cet article, connectez-vous ou cr\u00e9ez un compte franceinfo<\/p>\n<p class=\"dialog__description\">Sans paiement. Sans abonnement.<\/p>\n<p>        Fermer la fen\u00eatre d\u2019activation des notifications France Info<\/p>\n<p>      cr\u00e9er votre compte<\/p>\n<p>      se connecter<\/p>\n<p>        Fermer la fen\u00eatre de pr\u00e9sentation<\/p>\n<p>    <img loading=\"lazy\" decoding=\"async\" class=\"signature__image lazyload\" width=\"100\" height=\"100\" data- alt=\"\" src=\"https:\/\/www.europesays.com\/fr\/wp-content\/uploads\/2025\/05\/64a68815cd1a7_placeholder-36b69ec8.png\"\/><\/p>\n<p>    Publi\u00e9 le 20\/11\/2025 06:28<\/p>\n<p>        Temps de lecture : 2min<\/p>\n<p>    <img decoding=\"async\"  alt=\"Donald Trump prononce un discours lors d'un forum \u00e9conomique  \u00e0 Washington, le 19 novembre 2025. (BRENDAN SMIALOWSKI \/ AFP)\" width=\"432\" height=\"243\" src=\"https:\/\/www.europesays.com\/fr\/wp-content\/uploads\/2025\/11\/000-84jg4hc-1-691ea630b187d176314807.jpg\" fetchpriority=\"high\"\/><\/p>\n<p>      Donald Trump prononce un discours lors d&rsquo;un forum \u00e9conomique  \u00e0 Washington, le 19 novembre 2025. (BRENDAN SMIALOWSKI \/ AFP)<\/p>\n<p>Donald Trump fait machine arri\u00e8re. Apr\u00e8s s&rsquo;y \u00eatre longtemps oppos\u00e9, le pr\u00e9sident des Etats-Unis a promulgu\u00e9 mercredi 19 novembre, une loi qui contraint son gouvernement \u00e0 rendre public l&rsquo;ensemble des documents des autorit\u00e9s dans l&rsquo;affaire Epstein. Le flou demeure cependant sur l&rsquo;\u00e9tendue des r\u00e9v\u00e9lations \u00e0 attendre.<\/p>\n<p>\u00ab\u00a0Je viens juste de signer la loi pour rendre public le dossier Epstein !\u00a0\u00bb, a \u00e9crit le pr\u00e9sident am\u00e9ricain dans un long message sur son r\u00e9seau Truth Social, accusant encore une fois ses opposants d\u00e9mocrates d&rsquo;avoir cach\u00e9 la v\u00e9rit\u00e9. Le texte vot\u00e9 mardi au Congr\u00e8s donne un mois au minist\u00e8re de la Justice pour rendre disponible l&rsquo;int\u00e9gralit\u00e9 des documents non classifi\u00e9s en sa possession sur le financier new-yorkais, mort en prison en 2019 avant son proc\u00e8s pour crimes sexuels et sur toutes les personnes impliqu\u00e9es dans les proc\u00e9dures judiciaires li\u00e9es.<\/p>\n<p>Apr\u00e8s avoir promis pendant la campagne de 2024 des r\u00e9v\u00e9lations fracassantes, Donald Trump exhorte ses partisans \u00e0 tourner la page depuis son retour au pouvoir, et <a href=\"https:\/\/www.franceinfo.fr\/monde\/usa\/affaire-jeffrey-epstein\/affaire-epstein-donald-trump-accuse-les-democrates-de-promouvoir-une-supercherie-et-demande-l-ouverture-d-une-enquete-visant-bill-clinton_7616288.html\" target=\"_blank\" rel=\"noopener\">qualifie l&rsquo;affaire de \u00ab\u00a0canular\u00a0\u00bb <\/a>mont\u00e9 en \u00e9pingle par l&rsquo;opposition d\u00e9mocrate. R\u00e9cemment, il a r\u00e9p\u00e9t\u00e9 n&rsquo;avoir \u00ab\u00a0rien \u00e0 voir avec Jeffrey Epstein\u00a0\u00bb, le qualifiant de \u00ab\u00a0pervers malade\u00a0\u00bb.<\/p>\n<p>Le pr\u00e9sident am\u00e9ricain, qui n&rsquo;a jamais \u00e9t\u00e9 accus\u00e9 par la justice dans cette affaire, s&rsquo;est oppos\u00e9 depuis des mois \u00e0 la proposition de loi de \u00ab\u00a0transparence dans le dossier Epstein\u00a0\u00bb. Mais dimanche, alors qu&rsquo;il devenait \u00e9vident que <a href=\"https:\/\/www.franceinfo.fr\/monde\/usa\/affaire-jeffrey-epstein\/les-deputes-americains-votent-pour-la-publication-des-documents-de-l-affaire-epstein-apres-une-volte-face-de-donald-trump_7624919.html\" target=\"_blank\" rel=\"noopener\">le texte serait adopt\u00e9 sans encombre au Congr\u00e8s<\/a>, Donald Trump a publiquement fait volte-face. La proposition de loi a \u00e9t\u00e9 finalement adopt\u00e9e mardi \u00e0 427 voix pour et 1 contre \u00e0 la Chambre, et le S\u00e9nat a utilis\u00e9 une proc\u00e9dure particuli\u00e8re pour l&rsquo;approuver sans d\u00e9bat et \u00e0 l&rsquo;unanimit\u00e9. En promulguant la loi, Donald Trump enclenche le compte \u00e0 rebours de 30 jours.<\/p>\n","protected":false},"excerpt":{"rendered":"Le minist\u00e8re de la Justice am\u00e9ricain a d\u00e9sormais 30 jours pour d\u00e9voiler les documents aux mains des autorit\u00e9s.&hellip;\n","protected":false},"author":2,"featured_media":546285,"comment_status":"","ping_status":"","sticky":false,"template":"","format":"standard","meta":{"footnotes":""},"categories":[1589],"tags":[11,73,1866,12,1864,1865,1863,308],"class_list":{"0":"post-546284","1":"post","2":"type-post","3":"status-publish","4":"format-standard","5":"has-post-thumbnail","7":"category-etats-unis","8":"tag-actualites","9":"tag-etats-unis","10":"tag-etats-unis-damerique","11":"tag-news","12":"tag-united-states","13":"tag-united-states-of-america","14":"tag-us","15":"tag-usa"},"share_on_mastodon":{"url":"https:\/\/pubeurope.com\/@fr\/115580618752409733","error":""},"_links":{"self":[{"href":"https:\/\/www.europesays.com\/fr\/wp-json\/wp\/v2\/posts\/546284","targetHints":{"allow":["GET"]}}],"collection":[{"href":"https:\/\/www.europesays.com\/fr\/wp-json\/wp\/v2\/posts"}],"about":[{"href":"https:\/\/www.europesays.com\/fr\/wp-json\/wp\/v2\/types\/post"}],"author":[{"embeddable":true,"href":"https:\/\/www.europesays.com\/fr\/wp-json\/wp\/v2\/users\/2"}],"replies":[{"embeddable":true,"href":"https:\/\/www.europesays.com\/fr\/wp-json\/wp\/v2\/comments?post=546284"}],"version-history":[{"count":0,"href":"https:\/\/www.europesays.com\/fr\/wp-json\/wp\/v2\/posts\/546284\/revisions"}],"wp:featuredmedia":[{"embeddable":true,"href":"https:\/\/www.europesays.com\/fr\/wp-json\/wp\/v2\/media\/546285"}],"wp:attachment":[{"href":"https:\/\/www.europesays.com\/fr\/wp-json\/wp\/v2\/media?parent=546284"}],"wp:term":[{"taxonomy":"category","embeddable":true,"href":"https:\/\/www.europesays.com\/fr\/wp-json\/wp\/v2\/categories?post=546284"},{"taxonomy":"post_tag","embeddable":true,"href":"https:\/\/www.europesays.com\/fr\/wp-json\/wp\/v2\/tags?post=546284"}],"curies":[{"name":"wp","href":"https:\/\/api.w.org\/{rel}","templated":true}]}}