{"id":546286,"date":"2025-11-20T06:30:21","date_gmt":"2025-11-20T06:30:21","guid":{"rendered":"https:\/\/www.europesays.com\/fr\/546286\/"},"modified":"2025-11-20T06:30:21","modified_gmt":"2025-11-20T06:30:21","slug":"royaume-uni-kate-prend-la-parole-en-public-pour-la-premiere-fois-en-deux-ans","status":"publish","type":"post","link":"https:\/\/www.europesays.com\/fr\/546286\/","title":{"rendered":"Royaume-Uni: Kate prend la parole en public pour la premi\u00e8re fois en deux ans"},"content":{"rendered":"<p>Publi\u00e920. novembre 2025, 07:17<\/p>\n<p>Royaume-Uni: Kate prend la parole en public pour la premi\u00e8re fois en deux ans<\/p>\n<p>La princesse de Galles a donn\u00e9 un discours sur l&rsquo;importance des premi\u00e8res ann\u00e9es de l\u2019enfant.<\/p>\n<p><img decoding=\"async\" alt=\"Fabio Dell'Anna\" src=\"https:\/\/www.europesays.com\/fr\/wp-content\/uploads\/2025\/11\/1763620219_994_0b94a1ca-9e37-419c-9ad0-cfd4479593f2.jpeg\" class=\"sc-b1f21c84-1 juVSAe\"\/><img loading=\"lazy\" decoding=\"async\" src=\"https:\/\/www.europesays.com\/fr\/wp-content\/uploads\/2025\/11\/25279cf4-544d-4946-a37f-7a8636ea9697.avif\" alt=\"Catherine Middleton assiste au Future Workforce Summit, organis\u00e9 par le Business Taskforce for Early Childhood de la Royal Foundation, le 18 novembre 2025 \u00e0 Londres.\" title=\"Catherine Middleton assiste au Future Workforce Summit, organis\u00e9 par le Business Taskforce for Early Childhood de la Royal Foundation, le 18 novembre 2025 \u00e0 Londres.\"  width=\"1200\" height=\"754\"\/><\/p>\n<p>Catherine Middleton assiste au Future Workforce Summit, organis\u00e9 par le Business Taskforce for Early Childhood de la Royal Foundation, le 18 novembre 2025 \u00e0 Londres.<\/p>\n<p>Getty Images<\/p>\n<p>Apr\u00e8s deux ans loin de la sc\u00e8ne publique et un combat contre le cancer diagnostiqu\u00e9 en 2024, Kate Middleton a repris la parole ce mardi matin \u00e0 Londres. La princesse de Galles, en r\u00e9mission depuis janvier, s\u2019est exprim\u00e9e au Future Workforce Summit sur un th\u00e8me qui lui tient \u00e0 c\u0153ur: les premi\u00e8res ann\u00e9es de l\u2019enfant.<\/p>\n<p>Elle y a port\u00e9 la voix de la Business Taskforce for Early Childhood, cr\u00e9\u00e9e au sein de sa Royal Foundation. \u00abMa passion et le travail du Centre pour la petite enfance reposent sur une v\u00e9rit\u00e9 essentielle: l\u2019amour que nous recevons dans nos toutes premi\u00e8res ann\u00e9es d\u00e9termine profond\u00e9ment la personne que nous devenons et la mani\u00e8re dont nous nous \u00e9panouissons \u00e0 l\u2019\u00e2ge adulte\u00bb, a-t-elle affirm\u00e9.<\/p>\n<p>\u00abDes relations r\u00e9guli\u00e8res et bienveillantes\u00bb<\/p>\n<p>La princesse a ensuite insist\u00e9 sur l\u2019importance d\u2019offrir un environnement affectif stable: \u00abL\u2019amour est le premier lien fondamental. C\u2019est un fil invisible, tiss\u00e9 de temps, d\u2019attention et de douceur, gr\u00e2ce \u00e0 des relations r\u00e9guli\u00e8res et bienveillantes. Ce tissage affectif fa\u00e7onne l\u2019univers \u00e9motionnel d\u2019un enfant et devient la base m\u00eame de sa r\u00e9silience et de son sentiment d\u2019appartenance.\u00bb<\/p>\n<p>Elle a \u00e9galement rappel\u00e9 aux dirigeants pr\u00e9sents que la performance \u00e9conomique n\u2019exclut pas un engagement social fort, bien au contraire. Avec sa taskforce lanc\u00e9e en 2023, Kate esp\u00e8re accompagner plus d\u2019un million d\u2019enfants d&rsquo;ici \u00e0 2026.<\/p>\n","protected":false},"excerpt":{"rendered":"Publi\u00e920. novembre 2025, 07:17 Royaume-Uni: Kate prend la parole en public pour la premi\u00e8re fois en deux ans&hellip;\n","protected":false},"author":2,"featured_media":546287,"comment_status":"","ping_status":"","sticky":false,"template":"","format":"standard","meta":{"footnotes":""},"categories":[1588],"tags":[11,1777,674,12,473,1853,1851,1850,1852],"class_list":{"0":"post-546286","1":"post","2":"type-post","3":"status-publish","4":"format-standard","5":"has-post-thumbnail","7":"category-royaume-uni","8":"tag-actualites","9":"tag-eu","10":"tag-europe","11":"tag-news","12":"tag-royaume-uni","13":"tag-royaume-uni-de-grande-bretagne-et-dirlande-du-nord","14":"tag-uk","15":"tag-united-kingdom","16":"tag-united-kingdom-of-great-britain-and-northern-ireland"},"share_on_mastodon":{"url":"https:\/\/pubeurope.com\/@fr\/115580621733249448","error":""},"_links":{"self":[{"href":"https:\/\/www.europesays.com\/fr\/wp-json\/wp\/v2\/posts\/546286","targetHints":{"allow":["GET"]}}],"collection":[{"href":"https:\/\/www.europesays.com\/fr\/wp-json\/wp\/v2\/posts"}],"about":[{"href":"https:\/\/www.europesays.com\/fr\/wp-json\/wp\/v2\/types\/post"}],"author":[{"embeddable":true,"href":"https:\/\/www.europesays.com\/fr\/wp-json\/wp\/v2\/users\/2"}],"replies":[{"embeddable":true,"href":"https:\/\/www.europesays.com\/fr\/wp-json\/wp\/v2\/comments?post=546286"}],"version-history":[{"count":0,"href":"https:\/\/www.europesays.com\/fr\/wp-json\/wp\/v2\/posts\/546286\/revisions"}],"wp:featuredmedia":[{"embeddable":true,"href":"https:\/\/www.europesays.com\/fr\/wp-json\/wp\/v2\/media\/546287"}],"wp:attachment":[{"href":"https:\/\/www.europesays.com\/fr\/wp-json\/wp\/v2\/media?parent=546286"}],"wp:term":[{"taxonomy":"category","embeddable":true,"href":"https:\/\/www.europesays.com\/fr\/wp-json\/wp\/v2\/categories?post=546286"},{"taxonomy":"post_tag","embeddable":true,"href":"https:\/\/www.europesays.com\/fr\/wp-json\/wp\/v2\/tags?post=546286"}],"curies":[{"name":"wp","href":"https:\/\/api.w.org\/{rel}","templated":true}]}}