{"id":546288,"date":"2025-11-20T06:31:30","date_gmt":"2025-11-20T06:31:30","guid":{"rendered":"https:\/\/www.europesays.com\/fr\/546288\/"},"modified":"2025-11-20T06:31:30","modified_gmt":"2025-11-20T06:31:30","slug":"lallemagne-natteindra-pas-son-objectif-de-depenses-de-defense-de-35-en-2029","status":"publish","type":"post","link":"https:\/\/www.europesays.com\/fr\/546288\/","title":{"rendered":"L&rsquo;Allemagne n&rsquo;atteindra pas son objectif de d\u00e9penses de d\u00e9fense de 3,5% en 2029"},"content":{"rendered":"<p>L&rsquo;Allemagne n&rsquo;atteindra pas son propre objectif de d\u00e9penses de d\u00e9fense fix\u00e9 \u00e0 3,5% du produit int\u00e9rieur brut (PIB) en 2029, a d\u00e9clar\u00e9 mercredi le ministre de la D\u00e9fense Boris Pistorius, alors que le pays augmente ses investissements dans le contexte de la guerre men\u00e9e par la Russie contre l&rsquo;Ukraine.<\/p>\n<p>Selon Boris Pistorius, les d\u00e9penses de d\u00e9fense de l&rsquo;Allemagne ne repr\u00e9senteront que 3,05% du PIB cette ann\u00e9e-l\u00e0, a-t-il pr\u00e9cis\u00e9 \u00e0 Munich.<\/p>\n<p>Ce chiffre est inf\u00e9rieur \u00e0 la barre des 3,5% annonc\u00e9e plus t\u00f4t cette ann\u00e9e par le ministre des Finances Lars Klingbeil.<\/p>\n<p>Un sommet de l&rsquo;OTAN organis\u00e9 cette ann\u00e9e \u00e0 La Haye a d&rsquo;ailleurs fix\u00e9 un nouvel objectif pour les alli\u00e9s : atteindre 5% du PIB en d\u00e9penses de d\u00e9fense d&rsquo;ici 2035. Cet objectif combine 3,5% pour le budget de la d\u00e9fense et 1,5% suppl\u00e9mentaire pour des d\u00e9penses li\u00e9es \u00e0 la d\u00e9fense.<\/p>\n<p>(Reportage d&rsquo;Alexander Huebner et Sabine Siebold ; r\u00e9daction : Tom Sims ; \u00e9dition : Rod Nickel)<\/p>\n","protected":false},"excerpt":{"rendered":"L&rsquo;Allemagne n&rsquo;atteindra pas son propre objectif de d\u00e9penses de d\u00e9fense fix\u00e9 \u00e0 3,5% du produit int\u00e9rieur brut (PIB)&hellip;\n","protected":false},"author":2,"featured_media":546289,"comment_status":"","ping_status":"","sticky":false,"template":"","format":"standard","meta":{"footnotes":""},"categories":[1587],"tags":[11,672,340,1804,1805,1803,1777,674,1801,12,1802],"class_list":{"0":"post-546288","1":"post","2":"type-post","3":"status-publish","4":"format-standard","5":"has-post-thumbnail","7":"category-allemagne","8":"tag-actualites","9":"tag-allemagne","10":"tag-bourse","11":"tag-bundesrepublik-deutschland","12":"tag-de","13":"tag-deutschland","14":"tag-eu","15":"tag-europe","16":"tag-germany","17":"tag-news","18":"tag-republique-federale-dallemagne"},"share_on_mastodon":{"url":"https:\/\/pubeurope.com\/@fr\/115580625578635086","error":""},"_links":{"self":[{"href":"https:\/\/www.europesays.com\/fr\/wp-json\/wp\/v2\/posts\/546288","targetHints":{"allow":["GET"]}}],"collection":[{"href":"https:\/\/www.europesays.com\/fr\/wp-json\/wp\/v2\/posts"}],"about":[{"href":"https:\/\/www.europesays.com\/fr\/wp-json\/wp\/v2\/types\/post"}],"author":[{"embeddable":true,"href":"https:\/\/www.europesays.com\/fr\/wp-json\/wp\/v2\/users\/2"}],"replies":[{"embeddable":true,"href":"https:\/\/www.europesays.com\/fr\/wp-json\/wp\/v2\/comments?post=546288"}],"version-history":[{"count":0,"href":"https:\/\/www.europesays.com\/fr\/wp-json\/wp\/v2\/posts\/546288\/revisions"}],"wp:featuredmedia":[{"embeddable":true,"href":"https:\/\/www.europesays.com\/fr\/wp-json\/wp\/v2\/media\/546289"}],"wp:attachment":[{"href":"https:\/\/www.europesays.com\/fr\/wp-json\/wp\/v2\/media?parent=546288"}],"wp:term":[{"taxonomy":"category","embeddable":true,"href":"https:\/\/www.europesays.com\/fr\/wp-json\/wp\/v2\/categories?post=546288"},{"taxonomy":"post_tag","embeddable":true,"href":"https:\/\/www.europesays.com\/fr\/wp-json\/wp\/v2\/tags?post=546288"}],"curies":[{"name":"wp","href":"https:\/\/api.w.org\/{rel}","templated":true}]}}