{"id":546290,"date":"2025-11-20T06:32:12","date_gmt":"2025-11-20T06:32:12","guid":{"rendered":"https:\/\/www.europesays.com\/fr\/546290\/"},"modified":"2025-11-20T06:32:12","modified_gmt":"2025-11-20T06:32:12","slug":"retraite-en-europe-lage-legal-dans-chaque-pays-en-2025-etes-vous-vraiment-mieux-lotis-que-vos-voisins","status":"publish","type":"post","link":"https:\/\/www.europesays.com\/fr\/546290\/","title":{"rendered":"Retraite en Europe : l\u2019\u00e2ge l\u00e9gal dans chaque pays en 2025\u2026 \u00eates-vous vraiment mieux lotis que vos voisins ?"},"content":{"rendered":"<p>Alors que la grisaille de novembre s&rsquo;installe sur l&rsquo;Hexagone, nombreux sont ceux qui, entre un th\u00e9 chaud et une conversation anim\u00e9e sur l&rsquo;avenir, s&rsquo;interrogent : partir \u00e0 la retraite\u2026 mais \u00e0 quel \u00e2ge ? Cette question cristallise autant de d\u00e9bats que de fantasmes, d&rsquo;autant que chez nos voisins europ\u00e9ens, les r\u00e8gles changent parfois du tout au tout. L&rsquo;\u00e2ge l\u00e9gal pour souffler un peu, red\u00e9couvrir les plaisirs simples et profiter de ses petits-enfants varie non seulement d&rsquo;un pays \u00e0 l&rsquo;autre, mais aussi souvent selon l&rsquo;ann\u00e9e de naissance, le sexe, ou encore la dur\u00e9e de travail. Une sorte de grand puzzle o\u00f9 chaque pi\u00e8ce raconte un mod\u00e8le social, une histoire politique et une philosophie de vie diff\u00e9rente. Mais alors, la France fait-elle figure de paradis ou d&rsquo;exception ? Tour d&rsquo;horizon complet et chiffr\u00e9, mis \u00e0 jour pour cette fin d&rsquo;ann\u00e9e 2025.<\/p>\n<p>Panorama europ\u00e9en : des \u00e2ges de d\u00e9part \u00e0 la retraite qui en disent long sur nos soci\u00e9t\u00e9s<\/p>\n<p>Parmi les clich\u00e9s les plus tenaces, l&rsquo;id\u00e9e re\u00e7ue que \u00ab tout le monde part \u00e0 la retraite \u00e0 65 ans en Europe \u00bb est peut-\u00eatre la plus coriace. Mais en y regardant de plus pr\u00e8s, la r\u00e9alit\u00e9 est nettement plus nuanc\u00e9e. <strong>L&rsquo;\u00e2ge l\u00e9gal de d\u00e9part \u00e0 la retraite<\/strong> : voil\u00e0 en effet un indicateur qui traduit, au-del\u00e0 des r\u00e8gles administratives, la vision \u2013 parfois tr\u00e8s contrast\u00e9e \u2013 du travail, de l&rsquo;\u00e9quilibre entre g\u00e9n\u00e9rations et du bien vieillir \u00e0 l&rsquo;\u00e9chelle du continent.<\/p>\n<p><strong>Les \u00e2ges ci-dessous sont les \u00e2ges l\u00e9gaux de r\u00e9f\u00e9rence<\/strong> pour une <a href=\"https:\/\/journaldesseniors.20minutes.fr\/argent\/quand-toucherez-vous-votre-retraite-agirc-arrco-en-2025-decouvrez-le-calendrier\/\" target=\"_blank\" rel=\"nofollow noopener\">pension de vieillesse<\/a> \u00ab\u00a0classique\u00a0\u00bb en 2025 ; dans la plupart des pays, des d\u00e9parts anticip\u00e9s ou diff\u00e9r\u00e9s restent possibles sous conditions.<\/p>\n<p> Pourquoi tant de disparit\u00e9s sur l&rsquo;\u00e2ge l\u00e9gal entre pays voisins ?<\/p>\n<p>S&rsquo;il existe de telles diff\u00e9rences, c&rsquo;est tout simplement parce que chaque pays europ\u00e9en ajuste son \u00e2ge \u00ab officiel \u00bb selon plusieurs crit\u00e8res : <strong>esp\u00e9rance de vie, sant\u00e9 financi\u00e8re du syst\u00e8me de retraite, taux d&#8217;emploi des seniors, politiques familiales<\/strong>, et bien s\u00fbr, climat social. Certains pays favorisent la flexibilit\u00e9 et les choix individuels, d&rsquo;autres privil\u00e9gient la soutenabilit\u00e9 du syst\u00e8me sur le long terme. Il faut aussi noter que pour un m\u00eame pays, l&rsquo;\u00e2ge l\u00e9gal peut \u00e9voluer en fonction de l&rsquo;ann\u00e9e de naissance ou de la dur\u00e9e de cotisation, et parfois m\u00eame du sexe \u2013 une tradition persistante dans l&rsquo;Est ou le Sud-Est europ\u00e9en.<\/p>\n<p> Les grandes tendances et \u00e9volutions en Europe pour 2025<\/p>\n<p>En 2025, la majorit\u00e9 des pays europ\u00e9ens ont plac\u00e9 l&rsquo;\u00e2ge l\u00e9gal de d\u00e9part entre <strong>63 et 67 ans<\/strong>. Certains, comme le <strong>Danemark<\/strong>, les <strong>Pays-Bas<\/strong>, la <strong>Gr\u00e8ce<\/strong> ou l&rsquo;<strong>Italie<\/strong>, misent sur un \u00e2ge \u00e9lev\u00e9 (jusqu&rsquo;\u00e0 67 ans), parfois modul\u00e9 par l&rsquo;esp\u00e9rance de vie ou selon d&rsquo;autres crit\u00e8res. D&rsquo;autres nations, notamment \u00e0 l&rsquo;Est, maintiennent encore des diff\u00e9rences hommes-femmes (Bulgarie, Pologne, Croatie\u2026). Sans oublier les r\u00e9gimes tr\u00e8s flexibles, comme celui de la <strong>Su\u00e8de<\/strong> : ici, aucune date grav\u00e9e dans le marbre, mais plut\u00f4t une fourchette de d\u00e9part\u2026 qui peut s&rsquo;\u00e9largir au fil des r\u00e9formes.<\/p>\n<p>Zoom sur les principaux pays : qui part t\u00f4t, qui attend le plus ?<br \/>\n Focus sur les champions de la retraite pr\u00e9coce<\/p>\n<p>La palme du d\u00e9part le plus pr\u00e9coce revient notamment \u00e0 la <strong>Pologne<\/strong> (60 ans pour les femmes, 65 pour les hommes), \u00e0 certaines g\u00e9n\u00e9rations en <strong>France<\/strong> (entre 62 ans et 6 mois et 63 ans selon l&rsquo;ann\u00e9e de naissance), ou encore \u00e0 la <strong>Bulgarie<\/strong> (62 ans et 4 mois pour les femmes). En <strong>Hongrie<\/strong>, les femmes peuvent m\u00eame partir \u00e0 tout \u00e2ge si elles r\u00e9unissent 40 ans de p\u00e9riodes d&rsquo;assurance\u2026 Une aubaine \u00e0 condition d&rsquo;avoir men\u00e9 une carri\u00e8re longue et r\u00e9guli\u00e8re !<\/p>\n<p>Les pays o\u00f9 il faut patienter le plus longtemps : ce que r\u00e9v\u00e8lent ces diff\u00e9rences<\/p>\n<p>\u00c0 l&rsquo;autre extr\u00eame, des pays comme le <strong>Danemark<\/strong>, les <strong>Pays-Bas<\/strong>, l&rsquo;<strong>Italie<\/strong> ou la <strong>Gr\u00e8ce<\/strong> imposent un \u00e2ge l\u00e9gal de <strong>67 ans<\/strong> pour b\u00e9n\u00e9ficier d&rsquo;une retraite compl\u00e8te, parfois modulable en cas de tr\u00e8s longues carri\u00e8res. L&rsquo;Espagne pr\u00e9sente un syst\u00e8me mixte : on peut liquider sa pension d\u00e8s 65 ans, mais uniquement avec plus de 38 ans de cotisations au compteur, sinon il faudra attendre 66 ans et 8 mois. Ainsi, \u00e0 travers l&rsquo;Europe, chaque fronti\u00e8re franchie r\u00e9serve son lot de particularit\u00e9s juridiques et sociales.<\/p>\n<tr>\nPays<br \/>\n\u00c2ge l\u00e9gal de d\u00e9part (2025)<br \/>\nRemarques sp\u00e9cifiques<br \/>\n<\/tr>\n<tr>\n<td><strong>France<\/strong><\/td>\n<td>62-63 ans<\/td>\n<td>Progression suspendue, \u00e2ge selon g\u00e9n\u00e9ration<\/td>\n<\/tr>\n<tr>\n<td><strong>Italie<\/strong><\/td>\n<td>67 ans<\/td>\n<td>Minimum 20 ans de cotisation<\/td>\n<\/tr>\n<tr>\n<td><strong>Allemagne<\/strong><\/td>\n<td>66 ans et 2 mois<\/td>\n<td>Augmente de 2 mois\/g\u00e9n\u00e9ration ; 67 ans pour 1964 et apr\u00e8s<\/td>\n<\/tr>\n<tr>\n<td><strong>Pologne<\/strong><\/td>\n<td>F: 60 ans \/ H: 65 ans<\/td>\n<td>\u00c2ges maintenus depuis 2017<\/td>\n<\/tr>\n<tr>\n<td><strong>Espagne<\/strong><\/td>\n<td>65 ans (cotis\u00e9s) \/ 66 ans et 8 mois<\/td>\n<td>65 ans si 38 ans et 3 mois de cotisations<\/td>\n<\/tr>\n<tr>\n<td><strong>Danemark<\/strong><\/td>\n<td>67 ans<\/td>\n<td>\u00c9volue selon l&rsquo;esp\u00e9rance de vie<\/td>\n<\/tr>\n<tr>\n<td><strong>Su\u00e8de<\/strong><\/td>\n<td>63 ans (variable)<\/td>\n<td>Retraite flexible<\/td>\n<\/tr>\n<p>Derri\u00e8re les chiffres : comprendre les facteurs qui influencent l&rsquo;\u00e2ge de la retraite<br \/>\nEsp\u00e9rance de vie, emploi des seniors, m\u00e9canismes de solidarit\u00e9\u2026 des r\u00e9alit\u00e9s bien diff\u00e9rentes<\/p>\n<p>L&rsquo;\u00e2ge de la retraite n&rsquo;est que la partie \u00e9merg\u00e9e de l&rsquo;iceberg. Les pays ayant une forte esp\u00e9rance de vie tendent \u00e0 relever graduellement le curseur, afin d&rsquo;assurer la p\u00e9rennit\u00e9 des caisses de retraite. <strong>L&#8217;emploi des seniors joue aussi un r\u00f4le crucial<\/strong> : quand rester au travail plus longtemps est synonyme d&rsquo;int\u00e9gration, la retraite recule d&rsquo;autant. \u00c0 cela s&rsquo;ajoute la solidarit\u00e9 interg\u00e9n\u00e9rationnelle, particuli\u00e8rement prononc\u00e9e dans certains pays nordiques ou d&rsquo;Europe centrale, qui favorise la mise en place de dispositifs souples, voire la personnalisation du parcours retraite.<\/p>\n<p> Les r\u00e9formes r\u00e9centes et leur impact sur le d\u00e9part \u00e0 la retraite en Europe<\/p>\n<p>Partout, les r\u00e9formes s&rsquo;encha\u00eenent, parfois en pleine tourmente sociale. En 2025, la France conna\u00eet une situation in\u00e9dite : sa r\u00e9forme de passage \u00e0 64 ans est officiellement <strong>suspendue<\/strong> par d\u00e9cision gouvernementale \u00e0 l&rsquo;automne, stoppant la progression pr\u00e9vue et laissant l&rsquo;\u00e2ge l\u00e9gal autour de 62-63 ans selon les g\u00e9n\u00e9rations. D&rsquo;autres pays adoptent des m\u00e9canismes \u00e9volutifs : en <strong>Portugal<\/strong>, l&rsquo;\u00e2ge l\u00e9gal augmente presque chaque ann\u00e9e, corr\u00e9l\u00e9 \u00e0 l&rsquo;esp\u00e9rance de vie ; au <strong>Danemark<\/strong> et aux <strong>Pays-Bas<\/strong>, un calcul automatique ajuste l&rsquo;\u00e2ge de d\u00e9part \u00e0 chaque nouvelle cohorte. Ces \u00e9volutions t\u00e9moignent d&rsquo;une recherche constante d&rsquo;\u00e9quilibre entre r\u00e9alit\u00e9 d\u00e9mographique et aspirations collectives.<\/p>\n<p>La France face \u00e0 ses voisins : \u00eates-vous vraiment mieux (ou moins bien) lotis ?<br \/>\nL&rsquo;\u00e2ge l\u00e9gal fran\u00e7ais compar\u00e9 : avantages et inconv\u00e9nients du syst\u00e8me tricolore<\/p>\n<p>En cette fin 2025, la France affiche l&rsquo;un des <strong>\u00e2ges l\u00e9gaux de d\u00e9part \u00e0 la retraite les plus bas d&rsquo;Europe<\/strong>, positionn\u00e9e autour de 62\u201363 ans selon sa g\u00e9n\u00e9ration. Nos voisins attendent g\u00e9n\u00e9ralement plus longtemps pour cesser leur activit\u00e9 professionnelle. N\u00e9anmoins, cet avantage apparent masque des r\u00e9alit\u00e9s complexes : il faut avoir cotis\u00e9 suffisamment \u2013 172 trimestres pour une carri\u00e8re compl\u00e8te \u2013 et l&rsquo;\u00e2ge effectif moyen de d\u00e9part reste plus \u00e9lev\u00e9 (comptez plut\u00f4t 63 ans et demi pour un salari\u00e9 lambda). Autrement dit, partir t\u00f4t n&rsquo;est pas la norme pour tous, d&rsquo;autant que les dispositifs de carri\u00e8re longue ou de p\u00e9nibilit\u00e9 existent, mais restent strictement encadr\u00e9s.<\/p>\n<p>Retraite et qualit\u00e9 de vie : ce que r\u00e9v\u00e8lent les exp\u00e9riences europ\u00e9ennes<\/p>\n<p>L&rsquo;\u00e2ge l\u00e9gal n&rsquo;est pas tout : la mani\u00e8re dont la retraite est v\u00e9cue varie, elle aussi, d&rsquo;un pays \u00e0 l&rsquo;autre. En Europe du Nord, la flexibilit\u00e9 prime, permettant \u00e0 chacun de moduler ses ann\u00e9es d&rsquo;activit\u00e9 selon ses besoins ou envies. Ailleurs, la stabilit\u00e9 pr\u00e9vaut, avec des droits acquis d\u00e8s que les conditions sont r\u00e9unies. Dans tous les cas, <strong>une majorit\u00e9 de seniors europ\u00e9ens consid\u00e8re<\/strong> que la <a href=\"https:\/\/journaldesseniors.20minutes.fr\/argent\/comment-font-les-francais-pour-se-preparer-a-une-retraite-moins-confortable\/\" target=\"_blank\" rel=\"nofollow noopener\">qualit\u00e9 de vie \u00e0 la retraite<\/a> d\u00e9pend autant du montant de la pension, de l&rsquo;acc\u00e8s aux soins et des services publics\u2026 que de l&rsquo;\u00e2ge auquel il est possible de s&rsquo;arr\u00eater officiellement.<\/p>\n<p>Tirer les le\u00e7ons europ\u00e9ennes : quel avenir pour l&rsquo;\u00e2ge de la retraite en France ?<br \/>\n Les pistes inspirantes \u00e0 observer chez nos voisins<\/p>\n<p>Certains pays, comme la <strong>Su\u00e8de<\/strong>, montrent la voie avec leur syst\u00e8me flexible : chacun choisit sa fen\u00eatre de d\u00e9part, quitte \u00e0 jouer sur le montant de la pension. D&rsquo;autres misent sur des <strong>passages progressifs \u00e0 la retraite<\/strong>, avec possibilit\u00e9 de travailler \u00e0 temps partiel \u00e0 partir d&rsquo;un certain \u00e2ge, comme au <strong>Danemark<\/strong> ou en <strong>Allemagne<\/strong>. Enfin, l&rsquo;ajustement automatique en fonction de l&rsquo;esp\u00e9rance de vie, d\u00e9j\u00e0 adopt\u00e9 dans les pays nordiques, permet de stabiliser le syst\u00e8me sans heurts sociaux majeurs.<\/p>\n<p> Vers un \u00e2ge de d\u00e9part plus flexible et adapt\u00e9 ?<\/p>\n<p>La photo de famille europ\u00e9enne, en 2025, confirme que <strong>l&rsquo;\u00e2ge l\u00e9gal de d\u00e9part \u00e0 la retraite varie consid\u00e9rablement d&rsquo;un pays \u00e0 l&rsquo;autre<\/strong> au sein m\u00eame de l&rsquo;Union europ\u00e9enne. Pour la France, l&rsquo;enjeu des prochaines ann\u00e9es sera de construire une voie \u00e9quilibr\u00e9e : offrir des possibilit\u00e9s de d\u00e9part r\u00e9pondant \u00e0 l&rsquo;\u00e9tat de sant\u00e9, \u00e0 la p\u00e9nibilit\u00e9 des carri\u00e8res, tout en garantissant la soutenabilit\u00e9 du mod\u00e8le. Plus que jamais, la flexibilit\u00e9, l&rsquo;\u00e9quit\u00e9 et l&rsquo;adaptabilit\u00e9 s&rsquo;imposent comme les ma\u00eetres-mots de la retraite de demain. Les d\u00e9cisions qui suivront 2027 seront d\u00e9terminantes pour l&rsquo;avenir du syst\u00e8me fran\u00e7ais.<\/p>\n<p>Entre exception fran\u00e7aise et diversit\u00e9 europ\u00e9enne, ce panorama offre mati\u00e8re \u00e0 r\u00e9flexion en cette p\u00e9riode hivernale. Ces donn\u00e9es comparatives pourront certainement alimenter vos prochaines discussions au coin du feu, tout en \u00e9clairant les enjeux fondamentaux qui fa\u00e7onnent nos syst\u00e8mes de retraite.<\/p>\n","protected":false},"excerpt":{"rendered":"Alors que la grisaille de novembre s&rsquo;installe sur l&rsquo;Hexagone, nombreux sont ceux qui, entre un th\u00e9 chaud et&hellip;\n","protected":false},"author":2,"featured_media":546291,"comment_status":"","ping_status":"","sticky":false,"template":"","format":"standard","meta":{"footnotes":""},"categories":[1586],"tags":[11,1777,674,1011,27,12,56,25],"class_list":{"0":"post-546290","1":"post","2":"type-post","3":"status-publish","4":"format-standard","5":"has-post-thumbnail","7":"category-europe","8":"tag-actualites","9":"tag-eu","10":"tag-europe","11":"tag-fr","12":"tag-france","13":"tag-news","14":"tag-push","15":"tag-republique-francaise"},"share_on_mastodon":{"url":"https:\/\/pubeurope.com\/@fr\/115580629428559771","error":""},"_links":{"self":[{"href":"https:\/\/www.europesays.com\/fr\/wp-json\/wp\/v2\/posts\/546290","targetHints":{"allow":["GET"]}}],"collection":[{"href":"https:\/\/www.europesays.com\/fr\/wp-json\/wp\/v2\/posts"}],"about":[{"href":"https:\/\/www.europesays.com\/fr\/wp-json\/wp\/v2\/types\/post"}],"author":[{"embeddable":true,"href":"https:\/\/www.europesays.com\/fr\/wp-json\/wp\/v2\/users\/2"}],"replies":[{"embeddable":true,"href":"https:\/\/www.europesays.com\/fr\/wp-json\/wp\/v2\/comments?post=546290"}],"version-history":[{"count":0,"href":"https:\/\/www.europesays.com\/fr\/wp-json\/wp\/v2\/posts\/546290\/revisions"}],"wp:featuredmedia":[{"embeddable":true,"href":"https:\/\/www.europesays.com\/fr\/wp-json\/wp\/v2\/media\/546291"}],"wp:attachment":[{"href":"https:\/\/www.europesays.com\/fr\/wp-json\/wp\/v2\/media?parent=546290"}],"wp:term":[{"taxonomy":"category","embeddable":true,"href":"https:\/\/www.europesays.com\/fr\/wp-json\/wp\/v2\/categories?post=546290"},{"taxonomy":"post_tag","embeddable":true,"href":"https:\/\/www.europesays.com\/fr\/wp-json\/wp\/v2\/tags?post=546290"}],"curies":[{"name":"wp","href":"https:\/\/api.w.org\/{rel}","templated":true}]}}