{"id":546292,"date":"2025-11-20T06:33:13","date_gmt":"2025-11-20T06:33:13","guid":{"rendered":"https:\/\/www.europesays.com\/fr\/546292\/"},"modified":"2025-11-20T06:33:13","modified_gmt":"2025-11-20T06:33:13","slug":"rencontres-autour-de-la-securite-de-leurope","status":"publish","type":"post","link":"https:\/\/www.europesays.com\/fr\/546292\/","title":{"rendered":"Rencontres autour de la s\u00e9curit\u00e9 de l\u2019Europe"},"content":{"rendered":"<p>La ministre de la D\u00e9fense, Yuriko Backes, s\u2019est rendu \u00e0 Berlin pour \u00e9voquer le renforcement militaire de l\u2019Union europ\u00e9enne.<\/p>\n<p class=\"text\">La ministre de la D\u00e9fense, Yuriko Backes, a particip\u00e9 mardi \u00e0 la Berlin Security Conference, o\u00f9 elle a eu plusieurs entrevues bilat\u00e9rales. Avec son homologue allemand, Boris Pistorius, elle a eu un d\u00eener de travail afin de discuter de la guerre d\u2019agression men\u00e9e par la Russie contre l\u2019Ukraine, du renforcement du pilier europ\u00e9en de l\u2019OTAN, gr\u00e2ce \u00e0 des investissements accrus dans les capacit\u00e9s militaires, et de l\u2019importance du secteur spatial pour la d\u00e9fense.<\/p>\n<p class=\"text\">Avec son homologue su\u00e9dois, P\u00e5l Jonson, elle a discut\u00e9 du soutien militaire au profit de l\u2019Ukraine, de l\u2019importance de la coordination entre les coalitions capacitaires de l\u2019Ukraine Defence Contact Group, des dossiers actuels de l\u2019OTAN et de l\u2019agenda \u00abFemmes, paix et s\u00e9curit\u00e9\u00bb.<\/p>\n<p class=\"text\">La ministre luxembourgeoise a \u00e9galement \u00e9chang\u00e9 avec son homologue kosovar, Ejup Maqedonci, sur la s\u00e9curit\u00e9 r\u00e9gionale et sur la contribution de l\u2019Arm\u00e9e luxembourgeoise \u00e0 la mission KFOR de l\u2019OTAN.<\/p>\n<p class=\"text\">Une discussion avec Marie-Agnes Strack-Zimmermann, membre du Parlement europ\u00e9en et pr\u00e9sidente de la commission de la S\u00e9curit\u00e9 et de la D\u00e9fense, a port\u00e9 sur les initiatives cl\u00e9s de l\u2019UE, l\u2019importance d\u2019un budget europ\u00e9en ambitieux pour la d\u00e9fense et l\u2019espace, la coordination UE-OTAN et la pr\u00e9paration europ\u00e9enne en mati\u00e8re de d\u00e9fense.<\/p>\n<p class=\"text\">Avec Irene Fellin, repr\u00e9sentante sp\u00e9ciale du secr\u00e9taire g\u00e9n\u00e9ral de l\u2019OTAN pour les femmes, la paix et la s\u00e9curit\u00e9,\u00a0Yuriko Backes a discut\u00e9 de l\u2019importance d\u2019une participation pleine, \u00e9gale et significative des femmes \u00e0 la s\u00e9curit\u00e9 et \u00e0 la d\u00e9fense pour parvenir \u00e0 une paix durable.<\/p>\n","protected":false},"excerpt":{"rendered":"La ministre de la D\u00e9fense, Yuriko Backes, s\u2019est rendu \u00e0 Berlin pour \u00e9voquer le renforcement militaire de l\u2019Union&hellip;\n","protected":false},"author":2,"featured_media":546293,"comment_status":"","ping_status":"","sticky":false,"template":"","format":"standard","meta":{"footnotes":""},"categories":[1586],"tags":[11,1777,674,1779,1011,27,12,25,1778,364],"class_list":{"0":"post-546292","1":"post","2":"type-post","3":"status-publish","4":"format-standard","5":"has-post-thumbnail","7":"category-europe","8":"tag-actualites","9":"tag-eu","10":"tag-europe","11":"tag-european-union","12":"tag-fr","13":"tag-france","14":"tag-news","15":"tag-republique-francaise","16":"tag-ue","17":"tag-union-europeenne"},"share_on_mastodon":{"url":"https:\/\/pubeurope.com\/@fr\/115580633421171602","error":""},"_links":{"self":[{"href":"https:\/\/www.europesays.com\/fr\/wp-json\/wp\/v2\/posts\/546292","targetHints":{"allow":["GET"]}}],"collection":[{"href":"https:\/\/www.europesays.com\/fr\/wp-json\/wp\/v2\/posts"}],"about":[{"href":"https:\/\/www.europesays.com\/fr\/wp-json\/wp\/v2\/types\/post"}],"author":[{"embeddable":true,"href":"https:\/\/www.europesays.com\/fr\/wp-json\/wp\/v2\/users\/2"}],"replies":[{"embeddable":true,"href":"https:\/\/www.europesays.com\/fr\/wp-json\/wp\/v2\/comments?post=546292"}],"version-history":[{"count":0,"href":"https:\/\/www.europesays.com\/fr\/wp-json\/wp\/v2\/posts\/546292\/revisions"}],"wp:featuredmedia":[{"embeddable":true,"href":"https:\/\/www.europesays.com\/fr\/wp-json\/wp\/v2\/media\/546293"}],"wp:attachment":[{"href":"https:\/\/www.europesays.com\/fr\/wp-json\/wp\/v2\/media?parent=546292"}],"wp:term":[{"taxonomy":"category","embeddable":true,"href":"https:\/\/www.europesays.com\/fr\/wp-json\/wp\/v2\/categories?post=546292"},{"taxonomy":"post_tag","embeddable":true,"href":"https:\/\/www.europesays.com\/fr\/wp-json\/wp\/v2\/tags?post=546292"}],"curies":[{"name":"wp","href":"https:\/\/api.w.org\/{rel}","templated":true}]}}