{"id":546298,"date":"2025-11-20T06:36:14","date_gmt":"2025-11-20T06:36:14","guid":{"rendered":"https:\/\/www.europesays.com\/fr\/546298\/"},"modified":"2025-11-20T06:36:14","modified_gmt":"2025-11-20T06:36:14","slug":"la-france-va-t-elle-vivre-son-hiver-le-plus-violent-depuis-quarante-ans-prudence","status":"publish","type":"post","link":"https:\/\/www.europesays.com\/fr\/546298\/","title":{"rendered":"La France va-t-elle vivre \u00ab\u00a0son hiver le plus violent\u00a0\u00bb depuis quarante ans\u00a0? Prudence"},"content":{"rendered":"<p>Alors que les premi\u00e8res temp\u00e9ratures hivernales se font ressentir dans l\u2019Hexagone, le pays entrerait \u00ab\u00a0dans son hiver le plus violent depuis\u00a01985\u00a0\u00bb. C\u2019est ce qu\u2019affirme une vid\u00e9o, publi\u00e9e mardi 18\u00a0novembre, et vue plus de 600.000 fois sur TikTok. Derri\u00e8re ce contenu se trouve le compte \u00ab\u00a0geo_actu\u00a0\u00bb, qui dit proposer des \u00ab\u00a0Actus en direct, 100\u00a0% gratuites\u00a0!\u00a0\u00bb dans sa description. D\u2019apr\u00e8s la voix off, des \u00ab\u00a0temp\u00e9ratures ressenties autour de -10 \u00e0 -15\u00a0\u00b0C\u00a0\u00bb sont attendues.<\/p>\n<p class=\"mb-xxl@xs color-ultramarine font-weight-semi-bold@xs font-source-serif-pro heading-s@xs\">L\u2019acc\u00e8s \u00e0 ce contenu a \u00e9t\u00e9 bloqu\u00e9 afin de respecter votre choix de consentement<\/p>\n<p class=\"mb-m@xs text-l@xs\">En cliquant sur\u00ab J\u2019accepte \u00bb, vous acceptez le d\u00e9p\u00f4t de cookies par des services externes et aurez ainsi acc\u00e8s aux contenus de nos partenaires.<\/p>\n<p class=\"mb-xl@xs text-s@xs\">Plus d\u2019informations sur la page<a href=\"https:\/\/www.20minutes.fr\/gestion-cookies\" class=\"mx-xxs@xs color-ultramarine\" target=\"_blank\" rel=\"noopener\">Politique de gestion des cookies<\/a><\/p>\n<p>J\u2019accepte<\/p>\n<p>Des \u00ab\u00a0rafales glaciales\u00a0\u00bb et \u00ab\u00a0un \u00e9pisode neigeux massif, m\u00eame dans des r\u00e9gions o\u00f9 il ne neige quasiment jamais\u00a0\u00bb sont \u00e9galement \u00e9voqu\u00e9s dans la vid\u00e9o. \u00ab\u00a0Un pr\u00e9plan d\u2019urgence\u00a0\u00bb \u00e0 cette vague de froid aurait m\u00eame d\u00e9j\u00e0 \u00e9t\u00e9 \u00ab\u00a0lanc\u00e9\u00a0\u00bb par \u00ab\u00a0le gouvernement\u00a0\u00bb. Celui-ci comprendrait, entre autres, des \u00ab\u00a0restrictions de circulation\u00a0\u00bb et la \u00ab\u00a0pr\u00e9paration d\u2019abris chauff\u00e9s pour les sans-abri\u00a0\u00bb. \u00ab\u00a0La France pourrait conna\u00eetre un hiver comme on en a plus vu depuis des d\u00e9cennies\u00a0\u00bb, conclut la vid\u00e9o.<\/p>\n<p>FAKE OFF<\/p>\n<p>La France vit sa \u00ab\u00a0premi\u00e8re semaine hivernale\u00a0\u00bb, <a href=\"https:\/\/meteofrance.com\/actualites-et-dossiers\/actualites\/une-semaine-hivernale\" target=\"_blank\" class=\"c-link c-link--is-underlined\" rel=\"noopener\">\u00e9crit M\u00e9t\u00e9o-France<\/a> sur son site Internet. En cause, \u00ab\u00a0l\u2019arriv\u00e9e d\u2019une masse d\u2019air polaire\u00a0\u00bb, li\u00e9e \u00e0 une \u00ab\u00a0d\u00e9pression\u00a0\u00bb qui \u00ab\u00a0descend de la mer du Nord\u00a0\u00bb, sur le pays. Quelques flocons sont d\u2019ailleurs attendus dans <a href=\"https:\/\/www.20minutes.fr\/societe\/4186530-20251119-meteo-neige-arrive-france-villes-concernees-prochains-jours\" class=\"c-link c-link--is-underlined\" target=\"_blank\" rel=\"noopener\">plusieurs r\u00e9gions de plaine du pays, dont l\u2019\u00cele de France<\/a>.<\/p>\n<\/p>\n<p>En revanche, \u00ab\u00a0il n\u2019est pas possible de pr\u00e9voir si l\u2019hiver sera particuli\u00e8rement froid\u00a0\u00bb, pr\u00e9cise le service m\u00e9t\u00e9orologique \u00e0 20 Minutes. Pour rappel, M\u00e9t\u00e9o-France produit chaque mois \u00ab\u00a0un bulletin des tendances moyennes pour les trois mois \u00e0 venir\u00a0\u00bb. Le dernier bulletin indique donc les tendances, autrement dit \u00ab\u00a0le sc\u00e9nario le plus probable\u00a0\u00bb entre \u00ab\u00a0proche, en dessous et au-dessus des normales\u00a0\u00bb, sur la p\u00e9riode allant \u00ab\u00a0de novembre\u00a02025 \u00e0 janvier\u00a02026\u00a0\u00bb.<\/p>\n<p>\u00ab\u00a0Les tendances climatiques ne sont pas des pr\u00e9visions m\u00e9t\u00e9orologiques\u00a0\u00bb, pr\u00e9vient M\u00e9t\u00e9o-France. Par cons\u00e9quent, elles \u00ab\u00a0ne donnent pas d\u2019information sur la possibilit\u00e9 de d\u00e9passer des valeurs in\u00e9dites sur la saison \u00e0 venir\u00a0\u00bb.<\/p>\n<p>Un ph\u00e9nom\u00e8ne r\u00e9current<\/p>\n<p>Actuellement, \u00ab\u00a0pour les temp\u00e9ratures, le sc\u00e9nario plus chaud que la normale est le plus probable pour la France\u00a0\u00bb. \u00ab\u00a0Des \u00e9pisodes ponctuels plus frais\u00a0\u00bb, comme \u00ab\u00a0c\u2019est le cas par exemple cette semaine\u00a0\u00bb, ne sont toutefois \u00ab\u00a0pas exclus\u00a0\u00bb.<\/p>\n<p><a href=\"https:\/\/www.20minutes.fr\/societe\/\" class=\"c-link c-btn c-btn--primary\" target=\"_blank\" rel=\"noopener\">Nos articles Soci\u00e9t\u00e9<\/a><\/p>\n<p>Certes \u00ab\u00a0moins fr\u00e9quents\u00a0\u00bb \u00e0 cause du \u00ab\u00a0changement climatique\u00a0\u00bb, ces \u00e9pisodes &#8211; diff\u00e9rents des \u00ab\u00a0vagues de froid\u00a0\u00bb &#8211; sont r\u00e9currents \u00ab\u00a0\u00e0 cette p\u00e9riode de l\u2019ann\u00e9e\u00a0\u00bb, note M\u00e9t\u00e9o-France. Par exemple, au mois de \u00ab\u00a0novembre\u00a02010\u00a0\u00bb, des temp\u00e9ratures de \u00ab\u00a0-15\u00a0\u00b0C \u00e0 Orl\u00e9ans\u00a0\u00bb, \u00ab\u00a0-9\u00a0\u00b0C \u00e0 Colmar\u00a0\u00bb, et \u00ab\u00a0-6\u00a0\u00b0C \u00e0 Caen\u00a0\u00bb avaient \u00e9t\u00e9 relev\u00e9es. Bien loin des <a href=\"https:\/\/www.20minutes.fr\/societe\/4133558-20250114-froid-principaux-records-temperatures-negatives-france\" class=\"c-link c-link--is-underlined\" target=\"_blank\" rel=\"noopener\">principaux records de froid en France<\/a>.<\/p>\n<p>Plusieurs vagues de froids depuis\u00a01985<\/p>\n<p>L\u2019hiver\u00a01985, dont il est question dans la vid\u00e9o, fait r\u00e9f\u00e9rence \u00e0 <a href=\"https:\/\/www.20minutes.fr\/planete\/4020167-20230125-oui-janvier-1985-bien-mois-particulierement-froid\" class=\"c-link c-link--is-underlined\" target=\"_blank\" rel=\"noopener\">la vague de froid qui a touch\u00e9 l\u2019Hexagone au mois de janvier\u00a01985<\/a>. \u00ab\u00a0Du 3 au 17\u00a0janvier\u00a0\u00bb pour \u00eatre plus pr\u00e9cis, soit pendant \u00ab\u00a0deux longues semaines\u00a0\u00bb, indique un <a href=\"https:\/\/web.archive.org\/web\/20210217111921\/http:\/\/www.meteofrance.fr\/actualites\/20767002-retour-sur-la-vague-de-froid-de-janvier-1985\" target=\"_blank\" class=\"c-link c-link--is-underlined\" rel=\"noopener\">article publi\u00e9 sur le site de M\u00e9t\u00e9o-France<\/a> il y a dix ans. La deuxi\u00e8me journ\u00e9e la plus froide jamais enregistr\u00e9e en France a m\u00eame \u00e9t\u00e9 relev\u00e9e lors de cette vague de froid\u00a0: le 16\u00a0janvier 1985. Ce jour-l\u00e0, la temp\u00e9rature moyenne \u00e0 l\u2019\u00e9chelle du pays s\u2019\u00e9levait \u00e0 &#8211; 9,9\u00a0\u00b0C.<\/p>\n<p>Plus r\u00e9cemment, l\u2019Hexagone a connu <a href=\"https:\/\/www.20minutes.fr\/planete\/874310-20120206-vague-froid-fluctuation-remet-cause-rechauffement-climat\" class=\"c-link c-link--is-underlined\" target=\"_blank\" rel=\"noopener\">une vague de froid en\u00a02012<\/a>, du 1er au 13\u00a0f\u00e9vrier. Pour ce qui est des pics de froid, plus succincts, le <a href=\"https:\/\/www.20minutes.fr\/societe\/2225303-20180221-coup-froid-puis-vague-froid-temperatures-glaciales-installent-jusqu-fin-mois\" class=\"c-link c-link--is-underlined\" target=\"_blank\" rel=\"noopener\">dernier enregistr\u00e9 date de f\u00e9vrier\u00a02018<\/a>.<\/p>\n","protected":false},"excerpt":{"rendered":"Alors que les premi\u00e8res temp\u00e9ratures hivernales se font ressentir dans l\u2019Hexagone, le pays entrerait \u00ab\u00a0dans son hiver le&hellip;\n","protected":false},"author":2,"featured_media":546299,"comment_status":"","ping_status":"","sticky":false,"template":"","format":"standard","meta":{"footnotes":""},"categories":[4],"tags":[47,11,841,840,1011,27,2357,12,25,104],"class_list":{"0":"post-546298","1":"post","2":"type-post","3":"status-publish","4":"format-standard","5":"has-post-thumbnail","7":"category-france","8":"tag-actualite","9":"tag-actualites","10":"tag-fact-checking-fake-off","11":"tag-fake-off","12":"tag-fr","13":"tag-france","14":"tag-meteo-france","15":"tag-news","16":"tag-republique-francaise","17":"tag-societe"},"share_on_mastodon":{"url":"https:\/\/pubeurope.com\/@fr\/115580645092663238","error":""},"_links":{"self":[{"href":"https:\/\/www.europesays.com\/fr\/wp-json\/wp\/v2\/posts\/546298","targetHints":{"allow":["GET"]}}],"collection":[{"href":"https:\/\/www.europesays.com\/fr\/wp-json\/wp\/v2\/posts"}],"about":[{"href":"https:\/\/www.europesays.com\/fr\/wp-json\/wp\/v2\/types\/post"}],"author":[{"embeddable":true,"href":"https:\/\/www.europesays.com\/fr\/wp-json\/wp\/v2\/users\/2"}],"replies":[{"embeddable":true,"href":"https:\/\/www.europesays.com\/fr\/wp-json\/wp\/v2\/comments?post=546298"}],"version-history":[{"count":0,"href":"https:\/\/www.europesays.com\/fr\/wp-json\/wp\/v2\/posts\/546298\/revisions"}],"wp:featuredmedia":[{"embeddable":true,"href":"https:\/\/www.europesays.com\/fr\/wp-json\/wp\/v2\/media\/546299"}],"wp:attachment":[{"href":"https:\/\/www.europesays.com\/fr\/wp-json\/wp\/v2\/media?parent=546298"}],"wp:term":[{"taxonomy":"category","embeddable":true,"href":"https:\/\/www.europesays.com\/fr\/wp-json\/wp\/v2\/categories?post=546298"},{"taxonomy":"post_tag","embeddable":true,"href":"https:\/\/www.europesays.com\/fr\/wp-json\/wp\/v2\/tags?post=546298"}],"curies":[{"name":"wp","href":"https:\/\/api.w.org\/{rel}","templated":true}]}}