{"id":546300,"date":"2025-11-20T06:39:17","date_gmt":"2025-11-20T06:39:17","guid":{"rendered":"https:\/\/www.europesays.com\/fr\/546300\/"},"modified":"2025-11-20T06:39:17","modified_gmt":"2025-11-20T06:39:17","slug":"un-match-tourne-au-chaos-arret-apres-cinq-minutes-et-un-joueur-mis-ko","status":"publish","type":"post","link":"https:\/\/www.europesays.com\/fr\/546300\/","title":{"rendered":"Un match tourne au chaos, arr\u00eat apr\u00e8s cinq minutes et un joueur mis KO"},"content":{"rendered":"<p data-start=\"354\" data-end=\"701\">Le rugby amateur a encore v\u00e9cu un dimanche noir comme l\u2019annonce <a href=\"https:\/\/www.midilibre.fr\/2025\/11\/18\/il-est-tombe-comme-un-mort-il-faut-etre-deux-pour-se-battre-les-versions-saffrontent-apres-une-bagarre-lors-dun-match-de-rugby-dans-lherault-13059317.php\" rel=\"nofollow noopener\" target=\"_blank\">Midi Libre<\/a>.<\/p>\n<p data-start=\"354\" data-end=\"701\">Un match amateur opposant Plages d\u2019Orb et Olonzac Minervois (ASOM), pourtant pr\u00e9sent\u00e9 comme un choc de haut de tableau en R\u00e9gionale 1, a rapidement d\u00e9g\u00e9n\u00e9r\u00e9. En seulement cinq minutes, deux bagarres g\u00e9n\u00e9rales, quatre cartons rouges et un joueur bless\u00e9 ont conduit l\u2019arbitre \u00e0 stopper la rencontre.<\/p>\n<p data-start=\"703\" data-end=\"755\"><strong data-start=\"707\" data-end=\"755\">Un joueur d\u2019Olonzac mis KO et 10 jours d\u2019ITT<\/strong><\/p>\n<p data-start=\"756\" data-end=\"1183\">Le choc le plus marquant : un troisi\u00e8me ligne de 25 ans, kin\u00e9sith\u00e9rapeute dans la vie, a lourdement chut\u00e9 apr\u00e8s un coup re\u00e7u au c\u0153ur de la m\u00eal\u00e9e g\u00e9n\u00e9rale. Les t\u00e9moins parlent d\u2019une sc\u00e8ne impressionnante.<\/p>\n<p data-start=\"756\" data-end=\"1183\">\u00ab Il est tomb\u00e9 comme un mort \u00bb, raconte un membre du groupe olonzagais. \u00ab Il a perdu connaissance et a souffert d\u2019une amn\u00e9sie pendant quelques instants. Notre \u00e9quipe est tomb\u00e9e dans une embuscade \u00bb, r\u00e9sume un autre.<\/p>\n<p data-start=\"1185\" data-end=\"1270\">Le joueur s\u2019est vu prescrire dix jours d\u2019ITT et l\u2019\u00e9motion reste vive au sein du club.<\/p>\n<p data-start=\"1272\" data-end=\"1470\">L\u2019ASOM, tr\u00e8s touch\u00e9, pr\u00e9f\u00e8re rester silencieux jusqu\u2019\u00e0 la commission de discipline. Le club dit vouloir \u00e9viter toute r\u00e9action \u00ab face au d\u00e9ferlement de haine et de col\u00e8re sur les r\u00e9seaux sociaux \u00bb.<\/p>\n<p data-start=\"1472\" data-end=\"1517\"><strong data-start=\"1476\" data-end=\"1517\">Le match d\u00e9g\u00e9n\u00e8re d\u00e8s le coup d\u2019envoi<\/strong><\/p>\n<p data-start=\"1518\" data-end=\"1790\">Selon plusieurs t\u00e9moins, l\u2019affrontement a bascul\u00e9 imm\u00e9diatement. Sur la premi\u00e8re action, un joueur d\u2019Olonzac est victime d\u2019un plaquage dangereux en l\u2019air. La tension monte d\u2019un cran et une premi\u00e8re bagarre g\u00e9n\u00e9rale \u00e9clate. L\u2019arbitre expulse alors un joueur de chaque camp.<\/p>\n<p data-start=\"1792\" data-end=\"2061\">Quelques instants plus tard, un plaquage appuy\u00e9 d\u2019un joueur de l\u2019ASOM d\u00e9clenche un nouvel affrontement encore plus violent. L\u2019arbitre, dans son rapport, pr\u00e9cise que \u00ab plusieurs coups de poing au visage sont per\u00e7us. Cette bagarre est plus violente que la pr\u00e9c\u00e9dente \u00bb.<\/p>\n<p data-start=\"2063\" data-end=\"2227\">C\u2019est durant ce deuxi\u00e8me \u00e9pisode que le troisi\u00e8me ligne d\u2019Olonzac aurait re\u00e7u un coup par-derri\u00e8re, entra\u00eenant son malaise. La rencontre est d\u00e9finitivement arr\u00eat\u00e9e.<\/p>\n<p data-start=\"2229\" data-end=\"2411\">\u00ab C\u2019\u00e9tait la meilleure d\u00e9cision \u00bb, souffle un membre du club visiteur. \u00ab On avait d\u00e9j\u00e0 pris deux rouges\u2026 Si le match avait continu\u00e9, on aurait pris un carton sur chaque action. \u00bb<\/p>\n<p data-start=\"2413\" data-end=\"2464\"><strong data-start=\"2417\" data-end=\"2464\">Plages d\u2019Orb se d\u00e9fend face aux accusations<\/strong><\/p>\n<p data-start=\"2465\" data-end=\"2587\">Du c\u00f4t\u00e9 des Plages d\u2019Orb, l\u2019heure est aussi \u00e0 la tension. Le club assure subir un lynchage m\u00e9diatique, notamment en ligne.<\/p>\n<p data-start=\"2589\" data-end=\"2892\">\u00ab On se fait traiter de voyous, de drogu\u00e9s, c\u2019est un truc de fou \u00bb, s\u2019indigne le pr\u00e9sident Pierre Espada. Il estime que les deux \u00e9quipes sont responsables : \u00ab Il faut \u00eatre deux pour se battre. \u00c0 c\u00f4t\u00e9 de \u00e7a, notre banc et notre public ont \u00e9t\u00e9 exemplaires, alors qu\u2019on s\u2019est fait insulter de tout. \u00bb<\/p>\n<p data-start=\"2894\" data-end=\"3271\"><strong>Le dirigeant s\u2019\u00e9tonne aussi de l\u2019annonce des blessures graves :<\/strong><\/p>\n<p data-start=\"2894\" data-end=\"3271\">\u00ab Ils ont dit qu\u2019il avait convuls\u00e9, mais il n\u2019y a rien sur le rapport. \u00bb Il ajoute : \u00ab Un de leurs joueurs s\u2019est bless\u00e9 au doigt lors du match entre nos deux r\u00e9serves, et une ambulance a \u00e9t\u00e9 appel\u00e9e. Et l\u00e0 ils n\u2019ont appel\u00e9 personne ? Je ne veux pas envenimer les choses, mais on ne l\u2019a pas vu convulser. \u00bb<\/p>\n<p data-start=\"3324\" data-end=\"3565\">Les deux camps s\u2019accordent au moins sur un point : cet \u00e9pisode fait du tort au rugby r\u00e9gional.<\/p>\n<p data-start=\"3324\" data-end=\"3565\">La commission de discipline de la Ligue Occitanie, pr\u00e9vue lundi prochain, pourrait prononcer des sanctions lourdes apr\u00e8s ces sc\u00e8nes de violence.<\/p>\n","protected":false},"excerpt":{"rendered":"Le rugby amateur a encore v\u00e9cu un dimanche noir comme l\u2019annonce Midi Libre. Un match amateur opposant Plages&hellip;\n","protected":false},"author":2,"featured_media":211654,"comment_status":"","ping_status":"","sticky":false,"template":"","format":"standard","meta":{"footnotes":""},"categories":[1416],"tags":[1011,27,479,1468,60],"class_list":{"0":"post-546300","1":"post","2":"type-post","3":"status-publish","4":"format-standard","5":"has-post-thumbnail","7":"category-rugby","8":"tag-fr","9":"tag-france","10":"tag-rugby","11":"tag-rugby-football","12":"tag-sports"},"share_on_mastodon":{"url":"https:\/\/pubeurope.com\/@fr\/115580656971684738","error":""},"_links":{"self":[{"href":"https:\/\/www.europesays.com\/fr\/wp-json\/wp\/v2\/posts\/546300","targetHints":{"allow":["GET"]}}],"collection":[{"href":"https:\/\/www.europesays.com\/fr\/wp-json\/wp\/v2\/posts"}],"about":[{"href":"https:\/\/www.europesays.com\/fr\/wp-json\/wp\/v2\/types\/post"}],"author":[{"embeddable":true,"href":"https:\/\/www.europesays.com\/fr\/wp-json\/wp\/v2\/users\/2"}],"replies":[{"embeddable":true,"href":"https:\/\/www.europesays.com\/fr\/wp-json\/wp\/v2\/comments?post=546300"}],"version-history":[{"count":0,"href":"https:\/\/www.europesays.com\/fr\/wp-json\/wp\/v2\/posts\/546300\/revisions"}],"wp:featuredmedia":[{"embeddable":true,"href":"https:\/\/www.europesays.com\/fr\/wp-json\/wp\/v2\/media\/211654"}],"wp:attachment":[{"href":"https:\/\/www.europesays.com\/fr\/wp-json\/wp\/v2\/media?parent=546300"}],"wp:term":[{"taxonomy":"category","embeddable":true,"href":"https:\/\/www.europesays.com\/fr\/wp-json\/wp\/v2\/categories?post=546300"},{"taxonomy":"post_tag","embeddable":true,"href":"https:\/\/www.europesays.com\/fr\/wp-json\/wp\/v2\/tags?post=546300"}],"curies":[{"name":"wp","href":"https:\/\/api.w.org\/{rel}","templated":true}]}}