{"id":546307,"date":"2025-11-20T06:46:12","date_gmt":"2025-11-20T06:46:12","guid":{"rendered":"https:\/\/www.europesays.com\/fr\/546307\/"},"modified":"2025-11-20T06:46:12","modified_gmt":"2025-11-20T06:46:12","slug":"lobservatoire-des-sectes-alerte-sur-la-radicalisation-de-sa-pratique","status":"publish","type":"post","link":"https:\/\/www.europesays.com\/fr\/546307\/","title":{"rendered":"l&rsquo;observatoire des sectes alerte sur \u00ab\u00a0la radicalisation\u00a0\u00bb de sa pratique"},"content":{"rendered":"<p>Les <strong>Manaudou<\/strong> forment un clan o\u00f9 la natation<br \/>\noccupe une place centrale et fa\u00e7onne les parcours de chacun.<br \/>\nL\u2019a\u00een\u00e9, <strong>Nicolas<\/strong>, s\u2019est tourn\u00e9 vers l\u2019entra\u00eenement,<br \/>\nguid\u00e9 par la volont\u00e9 de transmettre son savoir. \u00c0 ses c\u00f4t\u00e9s,<br \/>\n<strong>Florent<\/strong> a longtemps fait vibrer les bassins gr\u00e2ce<br \/>\n\u00e0 sa puissance et sa r\u00e9gularit\u00e9. Ses deux m\u00e9dailles de bronze<br \/>\nglan\u00e9es lors des Jeux Olympiques de Paris 2024 illustrent<br \/>\nparfaitement son engagement et son sens du d\u00e9fi.<br \/>\n<strong>Laure<\/strong>, quant \u00e0 elle, incarne la figure la plus<br \/>\nmarquante de cette lign\u00e9e sportive. Sa carri\u00e8re impressionnante a<br \/>\nmarqu\u00e9 une g\u00e9n\u00e9ration, notamment lorsqu\u2019elle a d\u00e9croch\u00e9 trois<br \/>\nm\u00e9dailles aux Jeux d\u2019Ath\u00e8nes en 2004. Deux ans plus tard, elle<br \/>\nfrappait encore les esprits en am\u00e9liorant le record du monde du 400<br \/>\nm\u00e8tres nage libre lors des Championnats d\u2019Europe de Budapest.<\/p>\n<p>Laure Manaudou, la natation dans le sang<\/p>\n<p data-start=\"53\" data-end=\"659\">Laure Manaudou encha\u00eene les<br \/>\nd\u00e9cisions fortes \u00e0 mesure que sa carri\u00e8re \u00e9volue. Apr\u00e8s avoir<br \/>\nquitt\u00e9 son premier club pour celui du Canet en Roussillon, elle<br \/>\nconclut un accord de m\u00e9c\u00e9nat avec <strong>Fran\u00e7ois<br \/>\nPinault<\/strong>. L\u2019homme d\u2019affaires lui apporte alors un soutien<br \/>\nfinancier cons\u00e9quent, tandis qu\u2019elle s\u2019engage simplement \u00e0<br \/>\nparticiper \u00e0 des soir\u00e9es caritatives. Un an plus tard, elle tourne<br \/>\nla page avec <strong>Philippe Lucas<\/strong> et rejoint un club<br \/>\nitalien pour se rapprocher de <strong>Luca Marin<\/strong>. Cette<br \/>\nnouvelle \u00e9tape ne se d\u00e9roule cependant pas comme pr\u00e9vu, puisque des<br \/>\ntensions avec l\u2019entra\u00eeneur <strong>Paolo Penso<\/strong> m\u00e8nent \u00e0<br \/>\nson \u00e9viction.<\/p>\n<p data-start=\"661\" data-end=\"1193\" data-is-last-node=\"\" data-is-only-node=\"\">Malgr\u00e9 cette p\u00e9riode mouvement\u00e9e, l\u00a0\u00bbex-nageuse<br \/>\nr\u00e9alise une saison impressionnante et d\u00e9croche cinq m\u00e9dailles lors<br \/>\ndes Mondiaux 2007 de Melbourne, confirmant son aura de favorite.<br \/>\nLongtemps consid\u00e9r\u00e9e comme l\u2019une des ic\u00f4nes de la natation<br \/>\nfran\u00e7aise, elle finit par refermer ce chapitre apr\u00e8s une d\u00e9cennie<br \/>\nloin des bassins. <a href=\"https:\/\/www.melty.fr\/people\/jo-de-paris-2024-florent-manaudou-33-ans-sans-filtre-sur-laure-elle-est-2167236.html\" target=\"_blank\" rel=\"noopener\"><br \/>\nSon r\u00f4le de commentatrice durant les Jeux Olympiques de Paris<br \/>\n2024<\/a> marque une transition avant qu\u2019elle ne choisisse l\u2019an<br \/>\ndernier de s\u2019orienter vers <strong>une nouvelle voie<br \/>\nprofessionnelle<\/strong> encore discut\u00e9e par le public.<\/p>\n<p>Une reconversion qui fait<br \/>\nmouche<\/p>\n<p>Il y a quelques mois, Laure Manaudou a confi\u00e9 \u00e0 Femme<br \/>\nActuelle vouloir s\u2019investir pleinement dans un nouveau projet<br \/>\nprofessionnel. Apr\u00e8s plusieurs mois de formation, elle explique<br \/>\navoir achev\u00e9 <strong>son parcours en kin\u00e9siologie<\/strong> et<br \/>\npr\u00e9cise : \u00ab\u00a0J\u2019ai termin\u00e9 mon cursus en kin\u00e9siologie, j\u2019ai valid\u00e9<br \/>\nmes 600 heures de stage, il ne me reste plus qu\u2019\u00e0 passer la<br \/>\ncertification. C\u2019est quelque chose que j\u2019aime faire. Comment g\u00e9rer<br \/>\nen groupe, comment aider les personnes psychologiquement est<br \/>\nquelque chose qui me passionne\u2026 C\u2019est une nouvelle approche<br \/>\nth\u00e9rapeutique\u00a0\u00bb. Pour elle, cette voie offre la possibilit\u00e9<br \/>\nd\u2019accompagner les autres en s\u2019appuyant sur son exp\u00e9rience du sport,<br \/>\nce qui correspond \u00e0 ses aspirations profondes. Elle insiste<br \/>\nd\u2019ailleurs : \u00ab\u00a0Comment g\u00e9rer en groupe, comment aider les<br \/>\npersonnes psychologiquement est quelque chose qui me<br \/>\npassionne\u00a0\u00bb.<\/p>\n<p>Cependant, son choix cr\u00e9e un vif d\u00e9bat, car <strong>sa<br \/>\ndiscipline ne b\u00e9n\u00e9ficie d\u2019aucune reconnaissance<br \/>\nofficielle<\/strong>. Elle le reconna\u00eet elle-m\u00eame en soulignant que<br \/>\n\u00ab\u00a0jusqu\u2019ici, tout va bien\u2026 ou presque. En effet, la kin\u00e9siologie<br \/>\nn\u2019est pas une pratique reconnue par l\u2019OMS\u00a0\u00bb. Wikipedia la<br \/>\npr\u00e9sente comme une \u00ab\u00a0technique pseudoscientifique qui recourt \u00e0<br \/>\nun examen appel\u00e9 \u2018test musculaire\u2019 pour pr\u00e9tendument faire une<br \/>\n\u00e9valuation neurologique fonctionnelle\u00a0\u00bb. Le Conseil national de<br \/>\nl\u2019Ordre des m\u00e9decins \u00e9voque une \u00ab\u00a0technique de r\u00e9\u00e9quilibrage<br \/>\npsychocorporelle\u00a0\u00bb reposant sur un \u00ab\u00a0test musculaire de<br \/>\ncommunication\u00a0\u00bb, cens\u00e9 agir sur des difficult\u00e9s vari\u00e9es selon<br \/>\nses promoteurs. <a href=\"https:\/\/www.melty.fr\/people\/laure-manaudou-cette-pratique-quelle-adore-ne-fait-pas-lunanimite-cest-quelque-chose-que-2188523.html\" target=\"_blank\" rel=\"noopener\"><br \/>\nLes critiques se multiplient sur les r\u00e9seaux sociaux<\/a>, certains<br \/>\nparlant de \u00ab\u00a0charlatanisme\u00a0\u00bb ou d\u00e9non\u00e7ant \u00ab\u00a0des croyances<br \/>\nd&rsquo;une secte\u00a0\u00bb. Malgr\u00e9 ces r\u00e9actions s\u00e9v\u00e8res, l\u2019ancienne nageuse<br \/>\ncontinue de d\u00e9fendre son projet et se dit <strong>d\u00e9termin\u00e9e \u00e0<br \/>\nprogresser dans cette pratique<\/strong>.<\/p>\n<p>Laure Manaudou contrainte de reporter<br \/>\nun grand projet<\/p>\n<p>Laure Manaudou s\u2019\u00e9tait fix\u00e9 un objectif ambitieux en<br \/>\n<strong>visant le marathon de Valence<\/strong>. \u00c0 39 ans, elle<br \/>\nvoulait se mesurer \u00e0 cette distance mythique apr\u00e8s un trek<br \/>\n\u00e9prouvant au N\u00e9pal, une aventure qui l\u2019a clairement mise \u00e0<br \/>\nl\u2019\u00e9preuve. Elle avait d\u2019ailleurs reconnu avec humour ne pas avoir<br \/>\neu la force de multiplier les photos durant le voyage, signe<br \/>\n\u00e9vident d\u2019une fatigue tenace. Malgr\u00e9 son envie intacte, <strong>la<br \/>\nmaman de de Lou et Sacha<\/strong> ressentait d\u00e9j\u00e0 un manque de<br \/>\nfra\u00eecheur physique et confiait que la course \u00e0 pied lui demandait<br \/>\nune r\u00e9cup\u00e9ration plus longue que pr\u00e9vu. Ses s\u00e9ances de pr\u00e9paration<br \/>\n\u00e9court\u00e9es n\u2019ont fait que renforcer cette sensation de limites<br \/>\ndifficiles \u00e0 ignorer.<\/p>\n<p>Pr\u00e8s de deux semaines plus tard, elle finit par annoncer son<br \/>\nrenoncement \u00e0 RMC Running, non sans une pointe de d\u00e9ception.<br \/>\n\u00ab\u00a0Mon c\u0153ur me dit d&rsquo;y aller, mais mon corps me dit non\u00a0\u00bb,<br \/>\nd\u00e9clare-t-elle avant d\u2019ajouter : \u00ab\u00a0J&rsquo;ai le regret de dire que<br \/>\nmon corps ne sera pas capable de courir 42 kilom\u00e8tres. Je suis tr\u00e8s<br \/>\nfrustr\u00e9e\u00a0\u00bb. Elle admet traverser un moment compliqu\u00e9, avec<br \/>\ncette impression d\u2019\u00e9chec qui la heurte, m\u00eame si elle garde en t\u00eate<br \/>\nque <strong>la course \u00e0 pied<\/strong> n\u2019a jamais \u00e9t\u00e9 sa sp\u00e9cialit\u00e9.<br \/>\nElle promet toutefois de continuer \u00e0 courir \u00e0 un rythme plus doux<br \/>\net pr\u00e9f\u00e8re voir cette d\u00e9cision comme un simple contretemps. Pour<br \/>\nelle, ce report n\u2019est pas une fin en soi et laisse entrevoir un<br \/>\nretour plus fort lorsqu\u2019elle se sentira pr\u00eate \u00e0 tenter l\u2019aventure<br \/>\nde nouveau.<\/p>\n","protected":false},"excerpt":{"rendered":"Les Manaudou forment un clan o\u00f9 la natation occupe une place centrale et fa\u00e7onne les parcours de chacun.&hellip;\n","protected":false},"author":2,"featured_media":546308,"comment_status":"","ping_status":"","sticky":false,"template":"","format":"standard","meta":{"footnotes":""},"categories":[1359],"tags":[58,59,925,1011,27,2117,973],"class_list":{"0":"post-546307","1":"post","2":"type-post","3":"status-publish","4":"format-standard","5":"has-post-thumbnail","7":"category-people","8":"tag-divertissement","9":"tag-entertainment","10":"tag-florent-manaudou","11":"tag-fr","12":"tag-france","13":"tag-laure-manaudou","14":"tag-people"},"share_on_mastodon":{"url":"https:\/\/pubeurope.com\/@fr\/115580684541424795","error":""},"_links":{"self":[{"href":"https:\/\/www.europesays.com\/fr\/wp-json\/wp\/v2\/posts\/546307","targetHints":{"allow":["GET"]}}],"collection":[{"href":"https:\/\/www.europesays.com\/fr\/wp-json\/wp\/v2\/posts"}],"about":[{"href":"https:\/\/www.europesays.com\/fr\/wp-json\/wp\/v2\/types\/post"}],"author":[{"embeddable":true,"href":"https:\/\/www.europesays.com\/fr\/wp-json\/wp\/v2\/users\/2"}],"replies":[{"embeddable":true,"href":"https:\/\/www.europesays.com\/fr\/wp-json\/wp\/v2\/comments?post=546307"}],"version-history":[{"count":0,"href":"https:\/\/www.europesays.com\/fr\/wp-json\/wp\/v2\/posts\/546307\/revisions"}],"wp:featuredmedia":[{"embeddable":true,"href":"https:\/\/www.europesays.com\/fr\/wp-json\/wp\/v2\/media\/546308"}],"wp:attachment":[{"href":"https:\/\/www.europesays.com\/fr\/wp-json\/wp\/v2\/media?parent=546307"}],"wp:term":[{"taxonomy":"category","embeddable":true,"href":"https:\/\/www.europesays.com\/fr\/wp-json\/wp\/v2\/categories?post=546307"},{"taxonomy":"post_tag","embeddable":true,"href":"https:\/\/www.europesays.com\/fr\/wp-json\/wp\/v2\/tags?post=546307"}],"curies":[{"name":"wp","href":"https:\/\/api.w.org\/{rel}","templated":true}]}}