{"id":546314,"date":"2025-11-20T06:51:28","date_gmt":"2025-11-20T06:51:28","guid":{"rendered":"https:\/\/www.europesays.com\/fr\/546314\/"},"modified":"2025-11-20T06:51:28","modified_gmt":"2025-11-20T06:51:28","slug":"eleanor-the-great-il-vaut-quoi-le-premier-film-de-scarlett-johansson-derriere-la-camera","status":"publish","type":"post","link":"https:\/\/www.europesays.com\/fr\/546314\/","title":{"rendered":"\u00ab\u00a0Eleanor the great\u00a0\u00bb : il vaut quoi, le premier film de Scarlett Johansson derri\u00e8re la cam\u00e9ra ?"},"content":{"rendered":"<ul class=\"jsx-862013697 ArticleChapo__List\">\n<li class=\"jsx-862013697 ArticleChapo__List_Item flex\">La superstar am\u00e9ricaine passe derri\u00e8re la cam\u00e9ra avec un drame qui fait \u00e9cho \u00e0 son histoire familiale.<\/li>\n<li class=\"jsx-862013697 ArticleChapo__List_Item flex\">Son h\u00e9ro\u00efne est une nonag\u00e9naire qui s&rsquo;approprie le pass\u00e9 de sa meilleure amie, survivante de la Shoah.<\/li>\n<li class=\"jsx-862013697 ArticleChapo__List_Item flex\">Subtil et tendre, c&rsquo;est un \u00e9crin magnifique pour sa vedette, June Squibb, arriv\u00e9e sur le tard au cin\u00e9ma.<\/li>\n<\/ul>\n<p data-module=\"article-paragraph\" class=\"jsx-3046738180 Paragraph Paragraph__End\">Scarlett Johansson raconte avoir eu envie de r\u00e9aliser un film \u00e0 l&rsquo;\u00e2ge de 12 ans, alors qu&rsquo;elle \u00e9tait sur le plateau de L\u2019homme qui murmurait \u00e0 l\u2019oreille des chevaux du regrett\u00e9 <a href=\"https:\/\/www.tf1info.fr\/culture\/mort-de-robert-redford-legende-du-cinema-americain-l-acteur-est-decede-a-l-age-de-89-ans-2394981.html\" target=\"_blank\" rel=\"noopener\">Robert Redford<\/a>, en 1998. Depuis, elle est devenue l\u2019une des com\u00e9diennes les plus populaires de sa g\u00e9n\u00e9ration, alternant blockbusters et films d\u2019auteur avec soin. La quarantaine pass\u00e9e, elle passe enfin derri\u00e8re la cam\u00e9ra avec Eleanor the great, un coup d\u2019essai en salles ce mercredi apr\u00e8s avoir \u00e9t\u00e9 d\u00e9voil\u00e9 en avant-premi\u00e8re mondiale en mai dernier au Festival de Cannes.<\/p>\n<p data-module=\"article-paragraph\" class=\"jsx-3046738180 Paragraph Paragraph__End\">Eleanor, c\u2019est une charmante nonag\u00e9naire qui coule des jours paisibles en Floride aupr\u00e8s de Bessie, sa meilleure amie, une survivante de la Shoah. Le jour o\u00f9 cette derni\u00e8re dispara\u00eet soudainement, elle part s\u2019installer aupr\u00e8s de sa fille, \u00e0 New York. Inscrite un peu malgr\u00e9 \u00e0 elle \u00e0 un cours de chant, la voil\u00e0 qui d\u00e9barque dans un groupe de paroles r\u00e9unissant de rares rescap\u00e9s de la barbarie nazie. Parce qu\u2019elle se sent seule, parce que le r\u00e9cit de Bessie la hante, elle d\u00e9cide de se l\u2019approprier.<\/p>\n<p><img decoding=\"async\" src=\"https:\/\/www.europesays.com\/fr\/wp-content\/uploads\/2025\/11\/scarlett-johansson-et-june-squibb-c48138-0@1x.jpeg\" alt=\"Scarlett Johansson et June Squibb en mai 2025 \u00e0 Cannes. - AFP\" loading=\"lazy\" importance=\"low\" fetchpriority=\"low\" class=\"\" data-module=\"article-image\"\/>Scarlett Johansson et June Squibb en mai 2025 \u00e0 Cannes. &#8211; AFP<\/p>\n<p data-module=\"article-paragraph\" class=\"jsx-3046738180 Paragraph Paragraph__End\">De confession juive par sa m\u00e8re, Scarlett Johansson n\u2019a pas choisi le th\u00e8me de son premier film par hasard puisqu\u2019une partie de ses anc\u00eatres a p\u00e9ri dans le ghetto de Varsovie. \u00ab\u00a0Je me sentais tellement li\u00e9e \u00e0 cette partie de l\u2019histoire en raison de mon propre pass\u00e9 familial et de ma propre identit\u00e9 que j&rsquo;\u00e9tais s\u00fbre qu&rsquo;il s&rsquo;agissait d&rsquo;un sujet sur lequel je pourrais avoir un vrai point de vue\u00a0\u00bb, confiait-elle \u00e0 TF1info sur la Croisette.<\/p>\n<p data-module=\"article-paragraph\" class=\"jsx-3046738180 Paragraph Paragraph__End\">Avec un m\u00e9lange subtil de tendresse et d\u2019humour noir, la star du r\u00e9cent Jurassic World : Renaissance trouve le ton juste pour mettre en sc\u00e8ne le pi\u00e8ge \u00e9motionnel dans lequel son h\u00e9ro\u00efne s\u2019enferme lorsqu\u2019elle se lie d\u2019amiti\u00e9 avec Nina (Erin Kellyman). Une \u00e9tudiante qui vient de perdre sa m\u00e8re et qui cherche le moyen d\u2019attirer l\u2019attention de son p\u00e8re journaliste en \u00e9crivant un article sur cette charmante mythomane aux cheveux blancs.<\/p>\n<p><a href=\"https:\/\/www.tf1info.fr\/culture\/festival-de-cannes-2025-scarlett-johansson-interview-entretien-star-selon-l-actrice-et-realisatrice-il-y-a-une-tendance-a-nier-l-holocauste-qui-me-parait-dingue-2372267.html\" rel=\"noopener\" class=\"jsx-3308031228 Link flex\" target=\"_blank\"><img decoding=\"async\" src=\"https:\/\/www.europesays.com\/fr\/wp-content\/uploads\/2025\/11\/scarlett-johansson-2237-d5aac5-0@1x.jpeg\" alt=\"AFP\" loading=\"lazy\" importance=\"low\" fetchpriority=\"low\" class=\"\" aria-hidden=\"true\"\/><\/p>\n<p class=\"jsx-3657663356 ReadMoreArticle__Title\">Lire aussi<\/p>\n<p class=\"jsx-3657663356\">INTERVIEW &#8211; Scarlett Johansson au Festival de Cannes 2025 : \u00ab\u00a0Il y a une tendance \u00e0 nier l\u2019Holocauste qui me para\u00eet dingue\u00a0\u00bb<\/p>\n<p><\/a><\/p>\n<p data-module=\"article-paragraph\" class=\"jsx-3046738180 Paragraph Paragraph__End\">Malgr\u00e9 le c\u00f4t\u00e9 professoral un peu lourdingue de la derni\u00e8re partie du film, et une BO larmoyante dispensable, Scarlett Johansson parvient \u00e0 r\u00e9aliser un portrait de femme comme on en voit peu ou pas assez \u00e0 Hollywood. Venue au cin\u00e9ma sur le tard dans Alice de Woody Allen en 1990, apr\u00e8s une longue carri\u00e8re au th\u00e9\u00e2tre, la divine June Squibb aura-t-elle une standing ovation lors de la prochaine c\u00e9r\u00e9monie des Oscars ?<\/p>\n<p data-module=\"article-paragraph\" class=\"jsx-3046738180 Paragraph Paragraph__End\"><strong>&gt;&gt; <\/strong><strong>Eleanor the great de<\/strong><strong> Scarlett Johansson. Avec June Squibb, Erin Kellyman, Chiwetel Ejiofor. 1h38. En salles<\/strong><\/p>\n<p>J\u00e9r\u00f4me VERMELIN<\/p>\n","protected":false},"excerpt":{"rendered":"La superstar am\u00e9ricaine passe derri\u00e8re la cam\u00e9ra avec un drame qui fait \u00e9cho \u00e0 son histoire familiale. Son&hellip;\n","protected":false},"author":2,"featured_media":546315,"comment_status":"","ping_status":"","sticky":false,"template":"","format":"standard","meta":{"footnotes":""},"categories":[1354],"tags":[1111,11,1921,650,58,59,73,5634,1346,1011,27,1922,2041,1360,4420,133,2040],"class_list":{"0":"post-546314","1":"post","2":"type-post","3":"status-publish","4":"format-standard","5":"has-post-thumbnail","7":"category-films","8":"tag-actu","9":"tag-actualites","10":"tag-article-video","11":"tag-cinema","12":"tag-divertissement","13":"tag-entertainment","14":"tag-etats-unis","15":"tag-festival-de-cannes","16":"tag-films","17":"tag-fr","18":"tag-france","19":"tag-info","20":"tag-medias-et-divertissement","21":"tag-movies","22":"tag-scarlett-johansson","23":"tag-video","24":"tag-video-culture"},"share_on_mastodon":{"url":"https:\/\/pubeurope.com\/@fr\/115580704502628466","error":""},"_links":{"self":[{"href":"https:\/\/www.europesays.com\/fr\/wp-json\/wp\/v2\/posts\/546314","targetHints":{"allow":["GET"]}}],"collection":[{"href":"https:\/\/www.europesays.com\/fr\/wp-json\/wp\/v2\/posts"}],"about":[{"href":"https:\/\/www.europesays.com\/fr\/wp-json\/wp\/v2\/types\/post"}],"author":[{"embeddable":true,"href":"https:\/\/www.europesays.com\/fr\/wp-json\/wp\/v2\/users\/2"}],"replies":[{"embeddable":true,"href":"https:\/\/www.europesays.com\/fr\/wp-json\/wp\/v2\/comments?post=546314"}],"version-history":[{"count":0,"href":"https:\/\/www.europesays.com\/fr\/wp-json\/wp\/v2\/posts\/546314\/revisions"}],"wp:featuredmedia":[{"embeddable":true,"href":"https:\/\/www.europesays.com\/fr\/wp-json\/wp\/v2\/media\/546315"}],"wp:attachment":[{"href":"https:\/\/www.europesays.com\/fr\/wp-json\/wp\/v2\/media?parent=546314"}],"wp:term":[{"taxonomy":"category","embeddable":true,"href":"https:\/\/www.europesays.com\/fr\/wp-json\/wp\/v2\/categories?post=546314"},{"taxonomy":"post_tag","embeddable":true,"href":"https:\/\/www.europesays.com\/fr\/wp-json\/wp\/v2\/tags?post=546314"}],"curies":[{"name":"wp","href":"https:\/\/api.w.org\/{rel}","templated":true}]}}