{"id":54632,"date":"2025-04-26T14:54:08","date_gmt":"2025-04-26T14:54:08","guid":{"rendered":"https:\/\/www.europesays.com\/fr\/54632\/"},"modified":"2025-04-26T14:54:08","modified_gmt":"2025-04-26T14:54:08","slug":"atp-marin-cilic-je-suis-daccord-pour-dire-que-les-joueurs-du-top-10-actuel-ne-sont-pas-tres-constants-ils-gagnent-et-perdent-presque-en-meme-temps","status":"publish","type":"post","link":"https:\/\/www.europesays.com\/fr\/54632\/","title":{"rendered":"ATP > Marin Cilic : \u00ab\u00a0Je suis d&rsquo;accord pour dire que les joueurs du Top 10 actuel ne sont pas tr\u00e8s constants, ils gagnent et perdent presque en m\u00eame temps\u00a0\u00bb"},"content":{"rendered":"<p>Dans sa longue inter\u00adview accord\u00e9e \u00e0 nos confr\u00e8res espa\u00adgnols de <a href=\"https:\/\/www.puntodebreak.com\/2025\/04\/21\/cilic-juego-alcaraz-regalo-maldicion\" data-wpel-link=\"external\" target=\"_blank\" rel=\"nofollow external noopener\">Puntodebreak<\/a>, Marin Cilic a \u00e9voqu\u00e9 de nombreux sujets.\u00a0<\/p>\n<p>Et apr\u00e8s avoir <a href=\"https:\/\/www.welovetennis.fr\/atp\/atp-madrid\/marin-cilic-tranche-entre-sinner-et-alcaraz-je-prefere-son-style\" data-wpel-link=\"internal\" rel=\"nofollow noopener\" target=\"_blank\">d\u00e9voil\u00e9 sa pr\u00e9f\u00e9\u00adrence entre Carlos Alcaraz et Jannik Sinner<\/a>, <a href=\"https:\/\/www.welovetennis.fr\/atp\/cilic-si-je-vous-dit-gasquet-monfils-tsonga-roddick-federer-nadal-murray-djokovic-del-potro-nalbandian-berdych-ferrer-rien-que-dans-cette-liste-on-trouve-une-combinaison-de-styles-t\" data-wpel-link=\"internal\" rel=\"nofollow noopener\" target=\"_blank\">compar\u00e9 l\u2019an\u00adcienne et la nouvelle g\u00e9n\u00e9\u00adra\u00adtions<\/a> en termes de style de jeu et <a href=\"https:\/\/www.welovetennis.fr\/atp\/marin-cilic-tranche-entre-federer-nadal-et-djokovic-pour-le-goat-oui-cest-vrai-cest-lui-mais-jai-beaucoup-de-respect-pour-les-deux-autres\" data-wpel-link=\"internal\" rel=\"nofollow noopener\" target=\"_blank\">r\u00e9v\u00e9l\u00e9 l\u2019iden\u00adtit\u00e9 de son GOAT<\/a>, le Croate a donn\u00e9 son avis sur le niveau actuel du Top 10 mondial. Et il n\u2019est pas tr\u00e8s emball\u00e9. Extraits.<\/p>\n<p>Journaliste\u00a0: <strong>Les gens disent qu\u2019il est beau\u00adcoup moins dur d\u2019en\u00adtrer dans le top 10 aujourd\u2019hui, \u00eates\u2010vous d\u2019accord\u202f?<\/strong><\/p>\n<p>Marin Cilic\u00a0: Je suis d\u2019ac\u00adcord. En ce moment, les meilleurs joueurs ne sont pas tr\u00e8s constants, ils gagnent et perdent presque en m\u00eame temps, m\u00eame s\u2019il est vrai que la plupart d\u2019entre eux sont encore tr\u00e8s jeunes et qu\u2019ils cherchent \u00e0 d\u00e9ve\u00adlopper leur meilleur niveau de jeu. Je suis tout \u00e0 fait d\u2019ac\u00adcord avec vous, mais je continue \u00e0 penser qu\u2019il est extr\u00ea\u00adme\u00adment diffi\u00adcile de gagner un Grand Chelem.\u00a0<\/p>\n<p class=\"post-published-date\" style=\"color: silver; font-size: 75%; text-align: left;\">Publi\u00e9 le samedi 26 avril 2025 \u00e0 15:15<\/p>\n","protected":false},"excerpt":{"rendered":"Dans sa longue inter\u00adview accord\u00e9e \u00e0 nos confr\u00e8res espa\u00adgnols de Puntodebreak, Marin Cilic a \u00e9voqu\u00e9 de nombreux sujets.\u00a0&hellip;\n","protected":false},"author":2,"featured_media":54633,"comment_status":"","ping_status":"","sticky":false,"template":"","format":"standard","meta":{"footnotes":""},"categories":[1415],"tags":[1744,1011,27,2127,60,1467],"class_list":{"0":"post-54632","1":"post","2":"type-post","3":"status-publish","4":"format-standard","5":"has-post-thumbnail","7":"category-tennis","8":"tag-alcaraz","9":"tag-fr","10":"tag-france","11":"tag-sinner","12":"tag-sports","13":"tag-tennis"},"share_on_mastodon":{"url":"https:\/\/pubeurope.com\/@fr\/114404842693473069","error":""},"_links":{"self":[{"href":"https:\/\/www.europesays.com\/fr\/wp-json\/wp\/v2\/posts\/54632","targetHints":{"allow":["GET"]}}],"collection":[{"href":"https:\/\/www.europesays.com\/fr\/wp-json\/wp\/v2\/posts"}],"about":[{"href":"https:\/\/www.europesays.com\/fr\/wp-json\/wp\/v2\/types\/post"}],"author":[{"embeddable":true,"href":"https:\/\/www.europesays.com\/fr\/wp-json\/wp\/v2\/users\/2"}],"replies":[{"embeddable":true,"href":"https:\/\/www.europesays.com\/fr\/wp-json\/wp\/v2\/comments?post=54632"}],"version-history":[{"count":0,"href":"https:\/\/www.europesays.com\/fr\/wp-json\/wp\/v2\/posts\/54632\/revisions"}],"wp:featuredmedia":[{"embeddable":true,"href":"https:\/\/www.europesays.com\/fr\/wp-json\/wp\/v2\/media\/54633"}],"wp:attachment":[{"href":"https:\/\/www.europesays.com\/fr\/wp-json\/wp\/v2\/media?parent=54632"}],"wp:term":[{"taxonomy":"category","embeddable":true,"href":"https:\/\/www.europesays.com\/fr\/wp-json\/wp\/v2\/categories?post=54632"},{"taxonomy":"post_tag","embeddable":true,"href":"https:\/\/www.europesays.com\/fr\/wp-json\/wp\/v2\/tags?post=54632"}],"curies":[{"name":"wp","href":"https:\/\/api.w.org\/{rel}","templated":true}]}}