{"id":546327,"date":"2025-11-20T06:58:13","date_gmt":"2025-11-20T06:58:13","guid":{"rendered":"https:\/\/www.europesays.com\/fr\/546327\/"},"modified":"2025-11-20T06:58:13","modified_gmt":"2025-11-20T06:58:13","slug":"en-france-les-feminicides-conjugaux-en-hausse-en-2024-selon-la-miprof","status":"publish","type":"post","link":"https:\/\/www.europesays.com\/fr\/546327\/","title":{"rendered":"En France, les f\u00e9minicides conjugaux en hausse en\u00a02024, selon la Miprof"},"content":{"rendered":"<p>                      <img loading=\"lazy\" decoding=\"async\" src=\"https:\/\/www.europesays.com\/fr\/wp-content\/uploads\/2025\/11\/a5b070e_ftp-import-images-1-vviasg7atnvs-5447588-01-06.jpg\" alt=\"Des activistes organisent un die-in\u00a0afin de rendre hommage aux victimes de f\u00e9minicide et d\u2019appeler le gouvernement \u00e0 augmenter les ressources et les subventions pour les organisations f\u00e9ministes. A Toulouse, le 16\u00a0novembre 2025.\"   width=\"664\" height=\"443\"\/>    Des activistes organisent un die-in\u00a0afin de rendre hommage aux victimes de f\u00e9minicide et d\u2019appeler le gouvernement \u00e0 augmenter les ressources et les subventions pour les organisations f\u00e9ministes. A Toulouse, le 16\u00a0novembre 2025.  ED JONES\/AFP                          <\/p>\n<p class=\"article__paragraph  \">Les donn\u00e9es de la Mission interminist\u00e9rielle pour la protection des femmes (Miprof) portant sur 2024, publi\u00e9es jeudi 20\u00a0novembre, soulignent qu\u2019en France, chaque jour, plus de trois femmes sont victimes de f\u00e9minicide ou de tentative de f\u00e9minicide conjugal, un chiffre en hausse sur un an. \u00ab\u00a0Toutes les sept\u00a0heures, il y a une femme que son conjoint ou ex-conjoint tue, tente de tuer, conduit \u00e0 se suicider ou \u00e0 tenter de se suicider\u00a0\u00bb, pr\u00e9cise la lettre annuelle de l\u2019Observatoire national des violences faites aux femmes, qui d\u00e9pend de la Miprof.<\/p>\n<p class=\"article__paragraph  \">Dans le d\u00e9tail\u00a0: 107 femmes ont \u00e9t\u00e9 victimes de f\u00e9minicides conjugaux en\u00a02024\u00a0; 270, de tentatives de f\u00e9minicides conjugaux\u00a0; et 906, d\u2019un harc\u00e8lement de la part de leur conjoint ou ex-conjoint ayant conduit au suicide ou \u00e0 une tentative, selon ce rapport publi\u00e9 \u00e0 quelques jours du 25\u00a0novembre, Journ\u00e9e internationale de lutte contre les violences faites aux femmes.<\/p>\n<p class=\"article__paragraph  \">Au total, 1\u00a0283 femmes ont \u00e9t\u00e9 victimes de f\u00e9minicides directs ou indirects, ou de tentatives de f\u00e9minicides conjugaux, contre 1\u00a0196 en\u00a02023. \u00ab\u00a0Soit, chaque jour, 3,5femmes victimes\u00a0\u00bb.<\/p>\n<p>                                       Lire aussi |  <a href=\"https:\/\/www.lemonde.fr\/societe\/article\/2024\/11\/25\/quatre-vingt-seize-feminicides-conjugaux-denombres-l-an-dernier-en-france-selon-un-bilan-actualise_6413985_3224.html\" class=\"js-article-read-also catcher--favoris__link\" data-premium=\"\" id=\"article-title-3399605\" rel=\"nofollow noopener\" target=\"_blank\">Quatre-vingt-seize f\u00e9minicides conjugaux d\u00e9nombr\u00e9s en 2023 en France, selon un bilan actualis\u00e9<\/a>    <\/p>\n<p>   Lire plus tard  <\/p>\n<p class=\"article__paragraph  \">Ces donn\u00e9es ne concernent toutefois \u00ab\u00a0que le couple, et elles ne refl\u00e8tent pas le ph\u00e9nom\u00e8ne des f\u00e9minicides dans son int\u00e9gralit\u00e9 [hors du couple, mort \u00e0 la suite de violences au sein du couple]\u00a0\u00bb, insiste l\u2019Observatoire.<\/p>\n<p>                    \u00ab\u00a0Un constat sans appel\u00a0\u00bb                    <\/p>\n<p class=\"article__paragraph  \">Concernant les autres violences commises contre les femmes, la lettre rappelle que toutes les deux minutes une femme est victime de viol, de tentative de viol ou d\u2019agression sexuelle, selon les derni\u00e8res donn\u00e9es disponibles de l\u2019enqu\u00eate \u00ab\u00a0V\u00e9cu et ressenti en mati\u00e8re de s\u00e9curit\u00e9\u00a0\u00bb du minist\u00e8re de l\u2019int\u00e9rieur, qui portent sur 2023. Et toutes les vingt-trois secondes, une femme subit du harc\u00e8lement sexuel, de l\u2019exhibition sexuelle ou l\u2019envoi non sollicit\u00e9 de contenus \u00e0\u00a0caract\u00e8re sexuel.<\/p>\n<p class=\"article__paragraph  \">Toutes ces donn\u00e9es \u00ab\u00a0posent, comme tous les ans, un constat sans appel\u00a0\u00bb, souligne dans le rapport Roxana Maracineanu, secr\u00e9taire g\u00e9n\u00e9rale de la Miprof. En\u00a02024, les filles et les femmes sont rest\u00e9es \u00ab\u00a0les cibles principales \u2013 pour ne pas dire quasi exclusives \u2013 des violences sexistes et sexuelles, et ceci \u00e0 tout \u00e2ge et dans toutes les sph\u00e8res de leur vie personnelle et sociale\u00a0\u00bb, pr\u00e9cise Mme\u00a0Maracineanu.<\/p>\n<p class=\"article__paragraph  \">Pour rompre \u00ab\u00a0ce cycle infernal\u00a0\u00bb, il faut que la formation des professionnels en premi\u00e8re ligne soit \u00ab\u00a0sans cesse renforc\u00e9e et r\u00e9p\u00e9t\u00e9e\u00a0\u00bb, ajoute-t-elle, et \u00ab\u00a0le rep\u00e9rage et le signalement des violences doivent devenir un r\u00e9flexe\u00a0\u00bb.<\/p>\n<p class=\"author__detail\">  Le Monde avec AFP  <\/p>\n<p>                <a href=\"https:\/\/www.lemonde.fr\/syndication\/\" class=\"reuse__content\" title=\"R\u00e9utiliser ce contenu\" target=\"_blank\" rel=\"nofollow noopener\">R\u00e9utiliser ce contenu<\/a>      <\/p>\n","protected":false},"excerpt":{"rendered":"Des activistes organisent un die-in\u00a0afin de rendre hommage aux victimes de f\u00e9minicide et d\u2019appeler le gouvernement \u00e0 augmenter&hellip;\n","protected":false},"author":2,"featured_media":546328,"comment_status":"","ping_status":"","sticky":false,"template":"","format":"standard","meta":{"footnotes":""},"categories":[4],"tags":[11,1011,27,12,25],"class_list":{"0":"post-546327","1":"post","2":"type-post","3":"status-publish","4":"format-standard","5":"has-post-thumbnail","7":"category-france","8":"tag-actualites","9":"tag-fr","10":"tag-france","11":"tag-news","12":"tag-republique-francaise"},"share_on_mastodon":{"url":"https:\/\/pubeurope.com\/@fr\/115580733068939427","error":""},"_links":{"self":[{"href":"https:\/\/www.europesays.com\/fr\/wp-json\/wp\/v2\/posts\/546327","targetHints":{"allow":["GET"]}}],"collection":[{"href":"https:\/\/www.europesays.com\/fr\/wp-json\/wp\/v2\/posts"}],"about":[{"href":"https:\/\/www.europesays.com\/fr\/wp-json\/wp\/v2\/types\/post"}],"author":[{"embeddable":true,"href":"https:\/\/www.europesays.com\/fr\/wp-json\/wp\/v2\/users\/2"}],"replies":[{"embeddable":true,"href":"https:\/\/www.europesays.com\/fr\/wp-json\/wp\/v2\/comments?post=546327"}],"version-history":[{"count":0,"href":"https:\/\/www.europesays.com\/fr\/wp-json\/wp\/v2\/posts\/546327\/revisions"}],"wp:featuredmedia":[{"embeddable":true,"href":"https:\/\/www.europesays.com\/fr\/wp-json\/wp\/v2\/media\/546328"}],"wp:attachment":[{"href":"https:\/\/www.europesays.com\/fr\/wp-json\/wp\/v2\/media?parent=546327"}],"wp:term":[{"taxonomy":"category","embeddable":true,"href":"https:\/\/www.europesays.com\/fr\/wp-json\/wp\/v2\/categories?post=546327"},{"taxonomy":"post_tag","embeddable":true,"href":"https:\/\/www.europesays.com\/fr\/wp-json\/wp\/v2\/tags?post=546327"}],"curies":[{"name":"wp","href":"https:\/\/api.w.org\/{rel}","templated":true}]}}