{"id":546347,"date":"2025-11-20T07:08:11","date_gmt":"2025-11-20T07:08:11","guid":{"rendered":"https:\/\/www.europesays.com\/fr\/546347\/"},"modified":"2025-11-20T07:08:11","modified_gmt":"2025-11-20T07:08:11","slug":"a-bihorel-les-riverains-en-ont-marre-de-trinquer-quand-le-tunnel-de-la-grand-mare-est-ferme","status":"publish","type":"post","link":"https:\/\/www.europesays.com\/fr\/546347\/","title":{"rendered":"\u00c0 Bihorel, les riverains en ont marre de trinquer quand le tunnel de la Grand-Mare est ferm\u00e9"},"content":{"rendered":"<p>                    Par<br \/>\n        <strong><br \/>\n            <a href=\"https:\/\/actu.fr\/auteur\/laredaction\" title=\"Consulter tous les articles de R\u00e9daction Normandie\" target=\"_blank\" rel=\"noopener\">R\u00e9daction Normandie<\/a><br \/>\n                    <\/strong><\/p>\n<p>        Publi\u00e9 le<\/p>\n<p>            20 nov. 2025 \u00e0 7h02        <\/p>\n<p><strong>Le tunnel de la Grand-Mare<\/strong>, malgr\u00e9 <a href=\"https:\/\/actu.fr\/normandie\/rouen_76540\/le-tunnel-de-la-grand-mare-a-rouen-va-fermer-plusieurs-nuits-pour-des-travaux-voici-quand_63387170.html\" target=\"_blank\" rel=\"noopener\">les r\u00e9cents travaux dont il a \u00e9t\u00e9 l\u2019objet<\/a>, n\u00e9cessite d\u2019autres am\u00e9nagements et surtout <strong>un entretien r\u00e9gulier<\/strong> pour la s\u00e9curit\u00e9 des automobilistes. Mais pour ce faire, il doit \u00eatre <strong>ferm\u00e9 plusieurs nuits dans l\u2019ann\u00e9e<\/strong>, avec une cons\u00e9quence : le passage de plusieurs centaines de poids lourds, chaque nuit, au c\u0153ur du quartier des Provinces, \u00e0 Bihorel, g\u00e9n\u00e9rant bruits et vibrations dans les appartements. Et les riverains en ont ras-le-bol !<\/p>\n<p>Le tunnel ferm\u00e9, une nuisance pour les riverains<\/p>\n<p class=\" wall-content\">\u00ab Entre septembre et d\u00e9cembre\u00a02025, pas moins de sept s\u00e9quences de fermetures ont \u00e9t\u00e9 constat\u00e9es, sur deux, trois, quatre nuits cons\u00e9cutives, \u00e9vitant syst\u00e9matiquement le seuil r\u00e9glementaire des cinq nuits <strong>qui rendrait automatique l\u2019activation de la d\u00e9viation<\/strong>. Les habitants du quartier des Provinces ne peuvent plus \u00eatre sacrifi\u00e9s. La r\u00e8gle doit s\u2019appliquer, et elle doit \u00eatre appliqu\u00e9e d\u00e8s la premi\u00e8re nuit \u00bb, a d\u00e9clar\u00e9 dans un communiqu\u00e9 de presse le groupe d\u2019opposition Bihorel en commun qui veut, bien entendu, faire de ce sujet, un th\u00e8me <strong>pour les prochaines \u00e9lections municipales<\/strong>.<\/p>\n<p class=\" wall-content\">Mais, ce sont surtout les riverains qui veulent aujourd\u2019hui se faire entendre. Soutenus par des \u00e9lus et l\u2019association <a href=\"https:\/\/actu.fr\/normandie\/rouen_76540\/de-la-renovation-energetiques-aux-combats-pour-le-climat-a-rouen-cette-asso-fete-20-ans-de-lutte_63431427.html\" target=\"_blank\" rel=\"noopener\">Effet de serre toi-m\u00eame<\/a>, ils se sont retrouv\u00e9s le mercredi 12 novembre, \u00e0 21h30, au croisement de la rue de la Pr\u00e9voti\u00e8re et de l\u2019avenue du Mar\u00e9chal Juin <strong>pour montrer leur m\u00e9contentement<\/strong>. Et d\u00e8s la fermeture de l\u2019ouvrage, en 30 minutes, 40 camions sont pass\u00e9s devant les 360 appartements du secteur. \u00ab Oui, ils sont beaux et modernes, mais ils nous cassent les oreilles \u00bb, a l\u00e2ch\u00e9 une Bihorellaise.<\/p>\n<p>Travers\u00e9e en continu sur un passage pi\u00e9ton<\/p>\n<p class=\" wall-content\">Spontan\u00e9ment, le groupe a lanc\u00e9 une action sur un passage prot\u00e9g\u00e9. Devant chaque poids lourd, les riverains ont travers\u00e9 en continu sur le marquage au sol, bloquant la circulation. Des chauffeurs ont klaxonn\u00e9 et d\u2019autres sont venus \u00e0 leur rencontre<strong> pour discuter et comprendre<\/strong>.<\/p>\n<p class=\" wall-content\">\u00ab Bien entendu, eux n\u2019y sont pour rien. La plupart, nous ont dit qu\u2019ils ne savent pas et qu\u2019aucune signalisation n\u2019est indiqu\u00e9e. J\u2019ai voulu v\u00e9rifier les dires des chauffeurs qui certifiaient tous sans exception que rien n\u2019\u00e9tait indiqu\u00e9 sur l\u2019A13 pour annoncer la fermeture du tunnel, ainsi que les d\u00e9viations conseill\u00e9es par l\u2019Ouest. \u00bb<\/p>\n<p>\u00ab L\u2019itin\u00e9raire S3-S4 n\u2019est m\u00eame pas conseill\u00e9 ou \u00e9voqu\u00e9 \u00bb<\/p>\n<p class=\" wall-content\">Le Bihorellais s\u2019est donc rendu en voiture, \u00e0 Tourville-la-Rivi\u00e8re, juste avant la sortie 22 (lorsqu\u2019on vient de Paris), o\u00f9 se trouve l\u2019ultime panneau \u00e0 message variable, avant de sortir de l\u2019autoroute et de se retrouver au final sur le secteur de Bihorel. \u00ab D\u00e9j\u00e0 que nous d\u00e9plorons que ces messages ne mentionnent aucun caract\u00e8re obligatoire \u00e0 passer par l\u2019ouest, mais de d\u00e9couvrir qu\u2019en plus, l\u2019itin\u00e9raire S3-S4 n\u2019est m\u00eame pas conseill\u00e9 ou \u00e9voqu\u00e9 m\u2019irrite profond\u00e9ment. Je compte appeler la Dirno pour demander des explications \u00bb, a lanc\u00e9 Arnold Rettenbacher, propri\u00e9taire d\u2019un appartement et qui a fait de ce trouble<strong> une lutte quotidienne.<\/strong><\/p>\n<p class=\" wall-content\">Les riverains ont promis qu\u2019ils reviendraient et qu\u2019ils veulent des r\u00e9ponses.<\/p>\n<p>Votre r\u00e9gion, votre actu !<\/p>\n<p>Recevez chaque jour les infos qui comptent pour vous.<\/p>\n<p>\t<a href=\"https:\/\/actu.fr\/newsletter\" class=\"ac-btn ac-btn--corner ac-btn--medium ac-btn--blue800\" target=\"_blank\" rel=\"noopener\">S&rsquo;incrire<\/a><br \/>\nSuivez l\u2019actualit\u00e9 de Rouen <a href=\"https:\/\/www.whatsapp.com\/channel\/0029VaKfnf99hXF2ddApFB1D\" target=\"_blank\" rel=\"noopener\">sur notre cha\u00eene WhatsApp<\/a> et <a href=\"https:\/\/www.tiktok.com\/@76actu.fr?lang=fr\" target=\"_blank\" rel=\"noopener\">sur notre compte TikTok<\/a><\/p>\n<p class=\" wall-content\">Personnalisez votre actualit\u00e9 en ajoutant vos villes et m\u00e9dias en favori avec <a href=\"https:\/\/moncompte.actu.fr\" title=\"D\u00e9couvez Mon Actu\" rel=\"nofollow noopener\" data-trk=\"{&quot;cta&quot;:{&quot;action&quot;:&quot;https:\\\/\\\/moncompte.actu.fr&quot;,&quot;category&quot;:&quot;mon compte&quot;,&quot;from&quot;:&quot;article footer&quot;,&quot;name&quot;:&quot;Mon actu&quot;,&quot;type&quot;:&quot;cta&quot;}}\" target=\"_blank\">Mon Actu<\/a>.<\/p>\n<p>                    <script async src=\"\/\/www.tiktok.com\/embed.js\"><\/script><\/p>\n","protected":false},"excerpt":{"rendered":"Par R\u00e9daction Normandie Publi\u00e9 le 20 nov. 2025 \u00e0 7h02 Le tunnel de la Grand-Mare, malgr\u00e9 les r\u00e9cents&hellip;\n","protected":false},"author":2,"featured_media":546348,"comment_status":"","ping_status":"","sticky":false,"template":"","format":"standard","meta":{"footnotes":""},"categories":[9587],"tags":[1111,11,3542,1777,674,1011,27,12,5161,25,9590,5009,104],"class_list":{"0":"post-546347","1":"post","2":"type-post","3":"status-publish","4":"format-standard","5":"has-post-thumbnail","7":"category-rouen","8":"tag-actu","9":"tag-actualites","10":"tag-circulation","11":"tag-eu","12":"tag-europe","13":"tag-fr","14":"tag-france","15":"tag-news","16":"tag-normandie","17":"tag-republique-francaise","18":"tag-rouen","19":"tag-securite-routiere","20":"tag-societe"},"share_on_mastodon":{"url":"https:\/\/pubeurope.com\/@fr\/115580771154418269","error":""},"_links":{"self":[{"href":"https:\/\/www.europesays.com\/fr\/wp-json\/wp\/v2\/posts\/546347","targetHints":{"allow":["GET"]}}],"collection":[{"href":"https:\/\/www.europesays.com\/fr\/wp-json\/wp\/v2\/posts"}],"about":[{"href":"https:\/\/www.europesays.com\/fr\/wp-json\/wp\/v2\/types\/post"}],"author":[{"embeddable":true,"href":"https:\/\/www.europesays.com\/fr\/wp-json\/wp\/v2\/users\/2"}],"replies":[{"embeddable":true,"href":"https:\/\/www.europesays.com\/fr\/wp-json\/wp\/v2\/comments?post=546347"}],"version-history":[{"count":0,"href":"https:\/\/www.europesays.com\/fr\/wp-json\/wp\/v2\/posts\/546347\/revisions"}],"wp:featuredmedia":[{"embeddable":true,"href":"https:\/\/www.europesays.com\/fr\/wp-json\/wp\/v2\/media\/546348"}],"wp:attachment":[{"href":"https:\/\/www.europesays.com\/fr\/wp-json\/wp\/v2\/media?parent=546347"}],"wp:term":[{"taxonomy":"category","embeddable":true,"href":"https:\/\/www.europesays.com\/fr\/wp-json\/wp\/v2\/categories?post=546347"},{"taxonomy":"post_tag","embeddable":true,"href":"https:\/\/www.europesays.com\/fr\/wp-json\/wp\/v2\/tags?post=546347"}],"curies":[{"name":"wp","href":"https:\/\/api.w.org\/{rel}","templated":true}]}}