{"id":546349,"date":"2025-11-20T07:09:32","date_gmt":"2025-11-20T07:09:32","guid":{"rendered":"https:\/\/www.europesays.com\/fr\/546349\/"},"modified":"2025-11-20T07:09:32","modified_gmt":"2025-11-20T07:09:32","slug":"rouen-opera-orchestre-normandie-rouen-les-18-et-19-dec-galuppi-luomo-femina-agnes-jaoui-mise-en-scene-le-poeme-harmonique-vincent-dumestre-direction","status":"publish","type":"post","link":"https:\/\/www.europesays.com\/fr\/546349\/","title":{"rendered":"ROUEN, Op\u00e9ra Orchestre Normandie Rouen, les 18 et 19 d\u00e9c. GALUPPI : L\u2019Uomo Femina. Agn\u00e8s Jaoui (mise en sc\u00e8ne), Le Po\u00e8me Harmonique, Vincent Dumestre (direction)"},"content":{"rendered":"<p><a href=\"https:\/\/onpl.fr\/agenda\/divine-symphonie\/\" aria-label=\"602\u00d7250-DivineSympho\" rel=\"nofollow noopener\" target=\"_blank\"><img loading=\"lazy\" decoding=\"async\" src=\"https:\/\/www.europesays.com\/fr\/wp-content\/uploads\/2025\/11\/602x250-DivineSympho.jpg\" alt=\"\"   width=\"602\" height=\"250\"\/><\/a><a href=\"https:\/\/www.classiquenews.com\/81870-2\/?print=pdf\" class=\"pdfprnt-button pdfprnt-button-pdf\" target=\"_blank\" rel=\"nofollow noopener\"><img decoding=\"async\" src=\"https:\/\/www.europesays.com\/fr\/wp-content\/uploads\/2025\/11\/pdf.png\" alt=\"image_pdf\" title=\"Afficher le PDF\"\/>T\u00e9l\u00e9charger (.pdf)<\/a>Le spectacle r\u00e9v\u00e9lant un joyau de l\u2019op\u00e9ra v\u00e9nitien du XVIII\u00e8, est d\u2019autant plus recommand\u00e9 que la production vient d\u2019\u00eatre distingu\u00e9e lord de la derni\u00e8re c\u00e9r\u00e9monie des 12\u00e8mes International Opera Awards 2025 \/ cat\u00e9gorie \u00ab \u0153uvres red\u00e9couvertes \u00bb (LIRE notre d\u00e9p\u00eache : \u00ab\u00a012e \u00e9dition des <strong>International Opera Awards 2025<\/strong> : <a href=\"https:\/\/www.classiquenews.com\/prix-12e-edition-des-international-opera-awards-2025-lopera-de-dijon-recompense-pour-luomo-femina-de-galuppi\/\" rel=\"nofollow noopener\" target=\"_blank\">l\u2019<strong>Op\u00e9ra de Dijon<\/strong> r\u00e9compens\u00e9 pour <strong>L\u2019Uomo Femina <\/strong>de <strong>Galuppi\u00a0\u00bb<\/strong><\/a>).<\/p>\n<p>\u00a0\n<\/p>\n<p>\u00a0\n<\/p>\n<p><a href=\"https:\/\/www.classiquenews.com\/storage\/2019\/02\/galuppi-baldassare-portrait-opera-concerts-festival-critique-sur-classiquenews-musqiue-baroque-opera-baroque-musique-classique-galuppi_ritratto.jpg\" rel=\"nofollow noopener\" target=\"_blank\"><img fetchpriority=\"high\" decoding=\"async\" class=\"size-medium wp-image-44852 alignleft\" src=\"https:\/\/www.europesays.com\/fr\/wp-content\/uploads\/2025\/11\/galuppi-baldassare-portrait-opera-concerts-festival-critique-sur-classiquenews-musqiue-baroque-opera.jpeg\" alt=\"\" width=\"225\" height=\"300\"  \/><\/a>Plus c\u00e9l\u00e8bre que Vivaldi en son temps, <strong>Baldassare Galuppi<\/strong>, figure incontournable de l\u2019op\u00e9ra baroque italien, compose en <strong>1762<\/strong>, une musique flamboyante, virtuose, p\u00e9tillante, au service d\u2019un livret au sc\u00e9nario renversant. Sur une \u00eele r\u00eav\u00e9e, les r\u00f4les s\u2019inversent, les femmes commandent, m\u00e8nent les batailles, collectionnent les conqu\u00eates amoureuses. Si cette com\u00e9die pr\u00eatait \u00e0 rire il y a trois si\u00e8cles, elle r\u00e9sonne diff\u00e9remment aujourd\u2019hui, et pose la question actuelle d\u2019un pouvoir conjugu\u00e9 au f\u00e9minin. Dans une mise en sc\u00e8ne qui, par d\u2019habiles travestissements, s\u2019amuse entre burlesque et r\u00e9flexion, <strong>Agn\u00e8s Jaoui<\/strong> interroge avec humour les enjeux contemporains. Port\u00e9 par des interpr\u00e8tes remarqu\u00e9s par leurs affinit\u00e9s avec le th\u00e9\u00e2tre baroque, dont la convaincante <strong>Lucile Richardot<\/strong>, le spectacle saisit par sa verve jubilatoire et percutante.\n<\/p>\n<p>\u00a0\n<\/p>\n<p>\u00a0\n<\/p>\n<p>_________________________________________<br \/><strong>Baldassare Galuppi : L\u2019Uomo Femina<a href=\"https:\/\/www.operaorchestrenormandierouen.fr\/programmation\/uomo-femina\/\" target=\"_blank\" rel=\"noopener nofollow\"><img loading=\"lazy\" decoding=\"async\" class=\"alignright wp-image-81872\" src=\"https:\/\/www.europesays.com\/fr\/wp-content\/uploads\/2025\/11\/UOMO-FEMINA-opera-galuppi-critique-annonce-opera-classiquenews-vincent-dumestre-opera-300x258.png\" alt=\"\" width=\"200\" height=\"172\"  \/><\/a><\/strong><br \/>Op\u00e9ra en trois actes \u2013 Livret de Pietro Chiari \u2013 Cr\u00e9\u00e9 \u00e0 Venise en 1762<br \/><strong>Jeudi 18 d\u00e9c 2025, 20h<\/strong><br \/><strong>Ven 19 dec\u00eds 2025, 20h<\/strong><br \/><strong>ROUEN,<\/strong> Th\u00e9\u00e2tre des Arts<br \/>\n<strong>R\u00c9SERVEZ vos places<\/strong> directement sur le site de l\u2019Op\u00e9ra Orchestre Normandie Op\u00e9ra : <a href=\"https:\/\/www.operaorchestrenormandierouen.fr\/programmation\/uomo-femina\/\" target=\"_blank\" rel=\"noopener nofollow\">https:\/\/www.operaorchestrenormandierouen.fr\/programmation\/uomo-femina\/<\/a><\/p>\n<p><strong>Introduction \u00e0 l\u2019\u0153uvre<\/strong>, les 18 et 19 d\u00e9c \u00e0 19h<br \/>\n<strong>Vid\u00e9o \/ L\u2019\u0153uvre en 1 min<\/strong> : <a href=\"https:\/\/www.operaorchestrenormandierouen.fr\/regarder\/une-oeuvre-une-minute-requiem-allemand\/\" target=\"_blank\" rel=\"noopener nofollow\">https:\/\/www.operaorchestrenormandierouen.fr\/regarder\/une-oeuvre-une-minute-requiem-allemand\/<\/a><\/p>\n<p>Direction musicale : <strong>Vincent Dumestre<\/strong><br \/>Mise en sc\u00e8ne : <strong>Agn\u00e8s Jaoui<\/strong><br \/>\nCretidea : Eva Za\u00efcik<br \/>Ramira : Lucile Richardot<br \/>Cassandra : Victoire Bunel<br \/>Roberto : Victor Sicard\u2026<br \/>\nLe Po\u00e8me Harmonique<br \/>\n<a href=\"https:\/\/www.classiquenews.com\/81870-2\/?print=pdf\" class=\"pdfprnt-button pdfprnt-button-pdf\" target=\"_blank\" rel=\"nofollow noopener\"><img decoding=\"async\" src=\"https:\/\/www.europesays.com\/fr\/wp-content\/uploads\/2025\/11\/pdf.png\" alt=\"image_pdf\" title=\"Afficher le PDF\"\/>T\u00e9l\u00e9charger (.pdf)<\/a><a href=\"https:\/\/onlille.com\/choisir-un-concert\/categories\/between-three-worlds\" aria-label=\"ON LILLE 602 4DEC\" rel=\"nofollow noopener\" target=\"_blank\"><img loading=\"lazy\" decoding=\"async\" src=\"https:\/\/www.europesays.com\/fr\/wp-content\/uploads\/2025\/11\/ON-LILLE-602-4DEC.png\" alt=\"\"   width=\"602\" height=\"250\"\/><\/a><\/p>\n","protected":false},"excerpt":{"rendered":"T\u00e9l\u00e9charger (.pdf)Le spectacle r\u00e9v\u00e9lant un joyau de l\u2019op\u00e9ra v\u00e9nitien du XVIII\u00e8, est d\u2019autant plus recommand\u00e9 que la production&hellip;\n","protected":false},"author":2,"featured_media":546350,"comment_status":"","ping_status":"","sticky":false,"template":"","format":"standard","meta":{"footnotes":""},"categories":[9587],"tags":[1111,11,1777,674,1011,27,12,5161,25,9590],"class_list":{"0":"post-546349","1":"post","2":"type-post","3":"status-publish","4":"format-standard","5":"has-post-thumbnail","7":"category-rouen","8":"tag-actu","9":"tag-actualites","10":"tag-eu","11":"tag-europe","12":"tag-fr","13":"tag-france","14":"tag-news","15":"tag-normandie","16":"tag-republique-francaise","17":"tag-rouen"},"share_on_mastodon":{"url":"https:\/\/pubeurope.com\/@fr\/115580776074684767","error":""},"_links":{"self":[{"href":"https:\/\/www.europesays.com\/fr\/wp-json\/wp\/v2\/posts\/546349","targetHints":{"allow":["GET"]}}],"collection":[{"href":"https:\/\/www.europesays.com\/fr\/wp-json\/wp\/v2\/posts"}],"about":[{"href":"https:\/\/www.europesays.com\/fr\/wp-json\/wp\/v2\/types\/post"}],"author":[{"embeddable":true,"href":"https:\/\/www.europesays.com\/fr\/wp-json\/wp\/v2\/users\/2"}],"replies":[{"embeddable":true,"href":"https:\/\/www.europesays.com\/fr\/wp-json\/wp\/v2\/comments?post=546349"}],"version-history":[{"count":0,"href":"https:\/\/www.europesays.com\/fr\/wp-json\/wp\/v2\/posts\/546349\/revisions"}],"wp:featuredmedia":[{"embeddable":true,"href":"https:\/\/www.europesays.com\/fr\/wp-json\/wp\/v2\/media\/546350"}],"wp:attachment":[{"href":"https:\/\/www.europesays.com\/fr\/wp-json\/wp\/v2\/media?parent=546349"}],"wp:term":[{"taxonomy":"category","embeddable":true,"href":"https:\/\/www.europesays.com\/fr\/wp-json\/wp\/v2\/categories?post=546349"},{"taxonomy":"post_tag","embeddable":true,"href":"https:\/\/www.europesays.com\/fr\/wp-json\/wp\/v2\/tags?post=546349"}],"curies":[{"name":"wp","href":"https:\/\/api.w.org\/{rel}","templated":true}]}}