{"id":546355,"date":"2025-11-20T07:13:22","date_gmt":"2025-11-20T07:13:22","guid":{"rendered":"https:\/\/www.europesays.com\/fr\/546355\/"},"modified":"2025-11-20T07:13:22","modified_gmt":"2025-11-20T07:13:22","slug":"il-a-ete-le-bras-droit-de-bruno-retailleau-franck-robine-est-le-nouveau-prefet-de-bretagne","status":"publish","type":"post","link":"https:\/\/www.europesays.com\/fr\/546355\/","title":{"rendered":"Il a \u00e9t\u00e9 le bras droit de Bruno Retailleau\u00a0: Franck Robine est le nouveau pr\u00e9fet de Bretagne"},"content":{"rendered":"<p>Valse pr\u00e9fectorale en Bretagne. Ce mercredi 19 novembre, en conseil des ministres, Franck Robine a \u00e9t\u00e9 nomm\u00e9 pr\u00e9fet de la r\u00e9gion Bretagne et d\u2019Ille-et-Vilaine. Il devrait prendre ses fonctions dans les prochaines semaines en remplacement d\u2019<a href=\"https:\/\/www.letelegramme.fr\/bretagne\/qui-est-amaury-de-saint-quentin-le-nouveau-prefet-de-bretagne-6680116.php\" target=\"_blank\" rel=\"noopener\">Amaury de Saint-Quentin<\/a>. Ce dernier, arriv\u00e9 en octobre 2024, a quant \u00e0 lui \u00e9t\u00e9 nomm\u00e9 pr\u00e9fet du Grand Est.<\/p>\n<p>Franck Robine n\u2019en est pas \u00e0 sa premi\u00e8re pr\u00e9fecture. L\u2019homme de 58 ans, originaire du Var et dipl\u00f4m\u00e9 de l\u2019Ena, a occup\u00e9 des fonctions similaires en Martinique, en Corse et en Bourgogne-Franche-Comt\u00e9. Son CV affiche \u00e9galement de nombreux passages dans les minist\u00e8res. Il a \u00e9t\u00e9 notamment chef de cabinet de Fran\u00e7ois Fillon \u00e0 Matignon, entre 2007 et 2012.<\/p>\n<p>Bras droit de Bruno Retailleau place Beauvau<\/p>\n<p>Le haut fonctionnaire a aussi une exp\u00e9rience des collectivit\u00e9s locales puisqu\u2019il a \u00e9t\u00e9 directeur g\u00e9n\u00e9ral des services du Conseil d\u00e9partemental des Alpes-Maritimes, alors dirig\u00e9 par \u00c9ric Ciotti, entre 2013 et 2015. Avant d\u2019occuper des fonctions similaires, cette fois au Conseil r\u00e9gional des Pays-de-la-Loire, pr\u00e9sid\u00e9 par un certain Bruno Retailleau, jusqu\u2019en 2017.<\/p>\n<p>Sept ans plus tard, en septembre 2024, le Vend\u00e9en l\u2019a de nouveau embauch\u00e9, cette fois comme directeur de cabinet, lors de sa nomination au minist\u00e8re de l\u2019Int\u00e9rieur. Une exp\u00e9rience qui n\u2019aura dur\u00e9 qu\u2019un an, instabilit\u00e9 gouvernementale oblige. Et qui pr\u00e9c\u00e8de donc cette arriv\u00e9e sur la p\u00e9ninsule bretonne, o\u00f9 de nombreux dossiers l\u2019attendent.<\/p>\n","protected":false},"excerpt":{"rendered":"Valse pr\u00e9fectorale en Bretagne. Ce mercredi 19 novembre, en conseil des ministres, Franck Robine a \u00e9t\u00e9 nomm\u00e9 pr\u00e9fet&hellip;\n","protected":false},"author":2,"featured_media":546356,"comment_status":"","ping_status":"","sticky":false,"template":"","format":"standard","meta":{"footnotes":""},"categories":[2821],"tags":[1111,11,829,765,1777,674,1011,27,12,584,25],"class_list":{"0":"post-546355","1":"post","2":"type-post","3":"status-publish","4":"format-standard","5":"has-post-thumbnail","7":"category-rennes","8":"tag-actu","9":"tag-actualites","10":"tag-bretagne","11":"tag-en-continu","12":"tag-eu","13":"tag-europe","14":"tag-fr","15":"tag-france","16":"tag-news","17":"tag-rennes","18":"tag-republique-francaise"},"share_on_mastodon":{"url":"https:\/\/pubeurope.com\/@fr\/115580790812050723","error":""},"_links":{"self":[{"href":"https:\/\/www.europesays.com\/fr\/wp-json\/wp\/v2\/posts\/546355","targetHints":{"allow":["GET"]}}],"collection":[{"href":"https:\/\/www.europesays.com\/fr\/wp-json\/wp\/v2\/posts"}],"about":[{"href":"https:\/\/www.europesays.com\/fr\/wp-json\/wp\/v2\/types\/post"}],"author":[{"embeddable":true,"href":"https:\/\/www.europesays.com\/fr\/wp-json\/wp\/v2\/users\/2"}],"replies":[{"embeddable":true,"href":"https:\/\/www.europesays.com\/fr\/wp-json\/wp\/v2\/comments?post=546355"}],"version-history":[{"count":0,"href":"https:\/\/www.europesays.com\/fr\/wp-json\/wp\/v2\/posts\/546355\/revisions"}],"wp:featuredmedia":[{"embeddable":true,"href":"https:\/\/www.europesays.com\/fr\/wp-json\/wp\/v2\/media\/546356"}],"wp:attachment":[{"href":"https:\/\/www.europesays.com\/fr\/wp-json\/wp\/v2\/media?parent=546355"}],"wp:term":[{"taxonomy":"category","embeddable":true,"href":"https:\/\/www.europesays.com\/fr\/wp-json\/wp\/v2\/categories?post=546355"},{"taxonomy":"post_tag","embeddable":true,"href":"https:\/\/www.europesays.com\/fr\/wp-json\/wp\/v2\/tags?post=546355"}],"curies":[{"name":"wp","href":"https:\/\/api.w.org\/{rel}","templated":true}]}}