{"id":546357,"date":"2025-11-20T07:14:16","date_gmt":"2025-11-20T07:14:16","guid":{"rendered":"https:\/\/www.europesays.com\/fr\/546357\/"},"modified":"2025-11-20T07:14:16","modified_gmt":"2025-11-20T07:14:16","slug":"a-rennes-le-glaz-festival-met-la-photographie-contemporaine-a-lhonneur","status":"publish","type":"post","link":"https:\/\/www.europesays.com\/fr\/546357\/","title":{"rendered":"\u00c0 Rennes, le Glaz Festival met la photographie contemporaine \u00e0 l\u2019honneur"},"content":{"rendered":"<p class=\"editor-content__paragraph\">En parall\u00e8le du grand mois de la photographie parisien (<a href=\"https:\/\/www.beauxarts.com\/lifestyle\/paris-photo-offprint-photo-days-photosaintgermain-tous-les-evenements-photo-a-ne-pas-rater-cette-semaine-a-paris\/\" target=\"_blank\" rel=\"noopener\">foires, salons\u2026 nous avons recens\u00e9 l\u2019ensemble des \u00e9v\u00e9nements de la capitale dans une pr\u00e9c\u00e9dente s\u00e9lection<\/a>), <strong>Rennes et ses alentours<\/strong> s\u2019ouvrent <strong>du 17\u00a0novembre au 4\u00a0janvier<\/strong> prochain au <strong>Glaz Festival<\/strong>. Pour leur deuxi\u00e8me \u00e9dition, ces <strong>Rencontres internationales de la photographie<\/strong> investissent une trentaine de lieux avec <strong>33\u00a0expositions<\/strong> et 63\u00a0artistes invit\u00e9s.<\/p>\n<p class=\"editor-content__paragraph\">Le festival propose \u00e9galement un riche agenda d\u2019\u00e9v\u00e9nements, avec <strong>des vernissages, des rencontres et des projections<\/strong> de films, mais aussi un <strong>Salon du livre photographique<\/strong> pr\u00e9vu les samedi 22\u00a0et dimanche 23\u00a0novembre dans le clo\u00eetre de l\u2019\u00c9cole europ\u00e9enne sup\u00e9rieure d\u2019art de Bretagne, un <strong>grand parcours en v\u00e9lo<\/strong> entre diff\u00e9rentes expositions du festival avec l\u2019association En roue libre le 23\u00a0novembre, une soir\u00e9e inaugurale le 26\u00a0novembre au Centre social de Maurepas ou encore une <strong>lecture perform\u00e9e<\/strong> d\u2019Ang\u00e8le Prunenec \u00e0 la Maison du livre de B\u00e9cherel, le 7\u00a0d\u00e9cembre.<\/p>\n<p>Des expositions dans toute la ville et ses alentours<\/p>\n<p class=\"editor-content__paragraph\">C\u00f4t\u00e9 expositions, quelques rep\u00e9rages\u00a0: outre l\u2019int\u00e9ressante exploration de la classe ouvri\u00e8re britannique qu\u2019a men\u00e9e le photographe <strong>Paul Reas<\/strong> sur trois d\u00e9cennies, de 1982 \u00e0 2012, \u00e0 la <strong>galerie Le Carr\u00e9 d\u2019art de Chartres-de-Bretagne<\/strong>, on ira voir, \u00e0 <strong>La Chambre claire de l\u2019Universit\u00e9 Rennes 2<\/strong>, le tendre travail de <strong>Sarah Mei Herman<\/strong> autour de son p\u00e8re et de son demi-fr\u00e8re, observation subtile de leurs moments de proximit\u00e9 et d\u2019\u00e9loignement.<\/p>\n<p>    <img loading=\"lazy\" decoding=\"async\" class=\"image__img\" src=\"https:\/\/www.europesays.com\/fr\/wp-content\/uploads\/2025\/11\/webanne-964x980.jpg\" alt=\"Anne-C\u00e9cile Esteve, \u00ab\u00a0Anne\u00a0\u00bb pour le projet participatif \u00ab\u00a0A vos amours\u00a0\u00bb\" width=\"964\" height=\"980\"\/><\/p>\n<p>Anne-C\u00e9cile Esteve, \u00ab\u00a0Anne\u00a0\u00bb pour le projet participatif \u00ab\u00a0A vos amours\u00a0\u00bb, 2024\u20132025<\/p>\n<p>    i<\/p>\n<p class=\"legende__cartel\">Photographie \u2022 \u00a9 Anne-C\u00e9cile Esteve<\/p>\n<p class=\"editor-content__paragraph\">Les amateurs de paysages se rendront aux<strong> Champs libres<\/strong> s\u2019\u00e9vader dans les horizons de <strong>Lise Gaudaire<\/strong>, qui pose sa chambre photographique 4 \u00d7 5\u00a0dans des paysages naturels savamment modifi\u00e9s par l\u2019homme, questionnant notre impact sur la Terre. De leur c\u00f4t\u00e9, <strong>Elsa &amp; Johanna<\/strong>, impayable duo expert du travestissement et de la mise en sc\u00e8ne, montrent leur dernier fait d\u2019armes, intitul\u00e9 \u00ab\u00a0Les douze heures du jour et de la nuit\u00a0\u00bb, au <strong>Th\u00e9\u00e2tre national de Bretagne<\/strong>, r\u00e9v\u00e9lant une <strong>r\u00e9flexion puissante sur la condition domestique<\/strong> r\u00e9serv\u00e9e aux femmes.<\/p>\n<p>        \u00c0 lire aussi :<br \/>\n        <a class=\"renvoi-explicite__link\" href=\"https:\/\/www.beauxarts.com\/lifestyle\/photographes-mythiques-ou-emergents-ou-acheter-de-beaux-tirages-a-moindre-cout\/\" target=\"_blank\" rel=\"noopener\">Photographes mythiques ou \u00e9mergents : o\u00f9 acheter de beaux tirages en ligne et \u00e0 moindre co\u00fbt ?<\/a><\/p>\n<p>Un vaste projet participatif \u00e0 l\u2019honneur<\/p>\n<p class=\"editor-content__paragraph\">Enfin, on rendra visite au tr\u00e8s prometteur projet participatif <strong>men\u00e9 par Anne-C\u00e9cile Est\u00e8ve avec des habitants de la ville<\/strong> de Rennes, dont elle a <strong>recueilli les histoires d\u2019amour<\/strong>. \u00ab\u00a0Car ce qui fait une ville, explique-t-elle, c\u2019est aussi ce v\u00e9cu sensible. Ne s\u2019attache-t-on pas \u00e0 un lieu parce qu\u2019on y a fait des rencontres, tiss\u00e9 des liens et laiss\u00e9 des histoires\u00a0?\u00a0\u00bb \u00c0 d\u00e9couvrir en d\u00e9ambulant <strong>dans les rues du quartier La Courrouze<\/strong>.<\/p>\n<p>        \u00c0 lire aussi :<br \/>\n        <a class=\"renvoi-explicite__link\" href=\"https:\/\/www.beauxarts.com\/grand-format\/a-rennes-le-pari-dune-annexe-gratuite-du-musee-des-beaux-arts-dans-le-quartier-fragile-de-maurepas\/\" target=\"_blank\" rel=\"noopener\">\u00c0 Rennes, le pari d&rsquo;une annexe (gratuite) du mus\u00e9e des Beaux-Arts dans le quartier fragile de Maurepas<\/a><\/p>\n<p class=\"annexe-content__subtitle\">Du 17 novembre 2025 au 4 janvier 2026 <\/p>\n<p>Plus d\u2019informations <a href=\"https:\/\/glaz-festival.com\/\" target=\"_blank\" rel=\"noopener\">sur le site du Glaz Festival<\/a><\/p>\n","protected":false},"excerpt":{"rendered":"En parall\u00e8le du grand mois de la photographie parisien (foires, salons\u2026 nous avons recens\u00e9 l\u2019ensemble des \u00e9v\u00e9nements de&hellip;\n","protected":false},"author":2,"featured_media":546358,"comment_status":"","ping_status":"","sticky":false,"template":"","format":"standard","meta":{"footnotes":""},"categories":[2821],"tags":[1111,11,829,1777,674,849,1011,27,12,1756,584,25],"class_list":{"0":"post-546357","1":"post","2":"type-post","3":"status-publish","4":"format-standard","5":"has-post-thumbnail","7":"category-rennes","8":"tag-actu","9":"tag-actualites","10":"tag-bretagne","11":"tag-eu","12":"tag-europe","13":"tag-festival","14":"tag-fr","15":"tag-france","16":"tag-news","17":"tag-photographie","18":"tag-rennes","19":"tag-republique-francaise"},"share_on_mastodon":{"url":"https:\/\/pubeurope.com\/@fr\/115580795462066572","error":""},"_links":{"self":[{"href":"https:\/\/www.europesays.com\/fr\/wp-json\/wp\/v2\/posts\/546357","targetHints":{"allow":["GET"]}}],"collection":[{"href":"https:\/\/www.europesays.com\/fr\/wp-json\/wp\/v2\/posts"}],"about":[{"href":"https:\/\/www.europesays.com\/fr\/wp-json\/wp\/v2\/types\/post"}],"author":[{"embeddable":true,"href":"https:\/\/www.europesays.com\/fr\/wp-json\/wp\/v2\/users\/2"}],"replies":[{"embeddable":true,"href":"https:\/\/www.europesays.com\/fr\/wp-json\/wp\/v2\/comments?post=546357"}],"version-history":[{"count":0,"href":"https:\/\/www.europesays.com\/fr\/wp-json\/wp\/v2\/posts\/546357\/revisions"}],"wp:featuredmedia":[{"embeddable":true,"href":"https:\/\/www.europesays.com\/fr\/wp-json\/wp\/v2\/media\/546358"}],"wp:attachment":[{"href":"https:\/\/www.europesays.com\/fr\/wp-json\/wp\/v2\/media?parent=546357"}],"wp:term":[{"taxonomy":"category","embeddable":true,"href":"https:\/\/www.europesays.com\/fr\/wp-json\/wp\/v2\/categories?post=546357"},{"taxonomy":"post_tag","embeddable":true,"href":"https:\/\/www.europesays.com\/fr\/wp-json\/wp\/v2\/tags?post=546357"}],"curies":[{"name":"wp","href":"https:\/\/api.w.org\/{rel}","templated":true}]}}