{"id":546359,"date":"2025-11-20T07:15:21","date_gmt":"2025-11-20T07:15:21","guid":{"rendered":"https:\/\/www.europesays.com\/fr\/546359\/"},"modified":"2025-11-20T07:15:21","modified_gmt":"2025-11-20T07:15:21","slug":"je-veux-un-retour-aux-valeurs-fondamentales-du-socialisme","status":"publish","type":"post","link":"https:\/\/www.europesays.com\/fr\/546359\/","title":{"rendered":"Je veux un retour aux valeurs fondamentales du socialisme"},"content":{"rendered":"<p>                    Par<br \/>\n        <strong><br \/>\n            <a href=\"https:\/\/actu.fr\/auteur\/ivan-capecchi\" title=\"Consulter tous les articles de Ivan CAPECCHI\" rel=\"nofollow noopener\" target=\"_blank\">Ivan CAPECCHI<\/a><br \/>\n                    <\/strong><\/p>\n<p>        Publi\u00e9 le<\/p>\n<p>            20 nov. 2025 \u00e0 7h02        <\/p>\n<p>Conseill\u00e8re r\u00e9gionale du Grand Est depuis 2021, Linda Ibiem entre dans la course des <a href=\"https:\/\/actu.fr\/tag\/municipales-2026\" rel=\"nofollow noopener\" target=\"_blank\">\u00e9lections municipales 2026<\/a> \u00e0 Strasbourg, sous l\u2019\u00e9tiquette <strong>PS<\/strong>. Une candidature qui intervient alors qu\u2019une autre figure socialiste, <a href=\"https:\/\/actu.fr\/grand-est\/strasbourg_67482\/municipales-2026-catherine-trautmann-ancienne-maire-de-strasbourg-officialise-sa-candidature_63282301.html\" rel=\"nofollow noopener\" target=\"_blank\">Catherine Trautmann<\/a>, se pr\u00e9sente \u00e9galement sous cette banni\u00e8re.<\/p>\n<p>Revenir aux \u00ab\u2009valeurs fondamentales du socialisme\u2009\u00bb<\/p>\n<p class=\" wall-content\">Militante depuis 15\u00a0ans, Linda Ibiem appelle de ses v\u0153ux \u00ab\u2009<strong>un retour aux valeurs fondamentales du socialisme<\/strong>, qu\u2019il se tourne \u00e0 nouveau vers les <strong>quartiers populaires<\/strong> et qu\u2019il retrouve son <strong>humanisme<\/strong>, sa <strong>solidarit\u00e9<\/strong>, tout ce qui a permis <strong>de grandes avanc\u00e9es sociales<\/strong>\u2009\u00bb. Elle dit vouloir \u00ab\u2009<strong>reb\u00e2tir un socialisme moderne et populaire<\/strong>\u2009\u00bb, port\u00e9 par une \u00ab\u2009nouvelle g\u00e9n\u00e9ration\u2009\u00bb.<\/p>\n<p class=\" wall-content\">Ing\u00e9nieure d\u2019affaires, elle a travaill\u00e9 dans l\u2019accompagnement \u00e0 la cr\u00e9ation d\u2019entreprises, puis dans le conseil aux collectivit\u00e9s pour la gestion de la dette. \u00c0 la R\u00e9gion, elle si\u00e8ge aux commissions \u00ab\u2009Enseignement Sup\u00e9rieur, Recherche et Innovation\u2009\u00bb ainsi que \u00ab\u2009Sport et Jeunesse\u2009\u00bb.<\/p>\n<p>La lutte contre la pauvret\u00e9 et pour l\u2019emploi, les deux piliers du programme de Linda Ibiem<\/p>\n<p class=\" wall-content\">Son programme, d\u00e9j\u00e0 constitu\u00e9, <strong>repose sur deux piliers<\/strong>\u2009: la <strong>lutte contre la pauvret\u00e9<\/strong> et pour l\u2019<a href=\"https:\/\/actu.fr\/tag\/emploi\" rel=\"nofollow noopener\" target=\"_blank\">emploi<\/a>. Parmi ses mesures\u2009: la cr\u00e9ation de <strong>logements temporaires adapt\u00e9s<\/strong> avec un accompagnement administratif et m\u00e9dico-social, <strong>l\u2019encadrement des loyers<\/strong> pour limiter la \u00ab\u2009gentrification du centre-ville\u2009\u00bb ou encore la <strong>mise en place de loyers progressifs<\/strong> pour les <a href=\"https:\/\/actu.fr\/tag\/commerce\" rel=\"nofollow noopener\" target=\"_blank\">commerces<\/a>, avec un rachat cibl\u00e9 de cellules par la Ville pour \u00e9viter \u00ab\u2009l\u2019h\u00e9g\u00e9monie des grandes enseignes\u2009\u00bb.<\/p>\n<p>\u00ab\u2009Je ne serai pas diviseuse\u2009\u00bb si le PS choisit un autre candidat, promet Linda Ibiem<\/p>\n<p class=\" wall-content\">Sur le dossier de l\u2019investiture PS, elle indique que la d\u00e9cision nationale \u00ab\u2009n\u2019est pas encore tranch\u00e9e\u2009\u00bb*. Si celle-ci lui \u00e9tait d\u00e9favorable, elle affirme qu\u2019elle \u00ab\u2009ne sera pas diviseuse\u2009\u00bb, tout en maintenant aujourd\u2019hui sa candidature et son ambition de <strong>\u00ab\u2009recentrer le d\u00e9bat sur des propositions\u2009\u00bb<\/strong>.<\/p>\n<p>Votre r\u00e9gion, votre actu !<\/p>\n<p>Recevez chaque jour les infos qui comptent pour vous.<\/p>\n<p>\t<a href=\"https:\/\/actu.fr\/newsletter\" class=\"ac-btn ac-btn--corner ac-btn--medium ac-btn--blue800\" rel=\"nofollow noopener\" target=\"_blank\">S&rsquo;incrire<\/a><\/p>\n<p class=\" wall-content\">Son programme complet est disponible sur <a href=\"https:\/\/www.convergence-alsace.com\/\" rel=\"nofollow noopener\" target=\"_blank\">Convergence-Alsace.com<\/a>.<\/p>\n<p class=\" wall-content\">*Catherine Trautmann a \u00e9t\u00e9 investie localement par le PS, un vote auquel Linda Ibiem n\u2019a pas souhait\u00e9 prendre part, le jugeant entach\u00e9 \u00ab\u2009d\u2019irr\u00e9gularit\u00e9s\u2009\u00bb.<\/p>\n<p class=\" wall-content\">Personnalisez votre actualit\u00e9 en ajoutant vos villes et m\u00e9dias en favori avec <a href=\"https:\/\/moncompte.actu.fr\" title=\"D\u00e9couvez Mon Actu\" rel=\"nofollow noopener\" data-trk=\"{&quot;cta&quot;:{&quot;action&quot;:&quot;https:\\\/\\\/moncompte.actu.fr&quot;,&quot;category&quot;:&quot;mon compte&quot;,&quot;from&quot;:&quot;article footer&quot;,&quot;name&quot;:&quot;Mon actu&quot;,&quot;type&quot;:&quot;cta&quot;}}\" target=\"_blank\">Mon Actu<\/a>.<\/p>\n","protected":false},"excerpt":{"rendered":"Par Ivan CAPECCHI Publi\u00e9 le 20 nov. 2025 \u00e0 7h02 Conseill\u00e8re r\u00e9gionale du Grand Est depuis 2021, Linda&hellip;\n","protected":false},"author":2,"featured_media":546360,"comment_status":"","ping_status":"","sticky":false,"template":"","format":"standard","meta":{"footnotes":""},"categories":[2820],"tags":[1111,11,4188,1777,674,1011,27,775,3434,12,316,25,640],"class_list":{"0":"post-546359","1":"post","2":"type-post","3":"status-publish","4":"format-standard","5":"has-post-thumbnail","7":"category-strasbourg","8":"tag-actu","9":"tag-actualites","10":"tag-elections-municipales","11":"tag-eu","12":"tag-europe","13":"tag-fr","14":"tag-france","15":"tag-grand-est","16":"tag-municipales-2026","17":"tag-news","18":"tag-politique","19":"tag-republique-francaise","20":"tag-strasbourg"},"share_on_mastodon":{"url":"https:\/\/pubeurope.com\/@fr\/115580798552641329","error":""},"_links":{"self":[{"href":"https:\/\/www.europesays.com\/fr\/wp-json\/wp\/v2\/posts\/546359","targetHints":{"allow":["GET"]}}],"collection":[{"href":"https:\/\/www.europesays.com\/fr\/wp-json\/wp\/v2\/posts"}],"about":[{"href":"https:\/\/www.europesays.com\/fr\/wp-json\/wp\/v2\/types\/post"}],"author":[{"embeddable":true,"href":"https:\/\/www.europesays.com\/fr\/wp-json\/wp\/v2\/users\/2"}],"replies":[{"embeddable":true,"href":"https:\/\/www.europesays.com\/fr\/wp-json\/wp\/v2\/comments?post=546359"}],"version-history":[{"count":0,"href":"https:\/\/www.europesays.com\/fr\/wp-json\/wp\/v2\/posts\/546359\/revisions"}],"wp:featuredmedia":[{"embeddable":true,"href":"https:\/\/www.europesays.com\/fr\/wp-json\/wp\/v2\/media\/546360"}],"wp:attachment":[{"href":"https:\/\/www.europesays.com\/fr\/wp-json\/wp\/v2\/media?parent=546359"}],"wp:term":[{"taxonomy":"category","embeddable":true,"href":"https:\/\/www.europesays.com\/fr\/wp-json\/wp\/v2\/categories?post=546359"},{"taxonomy":"post_tag","embeddable":true,"href":"https:\/\/www.europesays.com\/fr\/wp-json\/wp\/v2\/tags?post=546359"}],"curies":[{"name":"wp","href":"https:\/\/api.w.org\/{rel}","templated":true}]}}