{"id":546361,"date":"2025-11-20T07:16:20","date_gmt":"2025-11-20T07:16:20","guid":{"rendered":"https:\/\/www.europesays.com\/fr\/546361\/"},"modified":"2025-11-20T07:16:20","modified_gmt":"2025-11-20T07:16:20","slug":"strasbourg-responsable-ecolo-et-solidaire-le-marche-off-fete-ses-dix-ans","status":"publish","type":"post","link":"https:\/\/www.europesays.com\/fr\/546361\/","title":{"rendered":"Strasbourg. Responsable, \u00e9colo et solidaire, le March\u00e9 Off f\u00eate ses dix ans"},"content":{"rendered":"<p>Sa long\u00e9vit\u00e9 est le signe de sa r\u00e9ussite\u00a0: depuis dix ans, <a href=\"https:\/\/www.dna.fr\/culture-loisirs\/2024\/11\/30\/le-off-un-marche-de-noel-militant-et-politique\" target=\"_blank\" rel=\"noopener\">le March\u00e9 Off<\/a> \u00a0propose aux visiteurs de la Capitale de No\u00ebl de r\u00e9aliser un pas de c\u00f4t\u00e9 en se rendant sur la place Grimmeissen, d\u00e9di\u00e9e \u00e0 l\u2019\u00e9conomie sociale et solidaire. Comme le reste des march\u00e9s de No\u00ebl de Strasbourg, il sera ouvert du 26\u00a0novembre au 24\u00a0d\u00e9cembre, de 11\u00a0h\u00a030 \u00e0 21\u00a0h.<\/p>\n<p>Install\u00e9s dans des cabanons, des conteneurs am\u00e9nag\u00e9s ou des d\u00f4mes, une trentaine de structures locales, d\u2019artisans, de commerces \u00e9quitables et biologiques proposeront une offre gourmande ainsi que des cadeaux \u00e9thiques et accessibles (v\u00eatements de seconde main, meubles vintage, bijoux, c\u00e9ramiques, vins bios,\u00a0etc.).<\/p>\n<p>  Un anniversaire en fanfare le 29\u00a0novembre<\/p>\n<p>Temps fort de cette \u00e9dition, la journ\u00e9e anniversaire du samedi 29\u00a0novembre sera l\u2019occasion de c\u00e9l\u00e9brer le projet \u00e0 partir de 16\u00a0h avec une fanfare, un plateau radio, des grands invit\u00e9s et une soir\u00e9e karaok\u00e9. Par ailleurs, plus d\u2019une centaine d\u2019animations gratuites et participatives, de concerts ou de rencontres centr\u00e9s sur la transition \u00e9cologique, le vivre-ensemble et la solidarit\u00e9 seront propos\u00e9es quotidiennement. Parmi les rendez-vous r\u00e9currents, vous pourrez retrouver les ap\u00e9ros musiques du mardi d\u00e8s 19\u00a0h, des go\u00fbters gourmands et des spectacles les mercredis \u00e0 partir de 15\u00a0h\u00a030 ou encore une bourse aux disques les dimanches de 13\u00a0h \u00e0 17\u00a0h.<\/p>\n<p>Des journ\u00e9es th\u00e9matiques permettront de mettre en lumi\u00e8re certaines th\u00e9matiques, comme le\u00a0handicap le 6\u00a0d\u00e9cembre, la d\u00e9construction des st\u00e9r\u00e9otypes le 7, l\u2019alimentation durable le 13\u00a0ou la biodiversit\u00e9 le 14. Nouveaut\u00e9 de cette ann\u00e9e, un espace parents-nourrissons permettra aux familles de b\u00e9n\u00e9ficier de micro-ondes, de table \u00e0 langer et d\u2019un fauteuil confortable pour l\u2019allaitement. La zone de repos permettant de s\u2019isoler un temps au calme sera \u00e9galement de retour. Accessible \u00e0 tous, elle contiendra des objets sensoriels comme des balles anti-stress ou des casques anti-bruit. Ces deux espaces seront accessibles sur simple demande.<\/p>\n<p>  \u00c0 la rencontre des diff\u00e9rents quartiers<\/p>\n<p>Depuis quelques ann\u00e9es, la programmation de No\u00ebl tente de s\u2019implanter \u00e9galement dans les quartiers moins centraux de la ville. Le temps d\u2019une journ\u00e9e ou d\u2019un week-end, des petits march\u00e9s, des spectacles et des animations seront propos\u00e9s \u00e0 la Meinau, au Neuhof, \u00e0 l\u2019Esplanade ou encore \u00e0 Koenigshoffen.<\/p>\n<p>Le March\u00e9 Off participe \u00e0 cette initiative et partira \u00e0 la rencontre des habitants du Port-du-Rhin, de la Gare ou de la Meinau avec des ateliers de cr\u00e9ation de d\u00e9corations originales, des d\u00e9ambulations et la pr\u00e9sentation d\u2019initiatives autour de l\u2019ESS.<\/p>\n","protected":false},"excerpt":{"rendered":"Sa long\u00e9vit\u00e9 est le signe de sa r\u00e9ussite\u00a0: depuis dix ans, le March\u00e9 Off \u00a0propose aux visiteurs de&hellip;\n","protected":false},"author":2,"featured_media":546362,"comment_status":"","ping_status":"","sticky":false,"template":"","format":"standard","meta":{"footnotes":""},"categories":[2820],"tags":[1111,11,1687,2880,1777,674,3326,1011,27,775,12,15830,25,640,2879],"class_list":{"0":"post-546361","1":"post","2":"type-post","3":"status-publish","4":"format-standard","5":"has-post-thumbnail","7":"category-strasbourg","8":"tag-actu","9":"tag-actualites","10":"tag-culture-loisirs","11":"tag-edition-strasbourg","12":"tag-eu","13":"tag-europe","14":"tag-fete-locale","15":"tag-fr","16":"tag-france","17":"tag-grand-est","18":"tag-news","19":"tag-noel","20":"tag-republique-francaise","21":"tag-strasbourg","22":"tag-strasbourg-ville"},"share_on_mastodon":{"url":"https:\/\/pubeurope.com\/@fr\/115580802423020641","error":""},"_links":{"self":[{"href":"https:\/\/www.europesays.com\/fr\/wp-json\/wp\/v2\/posts\/546361","targetHints":{"allow":["GET"]}}],"collection":[{"href":"https:\/\/www.europesays.com\/fr\/wp-json\/wp\/v2\/posts"}],"about":[{"href":"https:\/\/www.europesays.com\/fr\/wp-json\/wp\/v2\/types\/post"}],"author":[{"embeddable":true,"href":"https:\/\/www.europesays.com\/fr\/wp-json\/wp\/v2\/users\/2"}],"replies":[{"embeddable":true,"href":"https:\/\/www.europesays.com\/fr\/wp-json\/wp\/v2\/comments?post=546361"}],"version-history":[{"count":0,"href":"https:\/\/www.europesays.com\/fr\/wp-json\/wp\/v2\/posts\/546361\/revisions"}],"wp:featuredmedia":[{"embeddable":true,"href":"https:\/\/www.europesays.com\/fr\/wp-json\/wp\/v2\/media\/546362"}],"wp:attachment":[{"href":"https:\/\/www.europesays.com\/fr\/wp-json\/wp\/v2\/media?parent=546361"}],"wp:term":[{"taxonomy":"category","embeddable":true,"href":"https:\/\/www.europesays.com\/fr\/wp-json\/wp\/v2\/categories?post=546361"},{"taxonomy":"post_tag","embeddable":true,"href":"https:\/\/www.europesays.com\/fr\/wp-json\/wp\/v2\/tags?post=546361"}],"curies":[{"name":"wp","href":"https:\/\/api.w.org\/{rel}","templated":true}]}}