{"id":546367,"date":"2025-11-20T07:19:43","date_gmt":"2025-11-20T07:19:43","guid":{"rendered":"https:\/\/www.europesays.com\/fr\/546367\/"},"modified":"2025-11-20T07:19:43","modified_gmt":"2025-11-20T07:19:43","slug":"preparez-vos-plus-beaux-slips-et-mulets-le-slipfest-a-devoile-les-dates-de-sa-troisieme","status":"publish","type":"post","link":"https:\/\/www.europesays.com\/fr\/546367\/","title":{"rendered":"Pr\u00e9parez vos plus beaux slips et mulets, le Slipfest a d\u00e9voil\u00e9 les dates de sa troisi\u00e8me"},"content":{"rendered":"<p>Le Slipfest, festival \u00ab\u00a0festi-beauf\u00a0\u00bb pr\u00e9f\u00e9r\u00e9 des Nantais, vient d\u2019annoncer les dates de sa troisi\u00e8me \u00e9dition. Rendez-vous les 22, 23 et 24\u00a0mai 2026, toujours \u00e0 la guinguette Les Nantais, au c\u0153ur du parc de la Carri\u00e8re \u00e0 Saint-Herblain, pr\u00e8s de Nantes (Loire-Atlantique).\u00a0Trois jours de rire, de convivialit\u00e9 et de folie douce sont au programme.<\/p>\n<\/p>\n<p>L\u2019ADN du Slipfest, c\u2019est son esprit bon enfant et son humour d\u00e9cal\u00e9. L\u2019an dernier, l\u2019\u00e9v\u00e9nement avait r\u00e9uni pr\u00e8s de 10\u00a0000\u00a0festivaliers, s\u00e9duits par des animations aussi improbables que f\u00e9d\u00e9ratrices, comme les concours de sosies rat\u00e9s, de lancer de tong, de coupe mulet ou encore de cris d\u2019animaux\u2026<\/p>\n<p>\u00a0<\/p>\n","protected":false},"excerpt":{"rendered":"Le Slipfest, festival \u00ab\u00a0festi-beauf\u00a0\u00bb pr\u00e9f\u00e9r\u00e9 des Nantais, vient d\u2019annoncer les dates de sa troisi\u00e8me \u00e9dition. Rendez-vous les 22,&hellip;\n","protected":false},"author":2,"featured_media":546368,"comment_status":"","ping_status":"","sticky":false,"template":"","format":"standard","meta":{"footnotes":""},"categories":[2818],"tags":[1111,11,7284,13799,851,4660,1777,674,1011,27,66462,766,12,2636,66461,3762,25,24517,53353],"class_list":{"0":"post-546367","1":"post","2":"type-post","3":"status-publish","4":"format-standard","5":"has-post-thumbnail","7":"category-nantes","8":"tag-actu","9":"tag-actualites","10":"tag-beaux","11":"tag-dates","12":"tag-devoile","13":"tag-edition","14":"tag-eu","15":"tag-europe","16":"tag-fr","17":"tag-france","18":"tag-mulets","19":"tag-nantes","20":"tag-news","21":"tag-pays-de-la-loire","22":"tag-preparez","23":"tag-pres","24":"tag-republique-francaise","25":"tag-slipfest","26":"tag-slips"},"share_on_mastodon":{"url":"https:\/\/pubeurope.com\/@fr\/115580814240607612","error":""},"_links":{"self":[{"href":"https:\/\/www.europesays.com\/fr\/wp-json\/wp\/v2\/posts\/546367","targetHints":{"allow":["GET"]}}],"collection":[{"href":"https:\/\/www.europesays.com\/fr\/wp-json\/wp\/v2\/posts"}],"about":[{"href":"https:\/\/www.europesays.com\/fr\/wp-json\/wp\/v2\/types\/post"}],"author":[{"embeddable":true,"href":"https:\/\/www.europesays.com\/fr\/wp-json\/wp\/v2\/users\/2"}],"replies":[{"embeddable":true,"href":"https:\/\/www.europesays.com\/fr\/wp-json\/wp\/v2\/comments?post=546367"}],"version-history":[{"count":0,"href":"https:\/\/www.europesays.com\/fr\/wp-json\/wp\/v2\/posts\/546367\/revisions"}],"wp:featuredmedia":[{"embeddable":true,"href":"https:\/\/www.europesays.com\/fr\/wp-json\/wp\/v2\/media\/546368"}],"wp:attachment":[{"href":"https:\/\/www.europesays.com\/fr\/wp-json\/wp\/v2\/media?parent=546367"}],"wp:term":[{"taxonomy":"category","embeddable":true,"href":"https:\/\/www.europesays.com\/fr\/wp-json\/wp\/v2\/categories?post=546367"},{"taxonomy":"post_tag","embeddable":true,"href":"https:\/\/www.europesays.com\/fr\/wp-json\/wp\/v2\/tags?post=546367"}],"curies":[{"name":"wp","href":"https:\/\/api.w.org\/{rel}","templated":true}]}}