{"id":546369,"date":"2025-11-20T07:20:12","date_gmt":"2025-11-20T07:20:12","guid":{"rendered":"https:\/\/www.europesays.com\/fr\/546369\/"},"modified":"2025-11-20T07:20:12","modified_gmt":"2025-11-20T07:20:12","slug":"pres-de-nantes-la-construction-dun-terrain-dinsertion-pour-roms-crispe-toujours-les-riverains","status":"publish","type":"post","link":"https:\/\/www.europesays.com\/fr\/546369\/","title":{"rendered":"pr\u00e8s de Nantes, la construction d\u2019un terrain d\u2019insertion pour Roms crispe toujours les riverains"},"content":{"rendered":"<p>\n    Depuis deux ans, des voisins s\u2019opposent \u00e0 cet am\u00e9nagement visant \u00e0 accueillir neuf familles dans des mobile homes. Les travaux ont commenc\u00e9 lundi, soit dix jours avant une audience au tribunal. Cette mani\u00e8re de faire les interroge.<\/p>\n<p class=\"fig-paragraph\">La pilule a d\u00fb mal passer aupr\u00e8s de ces habitants\u00a0<a href=\"http:\/\/www.lefigaro.fr\/nantes\/pres-de-nantes-apres-une-serie-de-cambriolages-dans-des-commerces-une-mairie-ecologiste-se-resout-a-l-installation-de-cameras-20250925\" target=\"_blank\" data-fig-type=\"NewsFlash\" rel=\"noopener\" data-gtm-custom-categorie=\"navigation\" data-gtm-custom-action=\"crossclick\" data-gtm-custom-label=\"Contextuel\" data-gtm-event=\"customEventSPE\" data-fig-domain=\"LEFIGARO\">d\u2019Orvault<\/a>. Dans cette commune situ\u00e9e au nord de\u00a0<a href=\"http:\/\/www.lefigaro.fr\/nantes\/decouvert-lors-d-une-succession-pres-de-nantes-un-dessin-inedit-d-un-eleve-de-michel-ange-adjuge-3-1-millions-d-euros-20251119\" target=\"_blank\" data-fig-type=\"NewsFlash\" rel=\"noopener\" data-gtm-custom-categorie=\"navigation\" data-gtm-custom-action=\"crossclick\" data-gtm-custom-label=\"Contextuel\" data-gtm-event=\"customEventSPE\" data-fig-domain=\"LEFIGARO\">Nantes<\/a>, les travaux d\u2019un\u00a0<a href=\"http:\/\/www.lefigaro.fr\/nantes\/comment-des-riverains-ont-fait-interrompre-les-travaux-en-cours-d-un-terrain-d-insertion-pour-roms-pres-de-nantes-20240311\" target=\"_blank\" data-fig-type=\"NewsFlash\" rel=\"noopener\" data-gtm-custom-categorie=\"navigation\" data-gtm-custom-action=\"crossclick\" data-gtm-custom-label=\"Contextuel\" data-gtm-event=\"customEventSPE\" data-fig-domain=\"LEFIGARO\">terrain d\u2019insertion<\/a>\u00a0ont d\u00e9but\u00e9 lundi 17 novembre. Destin\u00e9 \u00e0 accueillir de mani\u00e8re transitoire des\u00a0<a href=\"http:\/\/www.lefigaro.fr\/nantes\/nantes-des-habitants-remontes-contre-l-installation-en-catimini-d-un-camp-de-roms-au-bout-de-leurs-jardins-20250813\" target=\"_blank\" data-fig-type=\"NewsFlash\" rel=\"noopener\" data-gtm-custom-categorie=\"navigation\" data-gtm-custom-action=\"crossclick\" data-gtm-custom-label=\"Contextuel\" data-gtm-event=\"customEventSPE\" data-fig-domain=\"LEFIGARO\">familles Roms<\/a>\u00a0dans des mobile-homes, ce projet suscite la d\u00e9sapprobation de riverains. Ces derniers ont d\u00e9pos\u00e9 un recours contre le permis de construire via un r\u00e9f\u00e9r\u00e9 suspension. L\u2019audience est pr\u00e9vue le 27 novembre.<\/p>\n<p class=\"fig-paragraph\">\u00abL\u00e9galement, la municipalit\u00e9 a le droit de lancer le chantier, mais c\u2019est un passage en force\u00bb, ne d\u00e9col\u00e8re pas Mika\u00ebl Goachet, propri\u00e9taire d\u2019un champ qui jouxte le terrain en train d\u2019\u00eatre am\u00e9nag\u00e9. D\u00e9j\u00e0\u00a0<a href=\"http:\/\/www.lefigaro.fr\/nantes\/l-implantation-d-un-terrain-d-insertion-pour-roms-fait-polemique-pres-de-nantes-20231212\" target=\"_blank\" data-fig-type=\"NewsFlash\" rel=\"noopener\" data-gtm-custom-categorie=\"navigation\" data-gtm-custom-action=\"crossclick\" data-gtm-custom-label=\"Contextuel\" data-gtm-event=\"customEventSPE\" data-fig-domain=\"LEFIGARO\">en d\u00e9cembre 2023<\/a>, le collectif de riverains d\u00e9non\u00e7ait un \u00abun projet vertical, con\u00e7u dans le dos des habitants\u00bb. L\u2019objectif est d\u2019accueillir\u00a0<a href=\"http:\/\/www.lefigaro.fr\/nantes\/nantes-la-procedure-d-evacuation-de-l-un-des-plus-grands-bidonvilles-de-france-enclenchee-cet-ete-20240626\" target=\"_blank\" data-fig-type=\"NewsFlash\" rel=\"noopener\" data-gtm-custom-categorie=\"navigation\" data-gtm-custom-action=\"crossclick\" data-gtm-custom-label=\"Contextuel\" data-gtm-event=\"customEventSPE\" data-fig-domain=\"LEFIGARO\">des familles Roms<\/a>\u00a0afin de r\u00e9sorber les bidonvilles de la ville. Neuf mobile-homes vont \u00eatre construits pour h\u00e9berger ces populations, en \u00e9change d\u2019un faible loyer. Elles pourront y rester jusqu\u2019\u00e0 deux ans, avant de trouver un logement classique.<\/p>\n<p>                                    <a class=\"fig-a11y-skip a11y-hidden\" href=\"#fig-a11y-skip-main-inarticle\"><br \/>\n        Passer la publicit\u00e9<br \/>\n    <\/a><\/p>\n<p>\u00abC\u2019est de l\u2019argent public, c\u2019est notre argent\u00bb<\/p>\n<p class=\"fig-paragraph\">Selon la mairie, 1,2 million d\u2019investissements ont \u00e9t\u00e9 n\u00e9cessaires pour financer ce terrain, auxquels s\u2019ajoutent pr\u00e8s de 25.000 euros de frais annuels de fonctionnement. 83% de la somme est prise en charge par la m\u00e9tropole. De leur c\u00f4t\u00e9, les riverains \u00e9voquent deux millions d\u2019euros, en int\u00e9grant des frais de gestion du foncier. \u00abC\u2019est de l\u2019argent public, c\u2019est notre argent\u00bb, scande Catherine Le Brizaut, propri\u00e9taire d\u2019un logement situ\u00e9 \u00e0 environ 250 m\u00e8tres du chantier. \u00abOn n\u2019est pas contre l\u2019installation de Roms, mais on a toujours \u00e9t\u00e9 surpris du choix de ce terrain, qui a montr\u00e9 des anomalies. Est-ce qu\u2019il ne fallait pas attendre l\u2019audience du 27 novembre\u00a0?\u00bb, s\u2019interroge-t-elle. Outre les arguments administratifs notifi\u00e9s dans la requ\u00eate judiciaire, elle d\u00e9crit un lieu \u00e0 l\u2019\u00e9cart, dangereux en termes de s\u00e9curit\u00e9 routi\u00e8re.<\/p>\n<p class=\"fig-paragraph\">\u00abLes familles roms ne veulent pas vivre dans des mobile-homes, elles veulent rester en communaut\u00e9\u00bb, rench\u00e9rit Dominique Tremblin, un autre voisin. Lui a men\u00e9 son enqu\u00eate de terrain concernant un projet similaire et raconte avoir r\u00e9colt\u00e9 des t\u00e9moignages laissant \u00e0 d\u00e9sirer sur la\u00a0<a href=\"http:\/\/www.lefigaro.fr\/nantes\/nantes-apres-des-problemes-de-cohabitation-avec-les-habitants-une-famille-de-roms-expulsee-d-une-residence-20250806\" target=\"_blank\" data-fig-type=\"NewsFlash\" rel=\"noopener\" data-gtm-custom-categorie=\"navigation\" data-gtm-custom-action=\"crossclick\" data-gtm-custom-label=\"Contextuel\" data-gtm-event=\"customEventSPE\" data-fig-domain=\"LEFIGARO\">cohabitation<\/a>. Il s\u2019interroge aussi sur le prix, \u00abdans une p\u00e9riode o\u00f9 l\u2019on doit faire des efforts et o\u00f9 il n\u2019y a plus de sous\u00bb. \u00abSi un projet priv\u00e9 \u00e9quivalent \u00e9tait financ\u00e9 par une banque, aucune banque ne le financerait. Avec l\u2019argent public, tout semble permis\u00bb, reprend-il, d\u00e9sireux de trouver une solution pour les familles. \u00abOn voit des enfants qui vivent dans des conditions d\u00e9plorables. Ce n\u2019est pas si simple. Il y a ces populations migrantes et les citoyens. C\u2019est un probl\u00e8me humain\u00bb.<strong>\u00a0<\/strong><\/p>\n<p class=\"fig-paragraph\">\u00abJe ne sais pas si on voit l\u2019injustice que \u00e7a repr\u00e9sente aupr\u00e8s de familles orvaltaises qui ont du mal \u00e0 finir leurs fins de mois\u00bb, rebondit le conseiller municipal d\u2019opposition (centre-droit) S\u00e9bastien Arrou\u00ebt, ahuri par le co\u00fbt du projet. Pour lui, \u00able choix du terrain d\u2019insertion du Haut Cormier, est d\u00e9mesur\u00e9. C\u2019est l\u2019inverse du bon sens\u00bb tacle-t-il, d\u00e9fendant davantage le concept d\u2019un terrain de transition au Petit Raffuneau, dans le bourg.<\/p>\n<p>Arriv\u00e9e des familles en avril<\/p>\n<p class=\"fig-paragraph\">\u00abLe terrain du bourg a permis de stabiliser certaines familles\u00bb, confirme le maire d\u2019Orvault Jean-S\u00e9bastien Guitton, affirmant qu\u2019il \u00e9tait quasiment seul \u00e0 le d\u00e9fendre il y a quelques ann\u00e9es. Mais \u00abon a aussi besoin d\u2019un terrain d\u2019insertion pour continuer \u00e0 r\u00e9sorber les bidonvilles\u00bb, soutient-il. Tandis que les riverains ont en travers de la gorge une concertation leur ayant \u00e9t\u00e9 refus\u00e9e, l\u2019\u00e9dile \u00e9cologiste assure les avoir re\u00e7us. \u00abJe les ai rencontr\u00e9s cet \u00e9t\u00e9 pour leur expliquer pourquoi on allait bien maintenir ce projet. Il est important, parce qu\u2019il contribue \u00e0 notre strat\u00e9gie globale de r\u00e9sorption des bidonvilles qui montre son efficacit\u00e9\u00bb, d\u00e9fend-il.<\/p>\n<p class=\"fig-paragraph\">Concernant le calendrier, l\u2019\u00e9lu imagine une fin de travaux d\u00e9but mars, avec une arriv\u00e9e des familles en avril. \u00abLundi, on a simplement commenc\u00e9 le terrassement. On sait qu\u2019il y a un recours et on va attendre la d\u00e9cision pour aller plus loin. Mais de notre c\u00f4t\u00e9, nous nous sommes assur\u00e9s que le terrain r\u00e9pond bien aux r\u00e8gles d\u2019urbanisme.\u00bb. Et de se d\u00e9fendre sur l\u2019aspect financier, g\u00e9r\u00e9 en grande partie par la m\u00e9tropole.<\/p>\n<p>                                    <a class=\"fig-a11y-skip a11y-hidden\" href=\"#fig-a11y-skip-main-inarticle_mtf\"><br \/>\n        Passer la publicit\u00e9<br \/>\n    <\/a><\/p>\n<p class=\"fig-paragraph\">Dans une agglom\u00e9ration nantaise qui accueille environ 3000 Roms r\u00e9partis dans\u00a0<a href=\"https:\/\/www.lefigaro.fr\/actualite-france\/main-d-oeuvre-debrouille-et-larcins-au-coeur-des-56-bidonvilles-du-pays-nantais-20230523\" target=\"_blank\" data-fig-type=\"Article\" rel=\"noopener\" data-gtm-custom-categorie=\"navigation\" data-gtm-custom-action=\"crossclick\" data-gtm-custom-label=\"Contextuel\" data-gtm-event=\"customEventSPE\" data-fig-domain=\"LEFIGARO\">60 bidonvilles<\/a>, la solution des terrains d\u2019insertion se d\u00e9veloppe. \u00c0 Saint-Herblain, un am\u00e9nagement de la sorte\u00a0<a href=\"http:\/\/www.lefigaro.fr\/nantes\/pres-de-nantes-le-terrain-d-insertion-temporaire-pour-roms-va-finalement-voir-le-jour-malgre-l-opposition-des-riverains-20250604\" target=\"_blank\" data-fig-type=\"NewsFlash\" rel=\"noopener\" data-gtm-custom-categorie=\"navigation\" data-gtm-custom-action=\"crossclick\" data-gtm-custom-label=\"Contextuel\" data-gtm-event=\"customEventSPE\" data-fig-domain=\"LEFIGARO\">est sorti de terre en juin<\/a>, malgr\u00e9 la\u00a0<a href=\"http:\/\/www.lefigaro.fr\/nantes\/estime-a-un-million-d-euros-un-terrain-d-insertion-pour-roms-presque-acheve-retoque-par-le-tribunal-de-nantes-20240614\" target=\"_blank\" data-fig-type=\"NewsFlash\" rel=\"noopener\" data-gtm-custom-categorie=\"navigation\" data-gtm-custom-action=\"crossclick\" data-gtm-custom-label=\"Contextuel\" data-gtm-event=\"customEventSPE\" data-fig-domain=\"LEFIGARO\">contestation des riverains<\/a>. \u00abTout se passe bien. Il n\u2019y a pas probl\u00e8me de d\u00e9linquance\u00bb, rapporte avec transparence Luc Vandeputte, jadis fer de lance de la fronde. Mais il s\u2019inqui\u00e8te de l\u2019insertion future. \u00abOn est tr\u00e8s pessimistes sur les perspectives de d\u00e9part de ces familles des logements\u00bb, termine-t-il, toujours dubitatif sur le co\u00fbt du terrain chiffr\u00e9 dans son cas \u00e0 1,1 million d\u2019euros.<\/p>\n<p>    Le terrassement du terrain a commenc\u00e9 lundi \u00e0 Orvault.<br \/>\n                Photo transmise par un riverain<\/p>\n","protected":false},"excerpt":{"rendered":"Depuis deux ans, des voisins s\u2019opposent \u00e0 cet am\u00e9nagement visant \u00e0 accueillir neuf familles dans des mobile homes.&hellip;\n","protected":false},"author":2,"featured_media":546370,"comment_status":"","ping_status":"","sticky":false,"template":"","format":"standard","meta":{"footnotes":""},"categories":[2818],"tags":[1111,11,1777,674,1011,27,766,12,2636,25,21088],"class_list":{"0":"post-546369","1":"post","2":"type-post","3":"status-publish","4":"format-standard","5":"has-post-thumbnail","7":"category-nantes","8":"tag-actu","9":"tag-actualites","10":"tag-eu","11":"tag-europe","12":"tag-fr","13":"tag-france","14":"tag-nantes","15":"tag-news","16":"tag-pays-de-la-loire","17":"tag-republique-francaise","18":"tag-roms"},"share_on_mastodon":{"url":"https:\/\/pubeurope.com\/@fr\/115580818187090222","error":""},"_links":{"self":[{"href":"https:\/\/www.europesays.com\/fr\/wp-json\/wp\/v2\/posts\/546369","targetHints":{"allow":["GET"]}}],"collection":[{"href":"https:\/\/www.europesays.com\/fr\/wp-json\/wp\/v2\/posts"}],"about":[{"href":"https:\/\/www.europesays.com\/fr\/wp-json\/wp\/v2\/types\/post"}],"author":[{"embeddable":true,"href":"https:\/\/www.europesays.com\/fr\/wp-json\/wp\/v2\/users\/2"}],"replies":[{"embeddable":true,"href":"https:\/\/www.europesays.com\/fr\/wp-json\/wp\/v2\/comments?post=546369"}],"version-history":[{"count":0,"href":"https:\/\/www.europesays.com\/fr\/wp-json\/wp\/v2\/posts\/546369\/revisions"}],"wp:featuredmedia":[{"embeddable":true,"href":"https:\/\/www.europesays.com\/fr\/wp-json\/wp\/v2\/media\/546370"}],"wp:attachment":[{"href":"https:\/\/www.europesays.com\/fr\/wp-json\/wp\/v2\/media?parent=546369"}],"wp:term":[{"taxonomy":"category","embeddable":true,"href":"https:\/\/www.europesays.com\/fr\/wp-json\/wp\/v2\/categories?post=546369"},{"taxonomy":"post_tag","embeddable":true,"href":"https:\/\/www.europesays.com\/fr\/wp-json\/wp\/v2\/tags?post=546369"}],"curies":[{"name":"wp","href":"https:\/\/api.w.org\/{rel}","templated":true}]}}