{"id":546377,"date":"2025-11-20T07:24:20","date_gmt":"2025-11-20T07:24:20","guid":{"rendered":"https:\/\/www.europesays.com\/fr\/546377\/"},"modified":"2025-11-20T07:24:20","modified_gmt":"2025-11-20T07:24:20","slug":"quels-sont-les-nouveaux-projets-soutenus-a-hauteur-de-400-ke-par-la-fondation-toulouse-cancer","status":"publish","type":"post","link":"https:\/\/www.europesays.com\/fr\/546377\/","title":{"rendered":"Quels sont les nouveaux projets soutenus \u00e0 hauteur de 400 K\u20ac par la Fondation Toulouse Cancer (\u2026)"},"content":{"rendered":"<p>\t\t\t\t\t<a href=\"https:\/\/gazette-du-midi.fr\/au-sommaire\/entreprises\/\" class=\"rubrique-lien rubrique-courante\" rel=\"nofollow noopener\" target=\"_blank\">Entreprises<\/a><\/p>\n<p><strong>Sant\u00e9.<\/strong> Pour son 14e appel \u00e0 projets lanc\u00e9 depuis sa cr\u00e9ation, l\u2019organisme de m\u00e9c\u00e9nat soutient quatre nouveaux projets, fruits d\u2019une collaboration entre des \u00e9quipes du Centre de recherches en canc\u00e9rologie de Toulouse (CRCT) et des laboratoires toulousains. \u00c0 la t\u00eate de ces travaux de recherche en oncologie se trouvent quatre femmes scientifiques\u00a0: C\u00e9lia Delahaye, Estelle Espinos, Roxana Khazen et Anne Monfort.<\/p>\n<ul class=\"list-inline\">\n<li class=\"list-inline-item\">\n  Publi\u00e9 le 20 novembre 2025\n<\/li>\n<li class=\"list-inline-item d-none d-md-inline info-separateur\"><\/li>\n<li class=\"list-inline-item d-block mt-2 d-md-inline mt-md-0 info-auteur\">\n<p>R\u00e9daction GdM\n<\/li>\n<\/ul>\n<p><img decoding=\"async\" src=\"https:\/\/www.europesays.com\/fr\/wp-content\/uploads\/2025\/11\/114eeb23b6243fd35a8222f3acb9ad.jpg\" alt=\"\" width=\"1052\" height=\"709\" fetchpriority=\"low\" loading=\"lazy\"\/><\/p>\n<p>La Fondation Toulouse Cancer Sant\u00e9 finance chacun de leurs projets \u00e0 hauteur de 100 K\u20ac gr\u00e2ce aux dons qu\u2019elle a collect\u00e9s. (\u00a9Pixabay)<\/p>\n<p>\u00ab\u00a0Des projets collaboratifs innovants pour mieux comprendre, diagnostiquer et traiter le cancer\u00a0\u00bb. Telle \u00e9tait la th\u00e9matique du nouvel l\u2019appel \u00e0 projets lanc\u00e9 en janvier 2025 par la <a href=\"https:\/\/www.toulousecancer.fr\/\" class=\"spip_out\" rel=\"external nofollow noopener\" target=\"_blank\">Fondation Toulouse Cancer Sant\u00e9<\/a>.<\/p>\n<p>Cr\u00e9\u00e9 en 2005 sous l\u2019impulsion de l\u2019ancien ministre de la Sant\u00e9 <strong>Philippe Douste-Blazy<\/strong> et reconnu d\u2019utilit\u00e9 publique un an plus tard, l\u2019organisme de m\u00e9c\u00e9nat s\u2019est donn\u00e9 pour mission de soutenir l\u2019excellence de la recherche en canc\u00e9rologie de la Ville rose afin d\u2019atteindre le but ultime qu\u2019est la gu\u00e9rison des patients. Install\u00e9 dans les locaux de l\u2019<strong>IUCT-Oncopole<\/strong>, qui regroupe aujourd\u2019hui une communaut\u00e9 de pr\u00e8s de 1 000 scientifiques, il a financ\u00e9 depuis 2007 plus de <strong>52 projets de recherche<\/strong> pour un montant qui d\u00e9passe les <strong>12 M\u20ac<\/strong>.<\/p>\n<p>Des projets audacieux, \u00e0 risque et \u00e0 fort potentiel<\/p>\n<p>Une manne financi\u00e8re indispensable alors qu\u2019en France la recherche biom\u00e9dicale et en sant\u00e9 souffre d\u2019un manque chronique de moyens, faisant de la philanthropie un acteur d\u00e9terminant pour aider \u00e0 faire \u00e9merger les <strong>innovations th\u00e9rapeutiques de demain<\/strong>. Et il y a urgence. En 2023, plus de 430 000 nouveaux cas de cancers ont \u00e9t\u00e9 diagnostiqu\u00e9s dans l\u2019Hexagone, estime la Ligue contre le cancer, soit 100 000 de plus qu\u2019en 2003.<\/p>\n<p>\t\t\u00c0 lire aussi<\/p>\n<p>\t<a href=\"https:\/\/gazette-du-midi.fr\/au-sommaire\/collectivites\/fondation-toulouse-cancer\" rel=\"nofollow noopener\" target=\"_blank\">La Fondation Toulouse Cancer Sant\u00e9 annonce le financement de quatre nouveaux projets pour 400 000 \u20ac<\/a><\/p>\n<p>Dans un communiqu\u00e9 dat\u00e9 du 13 novembre, le conseil d\u2019administration de la Fondation a d\u00e9voil\u00e9 le nom des quatre laur\u00e9ats de ce 14e appel \u00e0 projets. \u00c0 la cl\u00e9 pour elles, car oui, cette ann\u00e9e, le <strong>palmar\u00e8s est 100\u00a0% f\u00e9minin<\/strong>\u00a0? Le financement de leur recherche \u00e0 hauteur de <strong>100 K\u20ac<\/strong> chacune. \u00c0 noter qu\u2019au total, ce sont huit projets, deux chaires et quatre allocations doctorales qui b\u00e9n\u00e9ficient du soutien de la Fondation Toulouse Cancer Sant\u00e9 pour cette seule ann\u00e9e 2025.<\/p>\n<p>Entendues par un conseil scientifique externe, compos\u00e9 de chercheurs fran\u00e7ais et \u00e9trangers sans lien avec la R\u00e9gion Occitanie, les candidates chercheuses ont comme autre point commun de porter des projets innovants. Un choix assum\u00e9 par <strong>Gilles Favre<\/strong>, le directeur de la Fondation, et ancien directeur du Centre de recherches en canc\u00e9rologie de Toulouse (CRCT), nomm\u00e9 en janvier 2024\u00a0:<\/p>\n<blockquote class=\"spip\">\n<p>Qu\u2019il s\u2019agisse de recherche fondamentale, de recherche clinique ou de science dure, la d\u00e9cision de supporter tels ou tels projets est guid\u00e9e par une strat\u00e9gie qui nous est propre, \u00e0 savoir privil\u00e9gier ceux qui s\u2019inscrivent dans des th\u00e9matiques originales, souvent de rupture et qui sont peu ou mal financ\u00e9s par ailleurs. L\u2019id\u00e9e est vraiment de soutenir des projets qui sont entre guillemets \u00e0 risque mais \u00e0 fort b\u00e9n\u00e9fice en termes d\u2019avanc\u00e9es scientifiques et technologiques.\u00a0\u00bb<\/p>\n<\/blockquote>\n<p>La force du collectif<\/p>\n<p>Alors que le cancer du poumon est la premi\u00e8re cause de d\u00e9c\u00e8s li\u00e9s au cancer, notamment \u00e0 cause de l\u2019\u00e9mergence de r\u00e9sistances apr\u00e8s traitement, le <strong>projet Meca Lung<\/strong> pourrait bien changer la donne. En associant biologie, physique et intelligence artificielle la chercheuse post-doctorante au CRCT <strong>C\u00e9lia Delahaye<\/strong> esp\u00e8re aboutir \u00e0 une meilleure d\u00e9tection des cellules canc\u00e9reuses impliqu\u00e9es dans cette r\u00e9sistance en utilisant des approches innovantes. Un travail qu\u2019elle m\u00e8ne en partenariat avec une \u00e9quipe du laboratoire d\u2019analyse et d\u2019architecture des syst\u00e8mes du CNRS et du laboratoire Restore. Tous deux bas\u00e9s \u00e0 Toulouse, ils apportent une expertise multidisciplinaire qui <strong>\u00ab\u00a0va permettre de collecter les mesures m\u00e9cano-biologiques de ces cellules du cancer du poumon afin de mieux les identifier et d\u2019explorer les propri\u00e9t\u00e9s m\u00e9caniques expliquant leur r\u00e9sistance\u00a0\u00bb<\/strong>, d\u00e9taille le communiqu\u00e9.<\/p>\n<p>\t\t\u00c0 lire aussi<\/p>\n<p>\t<a href=\"https:\/\/gazette-du-midi.fr\/au-sommaire\/entreprises\/gilles-favre-la-fondation-doit-aider-a-faire-emerger-les-grandes-decouvertes-de\" rel=\"nofollow noopener\" target=\"_blank\">Gilles Favre\u00a0: \u00ab\u00a0La Fondation doit aider \u00e0 faire \u00e9merger les grandes d\u00e9couvertes de demain\u00a0\u00bb<\/a><\/p>\n<p>Autre projet laur\u00e9at\u00a0: <strong>Pionner<\/strong>, initi\u00e9 par <strong>Estelle Espinos<\/strong>, professeure \u00e0 l\u2019Universit\u00e9 Paul Sabatier, en collaboration avec une \u00e9quipe du laboratoire toulousain Infinity de l\u2019Institut national de la sant\u00e9 et de la recherche m\u00e9dicale (Inserm). Son ambition\u00a0? Explorer le r\u00f4le crucial du point de contr\u00f4le immunitaire \u00ab\u00a0PD-L1\u00a0\u00bb, un groupe de prot\u00e9ines inhibiteur des lymphocytes dans la r\u00e9ponse et la r\u00e9sistance des cellules canc\u00e9reuses aux traitements d\u2019immunoth\u00e9rapie. Concr\u00e8tement, ces travaux de recherche \u00ab\u00a0visent \u00e0 apporter une preuve de concept capable d\u2019ouvrir une nouvelle voie permettant d\u2019am\u00e9liorer l\u2019efficacit\u00e9 des traitements et de faire progresser la survie de patients atteints de cancers solides\u00a0\u00bb.<\/p>\n<p>Directrice de recherche Inserm, <strong>Roxana Khazen<\/strong> est \u00e0 la t\u00eate du <strong>projet Mask S<\/strong>. Elle aussi est \u00e9paul\u00e9e par des membres du laboratoire Infinity. Son but\u00a0? D\u00e9velopper un concept scientifique original pour am\u00e9liorer les performances de l\u2019immunoth\u00e9rapie pour le traitement du cancer. Les lymphocytes T cytotoxiques (CTL), qui jouent un r\u00f4le cl\u00e9 dans l\u2019immunit\u00e9 anti-tumorale gr\u00e2ce \u00e0 leur capacit\u00e9 \u00e0 \u00e9liminer des cellules canc\u00e9reuses, se sont r\u00e9v\u00e9l\u00e9es apr\u00e8s \u00e9tudes h\u00e9t\u00e9rog\u00e8nes. Certaines montrent en effet \u00ab\u00a0une cytotoxicit\u00e9 r\u00e9duite alors que d\u2019autres se comportent en \u201csuper tueurs\u201d\u00a0\u00bb. Avec Mask S, la scientifique entend diff\u00e9rencier l\u2019organisation mol\u00e9culaire des faibles et des super tueurs afin \u00ab\u00a0de d\u00e9velopper de nouvelles strat\u00e9gies d\u2019optimisation des immunoth\u00e9rapies cellulaires\u00a0\u00bb.<\/p>\n<p>Les entreprises\u00a0: piliers de la philanthropie<\/p>\n<p>En coop\u00e9ration avec une \u00e9quipe de l\u2019IPBS, l\u2019unit\u00e9 mixte de recherche du CNRS et de l\u2019Universit\u00e9 de Toulouse, la charg\u00e9e de recherche \u00e0 l\u2019Inserm <strong>Anne Montfort<\/strong> d\u00e9veloppe le <strong>projet B Tactic<\/strong>. Celui-ci s\u2019appuie sur des r\u00e9sultats prometteurs obtenus dans le cadre de deux essais cliniques et d\u2019analyse in vivo. R\u00e9sultats qui montraient que dans le m\u00e9lanome (cancer de la peau ou des muqueuses), \u00ab\u00a0l\u2019ajout d\u2019anticorps anti-TNF\u00a0[<a href=\"http:\/\/gazette-du-midi.fr\/au-sommaire\/entreprises\/quels-sont-les-nouveaux-projets-soutenus-a-hauteur-de-400-keur-par-la-fondation#nb1\" class=\"spip_note\" rel=\"appendix nofollow noopener\" title=\"Le terme \u00ab anti-TNF \u00bb d\u00e9signe un ensemble de m\u00e9dicaments biologiques con\u00e7us\u00a0(\u2026)\" id=\"nh1\" target=\"_blank\">1<\/a>] am\u00e9liore l\u2019efficacit\u00e9 clinique des inhibiteurs des points de contr\u00f4le immunitaires, groupe de prot\u00e9ines pr\u00e9sentes \u00e0 la surface des lymphocytes T qui emp\u00eachent le syst\u00e8me immunitaire de d\u00e9truire les cellules canc\u00e9reuses\u00a0\u00bb. L\u2019enjeu pour les chercheurs impliqu\u00e9s \u00e9tant maintenant de mieux comprendre et surtout de d\u00e9montrer l\u2019efficacit\u00e9 du m\u00e9canisme d\u2019action de ces anticorps TNF.<\/p>\n<p>\t\t\u00c0 lire aussi<\/p>\n<p>\t<a href=\"https:\/\/gazette-du-midi.fr\/au-sommaire\/entreprises\/les-chercheuses-lea-goupille-et-margaux-renier-recompensees-par-la-fondation\" rel=\"nofollow noopener\" target=\"_blank\">Les chercheuses L\u00e9a Goupille et Margaux Renier r\u00e9compens\u00e9es par la Fondation Arc<\/a><\/p>\n<p>D\u00e9bloqu\u00e9s entre trois et six mois, contre un an en r\u00e8gle g\u00e9n\u00e9rale, les fonds allou\u00e9s pour financer ces quatre projets proviennent exclusivement de dons d\u2019entreprises et de particuliers, de petits et de grands donateurs. Plus de 200 soci\u00e9t\u00e9s soutiennent ainsi la Fondation Toulouse Cancer Sant\u00e9, dont Total Energies, Euryale, Newrest, Stella Groupe ou encore Pierre Fabre.<\/p>\n<p>Une g\u00e9n\u00e9rosit\u00e9 et un engagement, parfois de longue date, salu\u00e9s par Gilles Favre qui \u00ab\u00a0remercie chaleureusement les donateurs, toujours plus nombreux \u00e0 soutenir ces \u00e9quipes de chercheurs totalement engag\u00e9s dans cette course vers la gu\u00e9rison\u00a0\u00bb.<\/p>\n","protected":false},"excerpt":{"rendered":"Entreprises Sant\u00e9. Pour son 14e appel \u00e0 projets lanc\u00e9 depuis sa cr\u00e9ation, l\u2019organisme de m\u00e9c\u00e9nat soutient quatre nouveaux&hellip;\n","protected":false},"author":2,"featured_media":546378,"comment_status":"","ping_status":"","sticky":false,"template":"","format":"standard","meta":{"footnotes":""},"categories":[2816],"tags":[1111,11,1777,674,1011,27,12,2680,25,2312],"class_list":{"0":"post-546377","1":"post","2":"type-post","3":"status-publish","4":"format-standard","5":"has-post-thumbnail","7":"category-toulouse","8":"tag-actu","9":"tag-actualites","10":"tag-eu","11":"tag-europe","12":"tag-fr","13":"tag-france","14":"tag-news","15":"tag-occitanie","16":"tag-republique-francaise","17":"tag-toulouse"},"share_on_mastodon":{"url":"https:\/\/pubeurope.com\/@fr\/115580834105848407","error":""},"_links":{"self":[{"href":"https:\/\/www.europesays.com\/fr\/wp-json\/wp\/v2\/posts\/546377","targetHints":{"allow":["GET"]}}],"collection":[{"href":"https:\/\/www.europesays.com\/fr\/wp-json\/wp\/v2\/posts"}],"about":[{"href":"https:\/\/www.europesays.com\/fr\/wp-json\/wp\/v2\/types\/post"}],"author":[{"embeddable":true,"href":"https:\/\/www.europesays.com\/fr\/wp-json\/wp\/v2\/users\/2"}],"replies":[{"embeddable":true,"href":"https:\/\/www.europesays.com\/fr\/wp-json\/wp\/v2\/comments?post=546377"}],"version-history":[{"count":0,"href":"https:\/\/www.europesays.com\/fr\/wp-json\/wp\/v2\/posts\/546377\/revisions"}],"wp:featuredmedia":[{"embeddable":true,"href":"https:\/\/www.europesays.com\/fr\/wp-json\/wp\/v2\/media\/546378"}],"wp:attachment":[{"href":"https:\/\/www.europesays.com\/fr\/wp-json\/wp\/v2\/media?parent=546377"}],"wp:term":[{"taxonomy":"category","embeddable":true,"href":"https:\/\/www.europesays.com\/fr\/wp-json\/wp\/v2\/categories?post=546377"},{"taxonomy":"post_tag","embeddable":true,"href":"https:\/\/www.europesays.com\/fr\/wp-json\/wp\/v2\/tags?post=546377"}],"curies":[{"name":"wp","href":"https:\/\/api.w.org\/{rel}","templated":true}]}}