{"id":546379,"date":"2025-11-20T07:25:13","date_gmt":"2025-11-20T07:25:13","guid":{"rendered":"https:\/\/www.europesays.com\/fr\/546379\/"},"modified":"2025-11-20T07:25:13","modified_gmt":"2025-11-20T07:25:13","slug":"groupe-roubaix-en-commun-decembre-2025","status":"publish","type":"post","link":"https:\/\/www.europesays.com\/fr\/546379\/","title":{"rendered":"Groupe Roubaix en commun &#8211; D\u00e9cembre 2025"},"content":{"rendered":"<p class=\"p1\">Cet \u00e9t\u00e9, les rues Jules-Deregnaucourt et de l\u2019Alouette, \u00e0 la limite de l\u2019Epeule, ont connu de profonds bouleversements. \u00c0 la suite d\u2019une p\u00e9tition lanc\u00e9e le 2 juillet 2025 pour r\u00e9clamer la fermeture ou la r\u00e9glementation des night shops du secteur, la Ville a pris des mesures radicales. Si plusieurs \u00e9tablissements probl\u00e9matiques ont \u00e9t\u00e9 vis\u00e9s, un commerce de proximit\u00e9 s\u2019est retrouv\u00e9 injustement entra\u00een\u00e9 dans cette op\u00e9ration.<\/p>\n<p class=\"p1\">\u00ab \u00c0 la bonne r\u00e9colte \u00bb, une \u00e9picerie install\u00e9e, depuis plus de trente ans, face au coll\u00e8ge S\u00e9vign\u00e9, a vu son activit\u00e9 brutale-ment entrav\u00e9e. En installant des blocs de b\u00e9ton pour bloquer la circulation automobile et l\u2019arr\u00eat des bus, la municipalit\u00e9 a supprim\u00e9 tout acc\u00e8s logistique au magasin. R\u00e9sultat : au-del\u00e0 de la lutte contre les commerces illicites (vente par exemple du protoxyde d\u2019azote dont l\u2019usage est d\u00e9tourn\u00e9 par les utili-sateurs mineurs notamment ) , c\u2019est une \u00e9picerie reconnue par ses voisins, fr\u00e9quent\u00e9e par des g\u00e9n\u00e9rations de Roubai-siens et par les coll\u00e9giens apr\u00e8s les cours, qui se voit menac\u00e9e.<\/p>\n<p class=\"p1\">Depuis le 31 juillet, le commer\u00e7ant et les habitants ont multipli\u00e9 les alertes aupr\u00e8s du Maire, de son directeur de cabinet, des services techniques et des \u00e9lus concern\u00e9s. Le 6 septembre, l\u2019\u00e9picier et un collectif d\u2019habitants ont \u00e9t\u00e9 re\u00e7us \u00e0 l\u2019H\u00f4tel de Ville et ont rencontr\u00e9 le Maire. Mais aucune solution concr\u00e8te n\u2019a \u00e9t\u00e9 propos\u00e9e. La seule id\u00e9e avanc\u00e9e ? Un reportage dans le magazine municipal ! Or ce n\u2019est pas de publicit\u00e9 dont a besoin ce commerce d\u00e9j\u00e0 bien connu, mais d\u2019un acc\u00e8s r\u00e9tabli pour ses clients motoris\u00e9s et ses fournisseurs.<\/p>\n<p class=\"p1\">Le probl\u00e8me est simple et pratique : permettre aux livreurs de d\u00e9charger et aux automobilistes de passage de stationner quelques minutes. L\u2019enjeu est commercial certes mais il est aussi vital pour la survie d\u2019un lieu qui n\u2019a jamais suscit\u00e9 de nuisances, bien au contraire. \u00ab \u00c0 la bonne r\u00e9colte \u00bb joue un r\u00f4le de lien social, un point de rep\u00e8re appr\u00e9ci\u00e9, un espace de respiration dans un quartier fragile.<\/p>\n<p class=\"p1\">Si la fermeture de commerces ill\u00e9gaux est l\u00e9gitime pour la tranquillit\u00e9 publique et la protection des mineurs que nous avons toujours r\u00e9clam\u00e9e , <strong>il est tout aussi essentiel de d\u00e9fendre ceux qui incarnent la confiance et la proximit\u00e9.<\/strong> Laisser s\u2019\u00e9teindre un commerce respect\u00e9 et enracin\u00e9, c\u2019est affaiblir encore un quartier qui a besoin de stabilit\u00e9.<\/p>\n<p class=\"p1\"><strong>\u00c0 Roubaix, soutenir la vie locale<\/strong> passe aussi par un geste simple : r\u00e9tablir l\u2019acc\u00e8s \u00e0 cette \u00e9picerie pour qu\u2019elle continue d\u2019exister.<\/p>\n<p class=\"p1\">En ce mois de d\u00e9cembre, nous vous souhaitons de BONNES FETES DE FIN D\u2019ANNEE.<\/p>\n<p style=\"text-align: right;\"><strong>Karim AMROUNI, Nadia BELGACEM, Christiane FONFROIDE,<\/strong><br \/><strong>Dogan KACMAZ et Sadia PAMART, Pr\u00e9sidente du groupe<\/strong><br \/><strong>Roubaix en commun<\/strong><\/p>\n","protected":false},"excerpt":{"rendered":"Cet \u00e9t\u00e9, les rues Jules-Deregnaucourt et de l\u2019Alouette, \u00e0 la limite de l\u2019Epeule, ont connu de profonds bouleversements.&hellip;\n","protected":false},"author":2,"featured_media":48636,"comment_status":"","ping_status":"","sticky":false,"template":"","format":"standard","meta":{"footnotes":""},"categories":[2815],"tags":[1111,11,1777,674,14030,1011,27,811,1307,12,25,5030],"class_list":{"0":"post-546379","1":"post","2":"type-post","3":"status-publish","4":"format-standard","5":"has-post-thumbnail","7":"category-lille","8":"tag-actu","9":"tag-actualites","10":"tag-eu","11":"tag-europe","12":"tag-expression-politique","13":"tag-fr","14":"tag-france","15":"tag-hauts-de-france","16":"tag-lille","17":"tag-news","18":"tag-republique-francaise","19":"tag-tribune"},"share_on_mastodon":{"url":"https:\/\/pubeurope.com\/@fr\/115580837831659544","error":""},"_links":{"self":[{"href":"https:\/\/www.europesays.com\/fr\/wp-json\/wp\/v2\/posts\/546379","targetHints":{"allow":["GET"]}}],"collection":[{"href":"https:\/\/www.europesays.com\/fr\/wp-json\/wp\/v2\/posts"}],"about":[{"href":"https:\/\/www.europesays.com\/fr\/wp-json\/wp\/v2\/types\/post"}],"author":[{"embeddable":true,"href":"https:\/\/www.europesays.com\/fr\/wp-json\/wp\/v2\/users\/2"}],"replies":[{"embeddable":true,"href":"https:\/\/www.europesays.com\/fr\/wp-json\/wp\/v2\/comments?post=546379"}],"version-history":[{"count":0,"href":"https:\/\/www.europesays.com\/fr\/wp-json\/wp\/v2\/posts\/546379\/revisions"}],"wp:featuredmedia":[{"embeddable":true,"href":"https:\/\/www.europesays.com\/fr\/wp-json\/wp\/v2\/media\/48636"}],"wp:attachment":[{"href":"https:\/\/www.europesays.com\/fr\/wp-json\/wp\/v2\/media?parent=546379"}],"wp:term":[{"taxonomy":"category","embeddable":true,"href":"https:\/\/www.europesays.com\/fr\/wp-json\/wp\/v2\/categories?post=546379"},{"taxonomy":"post_tag","embeddable":true,"href":"https:\/\/www.europesays.com\/fr\/wp-json\/wp\/v2\/tags?post=546379"}],"curies":[{"name":"wp","href":"https:\/\/api.w.org\/{rel}","templated":true}]}}