{"id":546380,"date":"2025-11-20T07:26:15","date_gmt":"2025-11-20T07:26:15","guid":{"rendered":"https:\/\/www.europesays.com\/fr\/546380\/"},"modified":"2025-11-20T07:26:15","modified_gmt":"2025-11-20T07:26:15","slug":"projet-maracci-presentation-actualites","status":"publish","type":"post","link":"https:\/\/www.europesays.com\/fr\/546380\/","title":{"rendered":"Projet Maracci : pr\u00e9sentation \/ Actualit\u00e9s"},"content":{"rendered":"<p>Dans le Vieux-Lille, l\u2019ancienne \u00e9cole priv\u00e9e\u00a0Sainte-Marie va \u00eatre transform\u00e9e\u00a0en un nouveau lieu de vie ouvert \u00e0 tous.<\/p>\n<p>            <img loading=\"lazy\" decoding=\"async\" src=\"\/var\/www\/storage\/images\/mediatheque\/mairie-de-lille\/actualites\/images\/2025\/novembre-2025\/projet-maracci\/3887180-1-fre-FR\/Projet-Maracci_news_image_top.jpg\" width=\"779\" height=\"518\" alt=\"\"\/><br \/>\n    \tMarraci (Vieux-Lille) : esquisse du projet.<\/p>\n<p>La Ville de Lille et ses partenaires transforment l\u2019ancienne \u00e9cole priv\u00e9e\u00a0Sainte-Marie, en un nouveau lieu de vie ouvert \u00e0 tous.<\/p>\n<p>Avec la cr\u00e9ation d\u2019une cr\u00e8che et d\u2019une m\u00e9diath\u00e8que, le projet renforcera l\u2019offre culturelle\u00a0et \u00e9ducative du quartier. Un tiers-lieu solidaire, des logements, une maison de sant\u00e9,\u00a0des bureaux et des espaces partag\u00e9s viendront compl\u00e9ter \u00e9galement l\u2019ensemble.<\/p>\n<p>Cette m\u00e9tamorphose favorisera la mixit\u00e9 sociale, offrira de nouveaux lieux de rencontre\u00a0et apportera un soutien aux habitants.<\/p>\n<p>            <img src-full=\"\/var\/www\/storage\/images\/mediatheque\/mairie-de-lille\/actualites\/images\/2025\/novembre-2025\/projet-maracci-ancienne-ecole-sainte-marie\/3887176-1-fre-FR\/Projet-Maracci-ancienne-ecole-Sainte-Marie.jpg\" data-caption-full=\"Projet Maracci : ancienne \u00e9cole Sainte-Marie avant le d\u00e9but des travaux\" width=\"320\" height=\"180\" alt=\"Projet Maracci : ancienne \u00e9cole Sainte-Marie\" title=\"Projet Maracci : ancienne \u00e9cole Sainte-Marie\" class=\"align-\"\/>\n    <\/p>\n<p>Le projet<\/p>\n<ul class=\"listPuce\">\n<li>Cr\u00e9ation d\u2019une m\u00e9diath\u00e8que de 960 m\u00b2\u00a0dot\u00e9e d\u2019une terrasse de 80 m\u00b2<\/li>\n<li>Am\u00e9nagement d\u2019une cr\u00e8che de 1 100 m\u00b2, avec un jardin, pouvant accueillir\u00a060 berceaux<\/li>\n<li>Renforcement de l\u2019offre sociale et de sant\u00e9 (tiers-lieu solidaire et maison de sant\u00e9)<\/li>\n<li>Cr\u00e9ation de logements (appartements en accession libre, une pension de famille et une r\u00e9sidence interg\u00e9n\u00e9rationnelle)<\/li>\n<\/ul>\n<p>Impacts du chantier<\/p>\n<p>Ces travaux sont susceptibles d\u2019engendrer des nuisances ponctuelles, notamment en mati\u00e8re de bruit et de poussi\u00e8res. Les dispositifs n\u00e9cessaires seront mis en place pour limiter l\u2019impact des travaux sur la qualit\u00e9 de vie des riverains.<\/p>\n<p>Calendrier pr\u00e9visionnel des travaux<\/p>\n<ul class=\"listPuce\">\n<li>Novembre 2025 : d\u00e9but du chantier du b\u00e2timent<\/li>\n<li>D\u00e9cembre 2027 : fin de l&rsquo;am\u00e9nagement ext\u00e9rieur<\/li>\n<li>Janvier 2028 : am\u00e9nagement int\u00e9rieur<\/li>\n<li>Mai 2029 : fin du chantier<\/li>\n<\/ul>\n","protected":false},"excerpt":{"rendered":"Dans le Vieux-Lille, l\u2019ancienne \u00e9cole priv\u00e9e\u00a0Sainte-Marie va \u00eatre transform\u00e9e\u00a0en un nouveau lieu de vie ouvert \u00e0 tous. Marraci&hellip;\n","protected":false},"author":2,"featured_media":546381,"comment_status":"","ping_status":"","sticky":false,"template":"","format":"standard","meta":{"footnotes":""},"categories":[2815],"tags":[1111,11,4763,1777,674,1011,27,811,1307,5415,12,25],"class_list":{"0":"post-546380","1":"post","2":"type-post","3":"status-publish","4":"format-standard","5":"has-post-thumbnail","7":"category-lille","8":"tag-actu","9":"tag-actualites","10":"tag-agenda","11":"tag-eu","12":"tag-europe","13":"tag-fr","14":"tag-france","15":"tag-hauts-de-france","16":"tag-lille","17":"tag-mairie","18":"tag-news","19":"tag-republique-francaise"},"share_on_mastodon":{"url":"https:\/\/pubeurope.com\/@fr\/115580842452387760","error":""},"_links":{"self":[{"href":"https:\/\/www.europesays.com\/fr\/wp-json\/wp\/v2\/posts\/546380","targetHints":{"allow":["GET"]}}],"collection":[{"href":"https:\/\/www.europesays.com\/fr\/wp-json\/wp\/v2\/posts"}],"about":[{"href":"https:\/\/www.europesays.com\/fr\/wp-json\/wp\/v2\/types\/post"}],"author":[{"embeddable":true,"href":"https:\/\/www.europesays.com\/fr\/wp-json\/wp\/v2\/users\/2"}],"replies":[{"embeddable":true,"href":"https:\/\/www.europesays.com\/fr\/wp-json\/wp\/v2\/comments?post=546380"}],"version-history":[{"count":0,"href":"https:\/\/www.europesays.com\/fr\/wp-json\/wp\/v2\/posts\/546380\/revisions"}],"wp:featuredmedia":[{"embeddable":true,"href":"https:\/\/www.europesays.com\/fr\/wp-json\/wp\/v2\/media\/546381"}],"wp:attachment":[{"href":"https:\/\/www.europesays.com\/fr\/wp-json\/wp\/v2\/media?parent=546380"}],"wp:term":[{"taxonomy":"category","embeddable":true,"href":"https:\/\/www.europesays.com\/fr\/wp-json\/wp\/v2\/categories?post=546380"},{"taxonomy":"post_tag","embeddable":true,"href":"https:\/\/www.europesays.com\/fr\/wp-json\/wp\/v2\/tags?post=546380"}],"curies":[{"name":"wp","href":"https:\/\/api.w.org\/{rel}","templated":true}]}}