{"id":546382,"date":"2025-11-20T07:27:14","date_gmt":"2025-11-20T07:27:14","guid":{"rendered":"https:\/\/www.europesays.com\/fr\/546382\/"},"modified":"2025-11-20T07:27:14","modified_gmt":"2025-11-20T07:27:14","slug":"lime-profitera-de-la-voie-est-libre-ce-samedi-a-marseille","status":"publish","type":"post","link":"https:\/\/www.europesays.com\/fr\/546382\/","title":{"rendered":"Lime profitera de la Voie est libre ce samedi \u00e0 Marseille"},"content":{"rendered":"<p>L&rsquo;op\u00e9rateur qui d\u00e9ploie quelque 1 500 trottinettes \u00e9lectriques en libre-service dans les rues de Marseille (et autant pour Voi) profitera de l&rsquo;op\u00e9ration La Voie est libre, ce samedi 23 novembre. <a href=\"https:\/\/www.laprovence.com\/article\/region\/3158515273153615\/video-loperateur-lime-lance-sa-nouvelle-trottinette-electrique-a-marseille-on-a-visite-latelier-de-reparation\" target=\"_blank\" rel=\"noopener\">Lime<\/a> installera sur la Corniche \u00ab\u00a0un stand \u00e9ducatif ax\u00e9 sur la s\u00e9curit\u00e9 routi\u00e8re\u00a0\u00bb : des lunettes pour simuler l&rsquo;\u00e9tat d&rsquo;\u00e9bri\u00e9t\u00e9, un quiz sur le Code la route et une distribution de casques seront propos\u00e9s aux utilisateurs de mobilit\u00e9s douces.<\/p>\n<p>Lime met \u00e9galement en service son \u00ab\u00a0Helmet selfie\u00a0\u00bb : <a href=\"https:\/\/www.laprovence.com\/article\/region\/4511407669922214\/les-trottinettes-electriques-rempilent-pour-deux-ans-a-marseille\" target=\"_blank\" rel=\"noopener\">les utilisateurs<\/a> peuvent faire un selfie avec leur casque lorsqu&rsquo;ils prennent une trottinette pour b\u00e9n\u00e9ficier de r\u00e9ductions sur leurs prochains trajets. La marque au citron indique avoir enregistr\u00e9 un bond de 56\u00a0% du nombre de ses trajets entre septembre 2024 et septembre 2025 et une hausse de 44\u00a0% de la fr\u00e9quentation de ses v\u00e9los en libre-service.<\/p>\n","protected":false},"excerpt":{"rendered":"L&rsquo;op\u00e9rateur qui d\u00e9ploie quelque 1 500 trottinettes \u00e9lectriques en libre-service dans les rues de Marseille (et autant pour&hellip;\n","protected":false},"author":2,"featured_media":546383,"comment_status":"","ping_status":"","sticky":false,"template":"","format":"standard","meta":{"footnotes":""},"categories":[2814],"tags":[17,1111,11,932,1777,674,1011,27,29023,66463,884,12,316,66464,882,25,3982,1811],"class_list":{"0":"post-546382","1":"post","2":"type-post","3":"status-publish","4":"format-standard","5":"has-post-thumbnail","7":"category-marseille","8":"tag-17","9":"tag-actu","10":"tag-actualites","11":"tag-est","12":"tag-eu","13":"tag-europe","14":"tag-fr","15":"tag-france","16":"tag-libre","17":"tag-lime","18":"tag-marseille","19":"tag-news","20":"tag-politique","21":"tag-profitera","22":"tag-provence-alpes-cote-dazur","23":"tag-republique-francaise","24":"tag-samedi","25":"tag-voie"},"share_on_mastodon":{"url":"https:\/\/pubeurope.com\/@fr\/115580845684070757","error":""},"_links":{"self":[{"href":"https:\/\/www.europesays.com\/fr\/wp-json\/wp\/v2\/posts\/546382","targetHints":{"allow":["GET"]}}],"collection":[{"href":"https:\/\/www.europesays.com\/fr\/wp-json\/wp\/v2\/posts"}],"about":[{"href":"https:\/\/www.europesays.com\/fr\/wp-json\/wp\/v2\/types\/post"}],"author":[{"embeddable":true,"href":"https:\/\/www.europesays.com\/fr\/wp-json\/wp\/v2\/users\/2"}],"replies":[{"embeddable":true,"href":"https:\/\/www.europesays.com\/fr\/wp-json\/wp\/v2\/comments?post=546382"}],"version-history":[{"count":0,"href":"https:\/\/www.europesays.com\/fr\/wp-json\/wp\/v2\/posts\/546382\/revisions"}],"wp:featuredmedia":[{"embeddable":true,"href":"https:\/\/www.europesays.com\/fr\/wp-json\/wp\/v2\/media\/546383"}],"wp:attachment":[{"href":"https:\/\/www.europesays.com\/fr\/wp-json\/wp\/v2\/media?parent=546382"}],"wp:term":[{"taxonomy":"category","embeddable":true,"href":"https:\/\/www.europesays.com\/fr\/wp-json\/wp\/v2\/categories?post=546382"},{"taxonomy":"post_tag","embeddable":true,"href":"https:\/\/www.europesays.com\/fr\/wp-json\/wp\/v2\/tags?post=546382"}],"curies":[{"name":"wp","href":"https:\/\/api.w.org\/{rel}","templated":true}]}}