{"id":546386,"date":"2025-11-20T07:29:11","date_gmt":"2025-11-20T07:29:11","guid":{"rendered":"https:\/\/www.europesays.com\/fr\/546386\/"},"modified":"2025-11-20T07:29:11","modified_gmt":"2025-11-20T07:29:11","slug":"ils-reclament-un-plan-durgence-a-la-prefete","status":"publish","type":"post","link":"https:\/\/www.europesays.com\/fr\/546386\/","title":{"rendered":"ils r\u00e9clament un plan d\u2019urgence \u00e0 la pr\u00e9f\u00e8te"},"content":{"rendered":"<p>\u00ab\u00a0Face \u00e0 l\u2019inaction des institutions, le Comit\u00e9 d\u2019Int\u00e9r\u00eat Local (CIL) Lyon 7e \u00a0a d\u00e9cid\u00e9 de prendre les devants.\u00a0\u00bb Lucas Latocca, pr\u00e9sident de l\u2019instance, donne ainsi le ton. Celui de tout un quartier \u00ab\u00a0en proie \u00e0 l\u2019abandon et \u00e0 l\u2019ins\u00e9curit\u00e9\u00a0\u00bb, portant ainsi la voix d\u2019une centaine de personnes, riverains et commer\u00e7ants, signataires d\u2019une lettre ouverte envoy\u00e9e \u00e0 la pr\u00e9f\u00e8te de R\u00e9gion, jeudi 6\u00a0novembre. Dans cette missive, l\u2019espoir \u00ab\u00a0d\u2019un plan d\u2019urgence pour s\u00e9curiser les espaces publics, en particulier le parking DHL et la rue Lortet, au bout du boulevard Yves-Farge\u00a0\u00bb.<\/p>\n<p>Intrusions dans les commerces et r\u00e9sidences<\/p>\n<p>Car c\u2019est bien l\u00e0 que se cristallisent&#8230;<\/p>\n","protected":false},"excerpt":{"rendered":"\u00ab\u00a0Face \u00e0 l\u2019inaction des institutions, le Comit\u00e9 d\u2019Int\u00e9r\u00eat Local (CIL) Lyon 7e \u00a0a d\u00e9cid\u00e9 de prendre les devants.\u00a0\u00bb&hellip;\n","protected":false},"author":2,"featured_media":546387,"comment_status":"","ping_status":"","sticky":false,"template":"","format":"standard","meta":{"footnotes":""},"categories":[1889],"tags":[1111,11,2430,271,272,2757,1777,674,274,1011,27,1061,1908,2428,2756,12,25,104],"class_list":{"0":"post-546386","1":"post","2":"type-post","3":"status-publish","4":"format-standard","5":"has-post-thumbnail","7":"category-lyon","8":"tag-actu","9":"tag-actualites","10":"tag-auvergne-rhone-alpes","11":"tag-crime","12":"tag-delit-et-contravention","13":"tag-edition-lyon-villeurbanne","14":"tag-eu","15":"tag-europe","16":"tag-faits-divers-justice","17":"tag-fr","18":"tag-france","19":"tag-immigration","20":"tag-logement","21":"tag-lyon","22":"tag-lyon-bassin","23":"tag-news","24":"tag-republique-francaise","25":"tag-societe"},"share_on_mastodon":{"url":"https:\/\/pubeurope.com\/@fr\/115580854157053840","error":""},"_links":{"self":[{"href":"https:\/\/www.europesays.com\/fr\/wp-json\/wp\/v2\/posts\/546386","targetHints":{"allow":["GET"]}}],"collection":[{"href":"https:\/\/www.europesays.com\/fr\/wp-json\/wp\/v2\/posts"}],"about":[{"href":"https:\/\/www.europesays.com\/fr\/wp-json\/wp\/v2\/types\/post"}],"author":[{"embeddable":true,"href":"https:\/\/www.europesays.com\/fr\/wp-json\/wp\/v2\/users\/2"}],"replies":[{"embeddable":true,"href":"https:\/\/www.europesays.com\/fr\/wp-json\/wp\/v2\/comments?post=546386"}],"version-history":[{"count":0,"href":"https:\/\/www.europesays.com\/fr\/wp-json\/wp\/v2\/posts\/546386\/revisions"}],"wp:featuredmedia":[{"embeddable":true,"href":"https:\/\/www.europesays.com\/fr\/wp-json\/wp\/v2\/media\/546387"}],"wp:attachment":[{"href":"https:\/\/www.europesays.com\/fr\/wp-json\/wp\/v2\/media?parent=546386"}],"wp:term":[{"taxonomy":"category","embeddable":true,"href":"https:\/\/www.europesays.com\/fr\/wp-json\/wp\/v2\/categories?post=546386"},{"taxonomy":"post_tag","embeddable":true,"href":"https:\/\/www.europesays.com\/fr\/wp-json\/wp\/v2\/tags?post=546386"}],"curies":[{"name":"wp","href":"https:\/\/api.w.org\/{rel}","templated":true}]}}