{"id":546399,"date":"2025-11-20T07:48:20","date_gmt":"2025-11-20T07:48:20","guid":{"rendered":"https:\/\/www.europesays.com\/fr\/546399\/"},"modified":"2025-11-20T07:48:20","modified_gmt":"2025-11-20T07:48:20","slug":"russes-et-americains-negocient-de-nouveau-dans-le-dos-des-europeens","status":"publish","type":"post","link":"https:\/\/www.europesays.com\/fr\/546399\/","title":{"rendered":"Russes et Am\u00e9ricains n\u00e9gocient de nouveau dans le dos des Europ\u00e9ens"},"content":{"rendered":"<p>                     <img loading=\"lazy\" decoding=\"async\" src=\"https:\/\/www.europesays.com\/fr\/wp-content\/uploads\/2025\/11\/f14321f_upload-1-cc0btcp92w1m-ap25101562073959.jpg\" alt=\"Le pr\u00e9sident russe Vladimir Poutine salue son envoy\u00e9 sp\u00e9cial pour les investissements, Kirill Dmitriev en pr\u00e9sence de l\u2019envoy\u00e9 sp\u00e9cial du pr\u00e9sident am\u00e9ricain Donald Trump, Steve Witkoff \u00e0 Saint-P\u00e9tersbourg, en Russie, le 11\u00a0avril 2025.\"   width=\"664\" height=\"443\"\/>    Le pr\u00e9sident russe Vladimir Poutine salue son envoy\u00e9 sp\u00e9cial pour les investissements, Kirill Dmitriev en pr\u00e9sence de l\u2019envoy\u00e9 sp\u00e9cial du pr\u00e9sident am\u00e9ricain Donald Trump, Steve Witkoff \u00e0 Saint-P\u00e9tersbourg, en Russie, le 11\u00a0avril 2025.  VYACHESLAV PROKOFYEV \/ AP                 <\/p>\n<p class=\"article__paragraph  \">Les tentatives de m\u00e9diation am\u00e9ricaines entre la Russie et l\u2019Ukraine se suivent et se ressemblent, sans mettre \u00e0 ce jour fin \u00e0 la guerre en d\u00e9pit des concessions faites \u00e0 Moscou. L\u2019Ukraine a fait savoir, mercredi soir 19\u00a0novembre, qu\u2019elle avait re\u00e7u une nouvelle offre de n\u00e9gociation venue de Washington, mais concoct\u00e9e, sans l\u2019associer, par les \u00e9missaires de Donald Trump et de Vladimir Poutine.<\/p>\n<p>   Lire plus tard  <\/p>\n<p class=\"article__paragraph  \">La d\u00e9marche, r\u00e9v\u00e9l\u00e9e la nuit pr\u00e9c\u00e9dente par le site Axios, aurait \u00e9t\u00e9 pr\u00e9par\u00e9e par l\u2019envoy\u00e9 sp\u00e9cial du pr\u00e9sident am\u00e9ricain, Steve Witkoff, et celui du ma\u00eetre du Kremlin, Kirill Dmitriev, lors d\u2019une visite du patron du fonds souverain russe aux Etats-Unis, en octobre. Le premier a d\u2019ailleurs r\u00e9v\u00e9l\u00e9 que son interlocuteur \u00e9tait sans doute \u00e0 l\u2019origine de la fuite, dans un message envoy\u00e9 mercredi<strong> <\/strong>sur le r\u00e9seau social X, en r\u00e9action aux premi\u00e8res r\u00e9v\u00e9lations sur ce plan en 28\u00a0points. Un tweet tr\u00e8s vite retir\u00e9.<\/p>\n<p class=\"reading-mode-only \"><strong>Il vous reste 83.02% de cet article \u00e0 lire. La suite est r\u00e9serv\u00e9e aux abonn\u00e9s.<\/strong><\/p>\n","protected":false},"excerpt":{"rendered":"Le pr\u00e9sident russe Vladimir Poutine salue son envoy\u00e9 sp\u00e9cial pour les investissements, Kirill Dmitriev en pr\u00e9sence de l\u2019envoy\u00e9&hellip;\n","protected":false},"author":2,"featured_media":546400,"comment_status":"","ping_status":"","sticky":false,"template":"","format":"standard","meta":{"footnotes":""},"categories":[1591],"tags":[11,1887,12,1885,1886,132],"class_list":{"0":"post-546399","1":"post","2":"type-post","3":"status-publish","4":"format-standard","5":"has-post-thumbnail","7":"category-russie","8":"tag-actualites","9":"tag-federation-de-russie","10":"tag-news","11":"tag-russia","12":"tag-russian-federation","13":"tag-russie"},"share_on_mastodon":{"url":"https:\/\/pubeurope.com\/@fr\/115580929260447452","error":""},"_links":{"self":[{"href":"https:\/\/www.europesays.com\/fr\/wp-json\/wp\/v2\/posts\/546399","targetHints":{"allow":["GET"]}}],"collection":[{"href":"https:\/\/www.europesays.com\/fr\/wp-json\/wp\/v2\/posts"}],"about":[{"href":"https:\/\/www.europesays.com\/fr\/wp-json\/wp\/v2\/types\/post"}],"author":[{"embeddable":true,"href":"https:\/\/www.europesays.com\/fr\/wp-json\/wp\/v2\/users\/2"}],"replies":[{"embeddable":true,"href":"https:\/\/www.europesays.com\/fr\/wp-json\/wp\/v2\/comments?post=546399"}],"version-history":[{"count":0,"href":"https:\/\/www.europesays.com\/fr\/wp-json\/wp\/v2\/posts\/546399\/revisions"}],"wp:featuredmedia":[{"embeddable":true,"href":"https:\/\/www.europesays.com\/fr\/wp-json\/wp\/v2\/media\/546400"}],"wp:attachment":[{"href":"https:\/\/www.europesays.com\/fr\/wp-json\/wp\/v2\/media?parent=546399"}],"wp:term":[{"taxonomy":"category","embeddable":true,"href":"https:\/\/www.europesays.com\/fr\/wp-json\/wp\/v2\/categories?post=546399"},{"taxonomy":"post_tag","embeddable":true,"href":"https:\/\/www.europesays.com\/fr\/wp-json\/wp\/v2\/tags?post=546399"}],"curies":[{"name":"wp","href":"https:\/\/api.w.org\/{rel}","templated":true}]}}