{"id":546403,"date":"2025-11-20T07:50:15","date_gmt":"2025-11-20T07:50:15","guid":{"rendered":"https:\/\/www.europesays.com\/fr\/546403\/"},"modified":"2025-11-20T07:50:15","modified_gmt":"2025-11-20T07:50:15","slug":"donald-trump-a-signe-la-loi-pour-rendre-le-dossier-epstein-public","status":"publish","type":"post","link":"https:\/\/www.europesays.com\/fr\/546403\/","title":{"rendered":"Donald Trump a sign\u00e9 la loi pour rendre le dossier Epstein public"},"content":{"rendered":"<p>\u00ab\u00a0Je viens juste de signer la loi pour rendre public le <a target=\"_self\" href=\"https:\/\/www.lanouvellerepublique.fr\/a-la-une\/le-congres-americain-ouvre-un-nouveau-chapitre-dans-l-affaire-epstein-1763449155\" rel=\"noopener\">dossier Epstein<\/a>\u00a0!\u00a0\u00bb, a \u00e9crit Donald Trump dans un long message sur son r\u00e9seau <a target=\"_blank\" href=\"https:\/\/truthsocial.com\/@realDonaldTrump\/posts\/115579394833948106\" rel=\"noopener\">Truth Social<\/a>, accusant encore une fois ses opposants d\u00e9mocrates d\u2019avoir cach\u00e9 la v\u00e9rit\u00e9.\u00a0Le texte vot\u00e9 mardi au Congr\u00e8s donne un mois au minist\u00e8re de la Justice pour rendre disponible l\u2019int\u00e9gralit\u00e9 des documents non classifi\u00e9s en sa possession sur le financier new-yorkais, mort en prison en 2019 avant son proc\u00e8s pour crimes sexuels, sur sa complice Ghislaine Maxwell, qui purge\u00a0une peine de vingt ans de prison, et sur toutes les personnes impliqu\u00e9es dans les proc\u00e9dures judiciaires li\u00e9es.<\/p>\n<p>Le suicide de Jeffrey Epstein dans sa cellule a aliment\u00e9 d\u2019innombrables th\u00e9ories du complot, selon lesquelles ce financier \u2013 aux vastes relations dans les milieux politiques, d\u2019affaires, et du divertissement \u2013 aurait \u00e9t\u00e9 assassin\u00e9 pour emp\u00eacher des r\u00e9v\u00e9lations embarrassantes. Apr\u00e8s avoir promis pendant la campagne de 2024 des r\u00e9v\u00e9lations fracassantes, Donald Trump a exhort\u00e9 ses partisans \u00e0 tourner la page depuis son retour au pouvoir, et qualifie l\u2019affaire de \u00ab\u00a0canular\u00a0\u00bb mont\u00e9 en \u00e9pingle par l\u2019opposition D\u00e9mocrate. R\u00e9cemment, il a r\u00e9p\u00e9t\u00e9 n\u2019avoir \u00ab\u00a0rien \u00e0 voir avec Jeffrey Epstein\u00a0\u00bb, le qualifiant de \u00ab\u00a0pervers malade\u00a0\u00bb.<\/p>\n<p>Volte-face de Donald Trump<\/p>\n<p>Figures de la jet-set new-yorkaise, les deux hommes d\u2019affaires furent proches \u00e0 partir de la fin des ann\u00e9es 1980, jusqu\u2019\u00e0 leur brouille au d\u00e9but des ann\u00e9es 2000. C\u2019\u00e9tait avant que les poursuites ne soient lanc\u00e9es quelques ann\u00e9es plus tard contre le financier, accus\u00e9 d\u2019avoir organis\u00e9 un r\u00e9seau d\u2019exploitation sexuelle de jeunes filles mineures.<\/p>\n<p>Le pr\u00e9sident am\u00e9ricain, qui n\u2019a jamais \u00e9t\u00e9 accus\u00e9 par la justice dans cette affaire, s\u2019est oppos\u00e9 depuis des mois \u00e0 la proposition de loi de \u00ab\u00a0transparence dans le dossier Epstein\u00a0\u00bb.\u00a0Mais dimanche, alors qu\u2019il devenait \u00e9vident que le texte serait adopt\u00e9 sans encombre au Congr\u00e8s, Donald Trump a publiquement fait volte-face. La<a target=\"_self\" href=\"https:\/\/www.lanouvellerepublique.fr\/a-la-une\/le-congres-americain-vote-pour-forcer-les-autorites-a-publier-leurs-documents-sur-jeffrey-epstein-1763543378\" rel=\"noopener\"> proposition de loi a \u00e9t\u00e9 finalement adopt\u00e9e mardi \u00e0 427 voix pour et 1 contre \u00e0 la Chambre<\/a>, et le S\u00e9nat a utilis\u00e9 une proc\u00e9dure particuli\u00e8re pour l\u2019approuver sans d\u00e9bat et \u00e0 l\u2019unanimit\u00e9. En promulguant la loi, Donald Trump enclenche le compte \u00e0 rebours de 30 jours.<\/p>\n<p>Plus t\u00f4t, le chef de la minorit\u00e9 D\u00e9mocrate au S\u00e9nat, Chuck Schumer, avait mis en garde contre toute \u00ab\u00a0magouille de la part de Donald Trump\u00a0\u00bb, l\u2019appelant \u00ab\u00a0appliquer\u00a0\u00bb le texte une fois sign\u00e9. Le R\u00e9publicain a point\u00e9 du doigt l\u2019opposition. La semaine derni\u00e8re, il a ordonn\u00e9 \u00e0 sa ministre de la Justice, Pam Bondi, d\u2019ouvrir une enqu\u00eate sur la relation entre le financier et certaines personnalit\u00e9s d\u00e9mocrates, dont l\u2019ex-pr\u00e9sident Bill Clinton.<\/p>\n<p>\u00ab\u00a0Nouvelles informations\u00a0\u00bb<\/p>\n<p>Le minist\u00e8re de la Justice et la police f\u00e9d\u00e9rale (FBI) avaient pourtant annonc\u00e9 en juillet n\u2019avoir \u00ab\u00a0pas d\u00e9couvert de preuves sur lesquelles fonder une enqu\u00eate contre des personnes jusqu\u2019ici non poursuivies\u00a0\u00bb dans l\u2019affaire. Interrog\u00e9e par la presse sur le pourquoi de ces nouvelles enqu\u00eates, Pam Bondi a affirm\u00e9 mercredi qu\u2019elles \u00e9taient justifi\u00e9es par \u00ab\u00a0de nouvelles informations\u00a0\u00bb, sans pr\u00e9ciser lesquelles.<\/p>\n<p>La nouvelle loi adopt\u00e9e par le Congr\u00e8s autorise le minist\u00e8re de la Justice \u00e0 retenir ou caviarder les documents du dossier sous certaines conditions, notamment pour pr\u00e9server l\u2019intimit\u00e9 de victimes ou en raison d&rsquo;\u00ab\u00a0une enqu\u00eate ou de poursuites f\u00e9d\u00e9rales en cours\u00a0\u00bb.<\/p>\n<p>L\u2019\u00e9lu R\u00e9publicain Thomas Massie, l\u2019un des auteurs de la proposition de loi et fr\u00e9quent critique de Donald Trump, a dit craindre que ces enqu\u00eates ne soient \u00ab\u00a0un \u00e9cran de fum\u00e9e\u00a0\u00bb et une \u00ab\u00a0tentative de la derni\u00e8re chance pour emp\u00eacher la publication du dossier Epstein\u00a0\u00bb.<\/p>\n<p>Il a cependant soulign\u00e9 mercredi sur X que selon les termes de sa l\u00e9gislation, les autorit\u00e9s ne pourraient se r\u00e9fugier derri\u00e8re l\u2019excuse d\u2019une enqu\u00eate que de mani\u00e8re \u00ab\u00a0temporaire\u00a0\u00bb et restreinte. Pam Bondi a affirm\u00e9 de son c\u00f4t\u00e9 que ses services respecteraient la loi avec \u00ab\u00a0un maximum de transparence, tout en prot\u00e9geant les victimes\u00a0\u00bb.<\/p>\n","protected":false},"excerpt":{"rendered":"\u00ab\u00a0Je viens juste de signer la loi pour rendre public le dossier Epstein\u00a0!\u00a0\u00bb, a \u00e9crit Donald Trump dans&hellip;\n","protected":false},"author":2,"featured_media":546404,"comment_status":"","ping_status":"","sticky":false,"template":"","format":"standard","meta":{"footnotes":""},"categories":[1589],"tags":[328,11,75,73,1866,329,303,74,12,1864,1865,1863,308],"class_list":{"0":"post-546403","1":"post","2":"type-post","3":"status-publish","4":"format-standard","5":"has-post-thumbnail","7":"category-etats-unis","8":"tag-a-la-une","9":"tag-actualites","10":"tag-donald-trump","11":"tag-etats-unis","12":"tag-etats-unis-damerique","13":"tag-france-monde","14":"tag-justice","15":"tag-monde","16":"tag-news","17":"tag-united-states","18":"tag-united-states-of-america","19":"tag-us","20":"tag-usa"},"share_on_mastodon":{"url":"https:\/\/pubeurope.com\/@fr\/115580936128412917","error":""},"_links":{"self":[{"href":"https:\/\/www.europesays.com\/fr\/wp-json\/wp\/v2\/posts\/546403","targetHints":{"allow":["GET"]}}],"collection":[{"href":"https:\/\/www.europesays.com\/fr\/wp-json\/wp\/v2\/posts"}],"about":[{"href":"https:\/\/www.europesays.com\/fr\/wp-json\/wp\/v2\/types\/post"}],"author":[{"embeddable":true,"href":"https:\/\/www.europesays.com\/fr\/wp-json\/wp\/v2\/users\/2"}],"replies":[{"embeddable":true,"href":"https:\/\/www.europesays.com\/fr\/wp-json\/wp\/v2\/comments?post=546403"}],"version-history":[{"count":0,"href":"https:\/\/www.europesays.com\/fr\/wp-json\/wp\/v2\/posts\/546403\/revisions"}],"wp:featuredmedia":[{"embeddable":true,"href":"https:\/\/www.europesays.com\/fr\/wp-json\/wp\/v2\/media\/546404"}],"wp:attachment":[{"href":"https:\/\/www.europesays.com\/fr\/wp-json\/wp\/v2\/media?parent=546403"}],"wp:term":[{"taxonomy":"category","embeddable":true,"href":"https:\/\/www.europesays.com\/fr\/wp-json\/wp\/v2\/categories?post=546403"},{"taxonomy":"post_tag","embeddable":true,"href":"https:\/\/www.europesays.com\/fr\/wp-json\/wp\/v2\/tags?post=546403"}],"curies":[{"name":"wp","href":"https:\/\/api.w.org\/{rel}","templated":true}]}}