{"id":546405,"date":"2025-11-20T07:51:25","date_gmt":"2025-11-20T07:51:25","guid":{"rendered":"https:\/\/www.europesays.com\/fr\/546405\/"},"modified":"2025-11-20T07:51:25","modified_gmt":"2025-11-20T07:51:25","slug":"royaume-uni-lombre-de-trump-plane-sur-le-secteur-pharmaceutique","status":"publish","type":"post","link":"https:\/\/www.europesays.com\/fr\/546405\/","title":{"rendered":"Royaume-Uni: l\u2019ombre de Trump plane sur le secteur pharmaceutique"},"content":{"rendered":"<p>Un comit\u00e9 met le gouvernement britannique en garde\u00a0: il ne faut pas sacrifier les ambitions de sant\u00e9 publique aux sir\u00e8nes commerciales des Etats-Unis. Le signal d\u2019alarme a \u00e9t\u00e9 lanc\u00e9 par la d\u00e9put\u00e9e travailliste Chi Onwurah, pr\u00e9sidente du Comit\u00e9 parlementaire des sciences, de l\u2019innovation et de la technologie. Une enqu\u00eate men\u00e9e par ce groupe r\u00e9v\u00e8le un risque\u00a0: que \u00ab\u00a0les n\u00e9gociations commerciales avec les Etats-Unis priment sur les objectifs propres des ministres du secteur\u00a0\u00bb.<\/p>\n","protected":false},"excerpt":{"rendered":"Un comit\u00e9 met le gouvernement britannique en garde\u00a0: il ne faut pas sacrifier les ambitions de sant\u00e9 publique&hellip;\n","protected":false},"author":2,"featured_media":546406,"comment_status":"","ping_status":"","sticky":false,"template":"","format":"standard","meta":{"footnotes":""},"categories":[1588],"tags":[11,1777,674,12,473,1853,1851,1850,1852],"class_list":{"0":"post-546405","1":"post","2":"type-post","3":"status-publish","4":"format-standard","5":"has-post-thumbnail","7":"category-royaume-uni","8":"tag-actualites","9":"tag-eu","10":"tag-europe","11":"tag-news","12":"tag-royaume-uni","13":"tag-royaume-uni-de-grande-bretagne-et-dirlande-du-nord","14":"tag-uk","15":"tag-united-kingdom","16":"tag-united-kingdom-of-great-britain-and-northern-ireland"},"share_on_mastodon":{"url":"https:\/\/pubeurope.com\/@fr\/115580940072929637","error":""},"_links":{"self":[{"href":"https:\/\/www.europesays.com\/fr\/wp-json\/wp\/v2\/posts\/546405","targetHints":{"allow":["GET"]}}],"collection":[{"href":"https:\/\/www.europesays.com\/fr\/wp-json\/wp\/v2\/posts"}],"about":[{"href":"https:\/\/www.europesays.com\/fr\/wp-json\/wp\/v2\/types\/post"}],"author":[{"embeddable":true,"href":"https:\/\/www.europesays.com\/fr\/wp-json\/wp\/v2\/users\/2"}],"replies":[{"embeddable":true,"href":"https:\/\/www.europesays.com\/fr\/wp-json\/wp\/v2\/comments?post=546405"}],"version-history":[{"count":0,"href":"https:\/\/www.europesays.com\/fr\/wp-json\/wp\/v2\/posts\/546405\/revisions"}],"wp:featuredmedia":[{"embeddable":true,"href":"https:\/\/www.europesays.com\/fr\/wp-json\/wp\/v2\/media\/546406"}],"wp:attachment":[{"href":"https:\/\/www.europesays.com\/fr\/wp-json\/wp\/v2\/media?parent=546405"}],"wp:term":[{"taxonomy":"category","embeddable":true,"href":"https:\/\/www.europesays.com\/fr\/wp-json\/wp\/v2\/categories?post=546405"},{"taxonomy":"post_tag","embeddable":true,"href":"https:\/\/www.europesays.com\/fr\/wp-json\/wp\/v2\/tags?post=546405"}],"curies":[{"name":"wp","href":"https:\/\/api.w.org\/{rel}","templated":true}]}}