{"id":546407,"date":"2025-11-20T07:52:17","date_gmt":"2025-11-20T07:52:17","guid":{"rendered":"https:\/\/www.europesays.com\/fr\/546407\/"},"modified":"2025-11-20T07:52:17","modified_gmt":"2025-11-20T07:52:17","slug":"lallemagne-entend-renforcer-sa-cooperation-avec-singapour-sur-les-questions-de-chaines-dapprovisionnement","status":"publish","type":"post","link":"https:\/\/www.europesays.com\/fr\/546407\/","title":{"rendered":"L&rsquo;Allemagne entend renforcer sa coop\u00e9ration avec Singapour sur les questions de cha\u00eenes d&rsquo;approvisionnement"},"content":{"rendered":"<p>Singapour est pr\u00eate \u00e0 approfondir sa collaboration avec l&rsquo;Allemagne afin de relever ensemble les d\u00e9fis li\u00e9s aux cha\u00eenes d&rsquo;approvisionnement dans un nouveau contexte mondial, a d\u00e9clar\u00e9 jeudi le ministre allemand des Finances, Lars Klingbeil, \u00e0 l&rsquo;issue d&rsquo;entretiens avec des responsables de la cit\u00e9-\u00c9tat asiatique.<\/p>\n<p>Alors que les deux nations c\u00e9l\u00e8brent 60 ans de relations diplomatiques, M. Klingbeil a rencontr\u00e9 le pr\u00e9sident singapourien Tharman Shanmugaratnam, le Premier ministre Lawrence Wong, ainsi que le vice-Premier ministre et ministre du Commerce, Gan Kim Yong.<\/p>\n<p>\u00ab\u00a0Ils souhaitent diversifier leur positionnement, diversifier leurs cha\u00eenes d&rsquo;approvisionnement, sortir des d\u00e9pendances existantes. Il est apparu clairement lors des discussions qu&rsquo;ils recherchent un contact \u00e9troit avec l&rsquo;Allemagne\u00a0\u00bb, a-t-il d\u00e9clar\u00e9 devant la presse.<\/p>\n<p>Nation tourn\u00e9e vers l&rsquo;exportation, l&rsquo;Allemagne se trouve prise entre les lourds droits de douane impos\u00e9s par le pr\u00e9sident am\u00e9ricain Donald Trump, qui a boulevers\u00e9 le commerce mondial, et les restrictions \u00e0 l&rsquo;exportation d\u00e9cid\u00e9es par la Chine, cette derni\u00e8re affirmant \u00e9galement sa puissance.<\/p>\n<p>\u00ab\u00a0Nous faisons tout simplement face \u00e0 un monde qui se r\u00e9organise, et il est dans notre int\u00e9r\u00eat national de r\u00e9fl\u00e9chir avec quels \u00c9tats nous pouvons \u00e9largir nos partenariats\u00a0\u00bb, a ajout\u00e9 M. Klingbeil.<\/p>\n<p>Singapour, frapp\u00e9e par une taxe de 10 % impos\u00e9e par Washington, se pr\u00e9pare \u00e9galement \u00e0 d&rsquo;autres taxes sectorielles, notamment sur les exportations pharmaceutiques, annonc\u00e9es par Donald Trump en septembre, alors que ses exportations vers les \u00c9tats-Unis ont chut\u00e9 de 9,9 % sur un an apr\u00e8s une baisse de 29,1 % en ao\u00fbt.<\/p>\n<p>La visite de M. Klingbeil, qui faisait suite \u00e0 trois jours pass\u00e9s en Chine, a \u00e9galement \u00e9t\u00e9 marqu\u00e9e par sa participation \u00e0 une r\u00e9union organis\u00e9e par la Chambre de commerce et d&rsquo;industrie germano-singapourienne, o\u00f9 il a \u00e9chang\u00e9 avec des repr\u00e9sentants du secteur financier et des entreprises fintech.<\/p>\n<p><b>DE SINGAPOUR \u00c0 L&rsquo;AFRIQUE DU SUD POUR LE G20 <\/b><\/p>\n<p>Apr\u00e8s les \u00e9v\u00e9nements \u00e0 Singapour, Lars Klingbeil s&rsquo;envolera jeudi pour Johannesburg afin de participer au sommet du G20.<\/p>\n<p>Aucun repr\u00e9sentant du gouvernement am\u00e9ricain ne sera pr\u00e9sent au G20, le pr\u00e9sident Donald Trump ayant invoqu\u00e9 des \u00ab\u00a0violations des droits de l&rsquo;homme\u00a0\u00bb dans le pays.<\/p>\n<p>M. Klingbeil a exprim\u00e9 ses regrets quant \u00e0 l&rsquo;absence des Am\u00e9ricains.<\/p>\n<p>\u00ab\u00a0Mais je vous le dis aussi, de nombreux pays seront repr\u00e9sent\u00e9s l\u00e0-bas, qui sont int\u00e9ressants pour nous et avec lesquels nous devons engager le dialogue, notamment dans la perspective de nouer de nouveaux partenariats\u00a0\u00bb, a-t-il ajout\u00e9.<\/p>\n<p>(Reportage de Maria Martinez\u00a0; r\u00e9daction par Ludwig Burger et Clarence Fernandez)<\/p>\n<p><\/p>\n","protected":false},"excerpt":{"rendered":"Singapour est pr\u00eate \u00e0 approfondir sa collaboration avec l&rsquo;Allemagne afin de relever ensemble les d\u00e9fis li\u00e9s aux cha\u00eenes&hellip;\n","protected":false},"author":2,"featured_media":546408,"comment_status":"","ping_status":"","sticky":false,"template":"","format":"standard","meta":{"footnotes":""},"categories":[1587],"tags":[11,672,340,1804,1805,1803,1777,674,1801,12,1802],"class_list":{"0":"post-546407","1":"post","2":"type-post","3":"status-publish","4":"format-standard","5":"has-post-thumbnail","7":"category-allemagne","8":"tag-actualites","9":"tag-allemagne","10":"tag-bourse","11":"tag-bundesrepublik-deutschland","12":"tag-de","13":"tag-deutschland","14":"tag-eu","15":"tag-europe","16":"tag-germany","17":"tag-news","18":"tag-republique-federale-dallemagne"},"share_on_mastodon":{"url":"https:\/\/pubeurope.com\/@fr\/115580944014460696","error":""},"_links":{"self":[{"href":"https:\/\/www.europesays.com\/fr\/wp-json\/wp\/v2\/posts\/546407","targetHints":{"allow":["GET"]}}],"collection":[{"href":"https:\/\/www.europesays.com\/fr\/wp-json\/wp\/v2\/posts"}],"about":[{"href":"https:\/\/www.europesays.com\/fr\/wp-json\/wp\/v2\/types\/post"}],"author":[{"embeddable":true,"href":"https:\/\/www.europesays.com\/fr\/wp-json\/wp\/v2\/users\/2"}],"replies":[{"embeddable":true,"href":"https:\/\/www.europesays.com\/fr\/wp-json\/wp\/v2\/comments?post=546407"}],"version-history":[{"count":0,"href":"https:\/\/www.europesays.com\/fr\/wp-json\/wp\/v2\/posts\/546407\/revisions"}],"wp:featuredmedia":[{"embeddable":true,"href":"https:\/\/www.europesays.com\/fr\/wp-json\/wp\/v2\/media\/546408"}],"wp:attachment":[{"href":"https:\/\/www.europesays.com\/fr\/wp-json\/wp\/v2\/media?parent=546407"}],"wp:term":[{"taxonomy":"category","embeddable":true,"href":"https:\/\/www.europesays.com\/fr\/wp-json\/wp\/v2\/categories?post=546407"},{"taxonomy":"post_tag","embeddable":true,"href":"https:\/\/www.europesays.com\/fr\/wp-json\/wp\/v2\/tags?post=546407"}],"curies":[{"name":"wp","href":"https:\/\/api.w.org\/{rel}","templated":true}]}}