{"id":546411,"date":"2025-11-20T07:54:16","date_gmt":"2025-11-20T07:54:16","guid":{"rendered":"https:\/\/www.europesays.com\/fr\/546411\/"},"modified":"2025-11-20T07:54:16","modified_gmt":"2025-11-20T07:54:16","slug":"halloween-a-eu-du-succes-au-village","status":"publish","type":"post","link":"https:\/\/www.europesays.com\/fr\/546411\/","title":{"rendered":"Halloween a eu du succ\u00e8s au village"},"content":{"rendered":"<p>D\u00e8s le vendredi 31 octobre, Bazet a connu nombre de d\u00e9ambulations d\u2019enfants, d\u2019ados et m\u00eame d\u2019adultes dans les rues du village. Toutes et tous mieux grim\u00e9s les unes que les autres ! Sorci\u00e8res, squelettes, zombies, vampires ou autres cr\u00e9atures diverses dont le but \u00e9tait d\u2019effrayer la population baz\u00e9toise en r\u00e9clamant des bonbons \u00e0 tout va. Et bien entendu une fois le pactole obtenu il ne fallait surtout pas oublier, avec un petit rappel des parents, le mot magique : meric !<\/p>\n<p>Puis le lendemain au foyer de Bazet l\u2019Association des Parents d\u2019El\u00e8ves de l\u2019Ecole Maternelle Paul Fort, \u00ab\u00a0Pitchoun\u2019s Baz\u00e9tois\u00a0\u00bb organisait pour la premi\u00e8re fois la f\u00eate d\u2019Halloween.<\/p>\n<p>La salle avait \u00e9t\u00e9 pr\u00e9alablement d\u00e9cor\u00e9e gr\u00e2ce aux d\u00e9corations fournies par les familles, le centre de loisirs (d\u00e9cos fabriqu\u00e9es par les enfants pendant les vacances scolaires) et l\u2019association qui en avait \u00e9galement achet\u00e9es. Vu le nombre de participantes et de participants (Plus de 60 bambins) l\u2019on peut affirmer que ce fut un succ\u00e8s. Cette animation s\u2019est tr\u00e8s bien d\u00e9roul\u00e9e dans une ambiance bon enfant.<\/p>\n<p>A l\u2019int\u00e9rieur du foyer sept espaces de jeux sur le th\u00e8me d\u2019Halloween (potions magiques, course de balais, etc..) avaient \u00e9t\u00e9 install\u00e9s ainsi qu\u2019un stand photos sur le th\u00e8me d\u2019Halloween tenu par Taina Dexter (une maman de l\u2019\u00e9cole qui a un studio photos sur Tarbes). <\/p>\n<p>L\u2019association des parents d\u2019\u00e9l\u00e8ves a offert le go\u00fbter aux enfants et organis\u00e9 un concours de d\u00e9guisement avec trois lots offerts aux trois gagnants. Ont \u00e9t\u00e9 r\u00e9compens\u00e9s : le plus dr\u00f4le (le joker), le plus mignon (Mercredi de la famille Addams) et le plus effrayant (l\u2019araign\u00e9e). La buvette avec vente de cr\u00eapes et de g\u00e2teaux a eu du succ\u00e8s ainsi que le stand de barbe \u00e0 papa. <\/p>\n<p>En fin de journ\u00e9e, celles et ceux qui avaient encore de l\u2019\u00e9nergie sont partis \u00e0 la chasse aux bonbons dans le village. Les enfants et leurs accompagnateurs ont pass\u00e9, un superbe apr\u00e8s-midi ! Cette animation sera certainement p\u00e9rennis\u00e9e tant la r\u00e9ussite a \u00e9t\u00e9 reconnue par toutes les participantes et tous les participants.<\/p>\n","protected":false},"excerpt":{"rendered":"D\u00e8s le vendredi 31 octobre, Bazet a connu nombre de d\u00e9ambulations d\u2019enfants, d\u2019ados et m\u00eame d\u2019adultes dans les&hellip;\n","protected":false},"author":2,"featured_media":546412,"comment_status":"","ping_status":"","sticky":false,"template":"","format":"standard","meta":{"footnotes":""},"categories":[1586],"tags":[11,1777,674,1779,1011,27,12,25,1778,364],"class_list":{"0":"post-546411","1":"post","2":"type-post","3":"status-publish","4":"format-standard","5":"has-post-thumbnail","7":"category-europe","8":"tag-actualites","9":"tag-eu","10":"tag-europe","11":"tag-european-union","12":"tag-fr","13":"tag-france","14":"tag-news","15":"tag-republique-francaise","16":"tag-ue","17":"tag-union-europeenne"},"share_on_mastodon":{"url":"https:\/\/pubeurope.com\/@fr\/115580952077253906","error":""},"_links":{"self":[{"href":"https:\/\/www.europesays.com\/fr\/wp-json\/wp\/v2\/posts\/546411","targetHints":{"allow":["GET"]}}],"collection":[{"href":"https:\/\/www.europesays.com\/fr\/wp-json\/wp\/v2\/posts"}],"about":[{"href":"https:\/\/www.europesays.com\/fr\/wp-json\/wp\/v2\/types\/post"}],"author":[{"embeddable":true,"href":"https:\/\/www.europesays.com\/fr\/wp-json\/wp\/v2\/users\/2"}],"replies":[{"embeddable":true,"href":"https:\/\/www.europesays.com\/fr\/wp-json\/wp\/v2\/comments?post=546411"}],"version-history":[{"count":0,"href":"https:\/\/www.europesays.com\/fr\/wp-json\/wp\/v2\/posts\/546411\/revisions"}],"wp:featuredmedia":[{"embeddable":true,"href":"https:\/\/www.europesays.com\/fr\/wp-json\/wp\/v2\/media\/546412"}],"wp:attachment":[{"href":"https:\/\/www.europesays.com\/fr\/wp-json\/wp\/v2\/media?parent=546411"}],"wp:term":[{"taxonomy":"category","embeddable":true,"href":"https:\/\/www.europesays.com\/fr\/wp-json\/wp\/v2\/categories?post=546411"},{"taxonomy":"post_tag","embeddable":true,"href":"https:\/\/www.europesays.com\/fr\/wp-json\/wp\/v2\/tags?post=546411"}],"curies":[{"name":"wp","href":"https:\/\/api.w.org\/{rel}","templated":true}]}}