{"id":546413,"date":"2025-11-20T07:55:12","date_gmt":"2025-11-20T07:55:12","guid":{"rendered":"https:\/\/www.europesays.com\/fr\/546413\/"},"modified":"2025-11-20T07:55:12","modified_gmt":"2025-11-20T07:55:12","slug":"enquete-sur-pascal-praud-le-vrp-zele-de-lunion-entre-la-droite-et-lextreme-droite-liberation","status":"publish","type":"post","link":"https:\/\/www.europesays.com\/fr\/546413\/","title":{"rendered":"Enqu\u00eate sur Pascal Praud, le VRP z\u00e9l\u00e9 de l\u2019union entre la droite et l\u2019extr\u00eame droite \u2013 Lib\u00e9ration"},"content":{"rendered":"<p class=\"sc-cPiKLX AiZTS text-element\">Le SMS \u00e0 peine envoy\u00e9, Pascal Praud rappelle illico. Le num\u00e9ro peut commencer. \u00abNon, mais s\u00e9rieusement\u2026\u00bb s\u2019offusque, th\u00e9\u00e2tral, l\u2019animateur de CNews qui fait mine de r\u00e2ler : encore une demande d\u2019entretien ? Encore lui, pourquoi lui ? C\u2019est vrai \u00e7a, pourquoi s\u2019int\u00e9resser encore \u00e0 lui ?<\/p>\n<p class=\"sc-cPiKLX AiZTS text-element\">Peut-\u00eatre bien parce qu\u2019il est la t\u00eate d\u2019affiche de CNews, <a href=\"https:\/\/www.liberation.fr\/economie\/medias\/comment-cnews-sest-hissee-au-sommet-des-audiences-enquete-sur-le-megaphone-de-lextreme-droite-20240603_VXEE52CXDZDBXFIESDCMNBWFIY\/?redirected=1\" target=\"_blank\" rel=\"noreferrer noopener\" title=\"https:\/\/www.liberation.fr\/economie\/medias\/comment-cnews-sest-hissee-au-sommet-des-audiences-enquete-sur-le-megaphone-de-lextreme-droite-20240603_VXEE52CXDZDBXFIESDCMNBWFIY\/?redirected=1\">qui affiche d\u2019insolents records d\u2019audience<\/a>, d\u00e9sormais cinqui\u00e8me cha\u00eene la plus regard\u00e9e de la t\u00e9l\u00e9vision fran\u00e7aise ? Son \u00e9mission quotidienne, l\u2019Heure des pros, est m\u00eame la seule \u00e0 \u00eatre leader sur sa tranche entre 9 heures et 10h30, devant TF1, France 2, et toutes les autres. Le voil\u00e0 qui joue la vedette d\u00e9pass\u00e9e par le succ\u00e8s : \u00ab23 % d\u2019audience encore hier, c\u2019est trop\u2026 Avant j\u2019\u00e9tais tranquille, je parlais de foot. Maintenant, mes filles me voient partout\u2026\u00bb<\/p>\n<p class=\"sc-cPiKLX AiZTS text-element\">A l\u2019Elys\u00e9e, on juge d\u00e9sormais que <a href=\"https:\/\/www.liberation.fr\/economie\/medias\/les-medias-bollore-plateforme-de-lunion-des-droites-20240615_ROPJPEBMLBBMFLX36YHV5OEETY\/\" target=\"_blank\" rel=\"noreferrer noopener\" title=\"https:\/\/www.liberation.fr\/econom&lt;\/p&gt;&lt;\/div&gt;&lt;\/article&gt;&lt;\/div&gt;&lt;div data-fusion-lazy-id=\" f0f8vgvlad832fw=\"\"><\/p>\n","protected":false},"excerpt":{"rendered":"Le SMS \u00e0 peine envoy\u00e9, Pascal Praud rappelle illico. Le num\u00e9ro peut commencer. \u00abNon, mais s\u00e9rieusement\u2026\u00bb s\u2019offusque, th\u00e9\u00e2tral,&hellip;\n","protected":false},"author":2,"featured_media":546414,"comment_status":"","ping_status":"","sticky":false,"template":"","format":"standard","meta":{"footnotes":""},"categories":[2],"tags":[11,9722,1011,27,3228,12,10160,10838,25,2848,1022],"class_list":{"0":"post-546413","1":"post","2":"type-post","3":"status-publish","4":"format-standard","5":"has-post-thumbnail","7":"category-actualites","8":"tag-actualites","9":"tag-cnews","10":"tag-fr","11":"tag-france","12":"tag-lr","13":"tag-news","14":"tag-pascal-praud","15":"tag-reconquete","16":"tag-republique-francaise","17":"tag-rn","18":"tag-vincent-bollore"},"share_on_mastodon":{"url":"https:\/\/pubeurope.com\/@fr\/115580955834077600","error":""},"_links":{"self":[{"href":"https:\/\/www.europesays.com\/fr\/wp-json\/wp\/v2\/posts\/546413","targetHints":{"allow":["GET"]}}],"collection":[{"href":"https:\/\/www.europesays.com\/fr\/wp-json\/wp\/v2\/posts"}],"about":[{"href":"https:\/\/www.europesays.com\/fr\/wp-json\/wp\/v2\/types\/post"}],"author":[{"embeddable":true,"href":"https:\/\/www.europesays.com\/fr\/wp-json\/wp\/v2\/users\/2"}],"replies":[{"embeddable":true,"href":"https:\/\/www.europesays.com\/fr\/wp-json\/wp\/v2\/comments?post=546413"}],"version-history":[{"count":0,"href":"https:\/\/www.europesays.com\/fr\/wp-json\/wp\/v2\/posts\/546413\/revisions"}],"wp:featuredmedia":[{"embeddable":true,"href":"https:\/\/www.europesays.com\/fr\/wp-json\/wp\/v2\/media\/546414"}],"wp:attachment":[{"href":"https:\/\/www.europesays.com\/fr\/wp-json\/wp\/v2\/media?parent=546413"}],"wp:term":[{"taxonomy":"category","embeddable":true,"href":"https:\/\/www.europesays.com\/fr\/wp-json\/wp\/v2\/categories?post=546413"},{"taxonomy":"post_tag","embeddable":true,"href":"https:\/\/www.europesays.com\/fr\/wp-json\/wp\/v2\/tags?post=546413"}],"curies":[{"name":"wp","href":"https:\/\/api.w.org\/{rel}","templated":true}]}}